{"id":985,"date":"2026-05-22T15:10:56","date_gmt":"2026-05-22T15:10:56","guid":{"rendered":"https:\/\/gundem59.com.tr\/?p=985"},"modified":"2026-05-22T15:10:57","modified_gmt":"2026-05-22T15:10:57","slug":"buyuksehirden-7-24-acil-saglik-destegi","status":"publish","type":"post","link":"https:\/\/gundem59.com.tr\/?p=985","title":{"rendered":"B\u00dcY\u00dcK\u015eEH\u0130R&#8217;DEN 7\/24 AC\u0130L SA\u011eLIK DESTE\u011e\u0130"},"content":{"rendered":"\n<p class=\"wp-block-paragraph\">Tekirda\u011f B\u00fcy\u00fck\u015fehir Belediyesi, sa\u011fl\u0131k alan\u0131ndaki hizmetlerine bir yenisini daha ekleyerek Sa\u011fl\u0131k ve Sosyal Hizmetler Dairesi Ba\u015fkanl\u0131\u011f\u0131 Sa\u011fl\u0131k \u0130\u015fleri \u015eube M\u00fcd\u00fcrl\u00fc\u011f\u00fc b\u00fcnyesinde iki adet k\u0131rm\u0131z\u0131 \u015feritli Acil M\u00fcdahale Ambulans\u0131n\u0131 hizmete ald\u0131.<\/p>\n\n\n\n<p class=\"wp-block-paragraph\">Tekirda\u011f \u0130l Sa\u011fl\u0131k M\u00fcd\u00fcrl\u00fc\u011f\u00fc koordinasyonunda g\u00f6rev yapan ambulanslar, 112 Acil Yard\u0131m Hatt\u0131 \u00fczerinden gelen acil \u00e7a\u011fr\u0131larda ve Tekirda\u011f B\u00fcy\u00fck\u015fehir Belediyesi taraf\u0131ndan d\u00fczenlenen etkinliklerde sa\u011fl\u0131k tedbiri amac\u0131yla kullan\u0131lacak.<\/p>\n\n\n\n<p class=\"wp-block-paragraph\">\u00d6zellikle yata\u011fa ba\u011f\u0131ml\u0131, hareket kabiliyeti k\u0131s\u0131tl\u0131 ve hastaneye ula\u015fmakta g\u00fc\u00e7l\u00fck ya\u015fayan vatanda\u015flar\u0131n acil durumlarda sa\u011fl\u0131k hizmetine eri\u015fimini kolayla\u015ft\u0131racak ambulanslar, 112 Acil Yard\u0131m Hatt\u0131 \u00fczerinden yap\u0131lacak y\u00f6nlendirmeler do\u011frultusunda g\u00f6rev alacak.<\/p>\n\n\n\n<p class=\"wp-block-paragraph\"><strong>SA\u011eLIKTA HIZLI M\u00dcDAHALE, G\u00dcVENL\u0130 H\u0130ZMET<\/strong><\/p>\n\n\n\n<p class=\"wp-block-paragraph\">Tekirda\u011f B\u00fcy\u00fck\u015fehir Belediye Ba\u015fkan\u0131 Dr. Candan Y\u00fcceer, vatanda\u015flar\u0131n sa\u011fl\u0131k hizmetlerine h\u0131zl\u0131 ve g\u00fcvenli \u015fekilde ula\u015fmas\u0131n\u0131n \u00f6ncelikleri aras\u0131nda yer ald\u0131\u011f\u0131n\u0131 belirterek \u015fu ifadeleri kulland\u0131:<\/p>\n\n\n\n<p class=\"wp-block-paragraph\">\u201cK\u0131rm\u0131z\u0131 \u015feritli Acil M\u00fcdahale Ambulanslar\u0131m\u0131z B\u00fcy\u00fck\u015fehir Belediyemizin filosundaki yerini ald\u0131. Hem\u015fehrilerimize olay an\u0131nda h\u0131zl\u0131, etkin ve kesintisiz sa\u011fl\u0131k hizmeti sunuyoruz. Acil durumlarda zamanla yar\u0131\u015f\u0131ld\u0131\u011f\u0131n\u0131n bilinciyle, tam donan\u0131ml\u0131 ambulanslar\u0131m\u0131z ve uzman ekiplerimizle 7\/24 g\u00f6rev ba\u015f\u0131nday\u0131z. Vatanda\u015flar\u0131m\u0131z\u0131n sa\u011fl\u0131\u011f\u0131 ve g\u00fcvenli\u011fi i\u00e7in \u00e7al\u0131\u015fmalar\u0131m\u0131z\u0131 kararl\u0131l\u0131kla s\u00fcrd\u00fcrmeye, sa\u011fl\u0131kta h\u0131zl\u0131 m\u00fcdahale ve g\u00fcvenli hizmet anlay\u0131\u015f\u0131yla hem\u015fehrilerimizin yan\u0131nda olmaya devam edece\u011fiz.\u201d<\/p>\n","protected":false},"excerpt":{"rendered":"<p>Tekirda\u011f B\u00fcy\u00fck\u015fehir Belediyesi, sa\u011fl\u0131k alan\u0131ndaki hizmetlerine bir yenisini daha ekleyerek Sa\u011fl\u0131k ve Sosyal Hizmetler Dairesi&#8230;<\/p>\n","protected":false},"author":1,"featured_media":986,"comment_status":"closed","ping_status":"closed","sticky":false,"template":"","format":"standard","meta":{"footnotes":""},"categories":[1],"tags":[],"ppma_author":[57],"class_list":["post-985","post","type-post","status-publish","format-standard","has-post-thumbnail","hentry","category-tekirdag-gundemi"],"authors":[{"term_id":57,"user_id":1,"is_guest":0,"slug":"admin","display_name":"Alp Aslan","avatar_url":"https:\/\/secure.gravatar.com\/avatar\/07c18c5ad3350b025db8f3328450e071acb435c703e565899c880c63362f137a?s=96&d=mm&r=g","author_category":"1","first_name":"Alp Aslan","last_name":"ER\u0130N","user_url":"http:\/\/www.gundem59.com.tr","job_title":"","description":""}],"_links":{"self":[{"href":"https:\/\/gundem59.com.tr\/index.php?rest_route=\/wp\/v2\/posts\/985","targetHints":{"allow":["GET"]}}],"collection":[{"href":"https:\/\/gundem59.com.tr\/index.php?rest_route=\/wp\/v2\/posts"}],"about":[{"href":"https:\/\/gundem59.com.tr\/index.php?rest_route=\/wp\/v2\/types\/post"}],"author":[{"embeddable":true,"href":"https:\/\/gundem59.com.tr\/index.php?rest_route=\/wp\/v2\/users\/1"}],"replies":[{"embeddable":true,"href":"https:\/\/gundem59.com.tr\/index.php?rest_route=%2Fwp%2Fv2%2Fcomments&post=985"}],"version-history":[{"count":1,"href":"https:\/\/gundem59.com.tr\/index.php?rest_route=\/wp\/v2\/posts\/985\/revisions"}],"predecessor-version":[{"id":987,"href":"https:\/\/gundem59.com.tr\/index.php?rest_route=\/wp\/v2\/posts\/985\/revisions\/987"}],"wp:featuredmedia":[{"embeddable":true,"href":"https:\/\/gundem59.com.tr\/index.php?rest_route=\/wp\/v2\/media\/986"}],"wp:attachment":[{"href":"https:\/\/gundem59.com.tr\/index.php?rest_route=%2Fwp%2Fv2%2Fmedia&parent=985"}],"wp:term":[{"taxonomy":"category","embeddable":true,"href":"https:\/\/gundem59.com.tr\/index.php?rest_route=%2Fwp%2Fv2%2Fcategories&post=985"},{"taxonomy":"post_tag","embeddable":true,"href":"https:\/\/gundem59.com.tr\/index.php?rest_route=%2Fwp%2Fv2%2Ftags&post=985"},{"taxonomy":"author","embeddable":true,"href":"https:\/\/gundem59.com.tr\/index.php?rest_route=%2Fwp%2Fv2%2Fppma_author&post=985"}],"curies":[{"name":"wp","href":"https:\/\/api.w.org\/{rel}","templated":true}]}}