{"id":982,"date":"2026-05-22T15:06:03","date_gmt":"2026-05-22T15:06:03","guid":{"rendered":"https:\/\/gundem59.com.tr\/?p=982"},"modified":"2026-05-22T15:06:04","modified_gmt":"2026-05-22T15:06:04","slug":"kadinlar-konusuyor-tekirdag-gucleniyor","status":"publish","type":"post","link":"https:\/\/gundem59.com.tr\/?p=982","title":{"rendered":"KADINLAR KONU\u015eUYOR TEK\u0130RDA\u011e G\u00dc\u00c7LEN\u0130YOR"},"content":{"rendered":"\n<p class=\"wp-block-paragraph\">Tekirda\u011f B\u00fcy\u00fck\u015fehir Belediyesi, Kad\u0131n Dostu Kentler Projesi kapsam\u0131nda kad\u0131nlar\u0131n yerel y\u00f6netim s\u00fcre\u00e7lerine kat\u0131l\u0131m\u0131n\u0131 g\u00fc\u00e7lendirecek \u00f6nemli bir \u00e7al\u0131\u015fmay\u0131 hayata ge\u00e7irdi. \u201cMahalle Senin, S\u00f6z Senin\u201d slogan\u0131yla ba\u015flat\u0131lan Kad\u0131n Mahalle Meclisleri bulu\u015fmalar\u0131yla kad\u0131nlar, mahallelerine ili\u015fkin ihtiya\u00e7, talep ve sorunlar\u0131 do\u011frudan yerel y\u00f6netimlere aktarma f\u0131rsat\u0131 buluyorlar.<\/p>\n\n\n\n<p class=\"wp-block-paragraph\"><strong>KADIN MECL\u0130SLER\u0130 \u00c7ORLU\u2019DA BA\u015eLADI<\/strong><\/p>\n\n\n\n<p class=\"wp-block-paragraph\">Tekirda\u011f B\u00fcy\u00fck\u015fehir Belediyesi Sa\u011fl\u0131k ve Sosyal Hizmetler Dairesi Ba\u015fkanl\u0131\u011f\u0131 koordinasyonunda y\u00fcr\u00fct\u00fclen Kad\u0131n Mahalle Meclisleri \u00e7al\u0131\u015fmalar\u0131 kapsam\u0131nda, \u00c7orlu\u2019da Hatip Mahallesi, Muhittin Mahallesi ve Esentepe Mahallesi\u2019nde bulu\u015fmalar ger\u00e7ekle\u015ftirildi.<\/p>\n\n\n\n<p class=\"wp-block-paragraph\"><strong>11 \u0130L\u00c7EDE B\u0130R ARAYA GELECEKLER<\/strong><\/p>\n\n\n\n<p class=\"wp-block-paragraph\">\u00c7al\u0131\u015fmalar kapsam\u0131nda 11 il\u00e7ede kad\u0131nlarla bir araya gelinerek mahallelerin ihtiya\u00e7lar\u0131n\u0131n kad\u0131nlar\u0131n g\u00f6z\u00fcnden de\u011ferlendirilmesi hedefleniyor. Ger\u00e7ekle\u015ftirilen bulu\u015fmalarda kad\u0131nlar\u0131n g\u00fcndelik ya\u015fam deneyimleri, kar\u015f\u0131la\u015ft\u0131klar\u0131 sorunlar ve mahallelerine ili\u015fkin beklentileri do\u011frudan dinlenirken, kad\u0131nlar\u0131n \u00e7\u00f6z\u00fcm s\u00fcre\u00e7lerinin de bir par\u00e7as\u0131 haline gelmesi ama\u00e7lan\u0131yor.<\/p>\n\n\n\n<p class=\"wp-block-paragraph\"><strong>TALEPLER\u0130N\u0130 DO\u011eRUDAN \u0130LET\u0130YORLAR<\/strong><\/p>\n\n\n\n<p class=\"wp-block-paragraph\">Kad\u0131n Mahalle Meclisleri bulu\u015fmas\u0131nda B\u00fcy\u00fck\u015fehir Belediyesi ve \u00c7orlu Belediyesi meclis \u00fcyeleri, mahalle muhtarlar\u0131 ile B\u00fcy\u00fck\u015fehir Belediyesi Sa\u011fl\u0131k ve Sosyal Hizmetler Dairesi Ba\u015fkan\u0131 Sultan Ate\u015fo\u011flu kat\u0131ld\u0131. Programlarda kad\u0131nlar, mahallelerinde ya\u015fad\u0131klar\u0131 sorunlar\u0131 yerel y\u00f6neticilere birebir aktarma imk\u00e2n\u0131 bulurken, \u00e7\u00f6z\u00fcm s\u00fcre\u00e7lerinin de takip\u00e7isi olabilecekler.<\/p>\n\n\n\n<p class=\"wp-block-paragraph\"><strong>G\u00d6R\u00dc\u015e VE \u00d6NER\u0130LER\u0130 D\u0130NLEND\u0130<\/strong><\/p>\n\n\n\n<p class=\"wp-block-paragraph\">Kad\u0131n Mahalle Meclisleri kapsam\u0131nda ilk bulu\u015fma \u00c7orlu Hatip Mahallesi\u2019nde ger\u00e7ekle\u015ftirildi. Ard\u0131ndan Muhittin Mahallesi ve Esentepe Mahallesi\u2019nde kad\u0131nlarla bir araya gelindi. Kad\u0131n ve Aile Hizmetleri \u015eube M\u00fcd\u00fcrl\u00fc\u011f\u00fc\u2019nde g\u00f6revli Psikolog R\u00fcmeysa G\u00fcng\u00f6r ve Sosyolog Selinay Demirhan\u00f6z\u2019\u00fcn bilgilendirmeleriyle ba\u015flayan toplant\u0131larda kad\u0131nlar\u0131n mahallelerine dair g\u00f6r\u00fc\u015f ve \u00f6nerileri dinlendi.<\/p>\n\n\n\n<p class=\"wp-block-paragraph\"><strong>KARAR ALMA S\u00dcRE\u00c7LER\u0130NE AKT\u0130F KATILIM<\/strong><\/p>\n\n\n\n<p class=\"wp-block-paragraph\">B\u00fcy\u00fck\u015fehir Belediyesi taraf\u0131ndan y\u00fcr\u00fct\u00fclen \u00e7al\u0131\u015fma ile kad\u0131nlar\u0131n ihtiya\u00e7, talep ve \u00f6nceliklerinin do\u011frudan kendilerinden dinlenmesi, yerel hizmetlerin bu do\u011frultuda geli\u015ftirilmesi ve kad\u0131nlar\u0131n karar alma s\u00fcre\u00e7lerine daha aktif kat\u0131l\u0131m sa\u011flamas\u0131 ama\u00e7lan\u0131yor.<\/p>\n\n\n\n<p class=\"wp-block-paragraph\"><strong>YEREL E\u015e\u0130TL\u0130K EYLEM PLANI\u2019NA VER\u0130 SA\u011eLAYACAK<\/strong><\/p>\n\n\n\n<p class=\"wp-block-paragraph\">Kad\u0131n Mahalle Meclisleri bulu\u015fmalar\u0131yla kad\u0131nlar\u0131n deneyimlerinin yerinde tespit edilmesiyle birlikte, Yerel E\u015fitlik Eylem Plan\u0131 \u00e7al\u0131\u015fmalar\u0131na veri olu\u015fturulmas\u0131 ve sorunlar\u0131n daha k\u0131sa s\u00fcrede \u00e7\u00f6z\u00fcme kavu\u015fturulmas\u0131 hedefleniyor. Programlarda ayr\u0131ca t\u00fcm siyasi ve mesleki kimliklerin \u00f6tesinde, kad\u0131nlar\u0131n bir araya gelerek samimi ve g\u00fcvene dayal\u0131 bir ileti\u015fim ortam\u0131 olu\u015fturmas\u0131n\u0131n \u00f6nemine dikkat \u00e7ekiliyor.<\/p>\n","protected":false},"excerpt":{"rendered":"<p>Tekirda\u011f B\u00fcy\u00fck\u015fehir Belediyesi, Kad\u0131n Dostu Kentler Projesi kapsam\u0131nda kad\u0131nlar\u0131n yerel y\u00f6netim s\u00fcre\u00e7lerine kat\u0131l\u0131m\u0131n\u0131 g\u00fc\u00e7lendirecek \u00f6nemli&#8230;<\/p>\n","protected":false},"author":1,"featured_media":983,"comment_status":"closed","ping_status":"closed","sticky":false,"template":"","format":"standard","meta":{"footnotes":""},"categories":[1],"tags":[],"ppma_author":[57],"class_list":["post-982","post","type-post","status-publish","format-standard","has-post-thumbnail","hentry","category-tekirdag-gundemi"],"authors":[{"term_id":57,"user_id":1,"is_guest":0,"slug":"admin","display_name":"Alp Aslan","avatar_url":"https:\/\/secure.gravatar.com\/avatar\/07c18c5ad3350b025db8f3328450e071acb435c703e565899c880c63362f137a?s=96&d=mm&r=g","author_category":"1","first_name":"Alp Aslan","last_name":"ER\u0130N","user_url":"http:\/\/www.gundem59.com.tr","job_title":"","description":""}],"_links":{"self":[{"href":"https:\/\/gundem59.com.tr\/index.php?rest_route=\/wp\/v2\/posts\/982","targetHints":{"allow":["GET"]}}],"collection":[{"href":"https:\/\/gundem59.com.tr\/index.php?rest_route=\/wp\/v2\/posts"}],"about":[{"href":"https:\/\/gundem59.com.tr\/index.php?rest_route=\/wp\/v2\/types\/post"}],"author":[{"embeddable":true,"href":"https:\/\/gundem59.com.tr\/index.php?rest_route=\/wp\/v2\/users\/1"}],"replies":[{"embeddable":true,"href":"https:\/\/gundem59.com.tr\/index.php?rest_route=%2Fwp%2Fv2%2Fcomments&post=982"}],"version-history":[{"count":1,"href":"https:\/\/gundem59.com.tr\/index.php?rest_route=\/wp\/v2\/posts\/982\/revisions"}],"predecessor-version":[{"id":984,"href":"https:\/\/gundem59.com.tr\/index.php?rest_route=\/wp\/v2\/posts\/982\/revisions\/984"}],"wp:featuredmedia":[{"embeddable":true,"href":"https:\/\/gundem59.com.tr\/index.php?rest_route=\/wp\/v2\/media\/983"}],"wp:attachment":[{"href":"https:\/\/gundem59.com.tr\/index.php?rest_route=%2Fwp%2Fv2%2Fmedia&parent=982"}],"wp:term":[{"taxonomy":"category","embeddable":true,"href":"https:\/\/gundem59.com.tr\/index.php?rest_route=%2Fwp%2Fv2%2Fcategories&post=982"},{"taxonomy":"post_tag","embeddable":true,"href":"https:\/\/gundem59.com.tr\/index.php?rest_route=%2Fwp%2Fv2%2Ftags&post=982"},{"taxonomy":"author","embeddable":true,"href":"https:\/\/gundem59.com.tr\/index.php?rest_route=%2Fwp%2Fv2%2Fppma_author&post=982"}],"curies":[{"name":"wp","href":"https:\/\/api.w.org\/{rel}","templated":true}]}}