{"id":979,"date":"2026-05-22T15:01:25","date_gmt":"2026-05-22T15:01:25","guid":{"rendered":"https:\/\/gundem59.com.tr\/?p=979"},"modified":"2026-05-22T15:01:25","modified_gmt":"2026-05-22T15:01:25","slug":"cerkezkoyde-kadinlara-ozel-saglik-ve-beslenme-bulusmasi","status":"publish","type":"post","link":"https:\/\/gundem59.com.tr\/?p=979","title":{"rendered":"\u00c7ERKEZK\u00d6Y&#8217;DE KADINLARA \u00d6ZEL SA\u011eLIK VE BESLENME BULU\u015eMASI"},"content":{"rendered":"\n<p class=\"wp-block-paragraph\">Tekirda\u011f B\u00fcy\u00fck\u015fehir Belediyesi Sa\u011fl\u0131k ve Sosyal Hizmetler Dairesi Ba\u015fkanl\u0131\u011f\u0131na ba\u011fl\u0131 \u00c7erkezk\u00f6y Kad\u0131n Dan\u0131\u015fma Merkezi, anlaml\u0131 bir etkinli\u011fe ev sahipli\u011fi yapt\u0131. &#8220;28 May\u0131s Uluslararas\u0131 Kad\u0131n Sa\u011fl\u0131\u011f\u0131 Hareketi G\u00fcn\u00fc&#8221; kapsam\u0131nda d\u00fczenlenen programda, kad\u0131n sa\u011fl\u0131\u011f\u0131 ve sa\u011fl\u0131kl\u0131 beslenme konular\u0131nda kapsaml\u0131 bilgilendirmeler yap\u0131ld\u0131.<\/p>\n\n\n\n<p class=\"wp-block-paragraph\">\u00c7erkezk\u00f6y Kad\u0131n Dan\u0131\u015fma Merkezi b\u00fcnyesinde bir araya gelen kad\u0131nlar\u0131n kat\u0131l\u0131m\u0131yla d\u00fczenlenen program, \u00e7ay ve kahve e\u015fli\u011finde, samimi bir sohbet ortam\u0131nda ger\u00e7ekle\u015ftirildi. Kad\u0131n sa\u011fl\u0131\u011f\u0131n\u0131n ve do\u011fru beslenme al\u0131\u015fkanl\u0131klar\u0131n\u0131n masaya yat\u0131r\u0131ld\u0131\u011f\u0131 etkinli\u011fe, Beslenme Uzman\u0131 Diyetisyen \u0130rem Ara\u00e7, konu\u015fmac\u0131 olarak kat\u0131larak bilgi ve deneyimlerini payla\u015ft\u0131.<\/p>\n\n\n\n<p class=\"wp-block-paragraph\"><strong>KADIN SA\u011eLI\u011eINDA DO\u011eRU BESLENMEN\u0130N \u00d6NEM\u0130 VURGULANDI<\/strong><\/p>\n\n\n\n<p class=\"wp-block-paragraph\">Program kapsam\u0131nda, kad\u0131n bedeninin ya\u015f d\u00f6nemlerine g\u00f6re de\u011fi\u015fkenlik g\u00f6steren ihtiya\u00e7lar\u0131, metabolizma h\u0131z\u0131, beslenmede do\u011fru bilinen yanl\u0131\u015flar ve s\u00fcrd\u00fcr\u00fclebilir sa\u011fl\u0131kl\u0131 beslenme al\u0131\u015fkanl\u0131klar\u0131 \u00fczerine \u00f6nemli bilgiler aktar\u0131ld\u0131.<\/p>\n\n\n\n<p class=\"wp-block-paragraph\">Kat\u0131l\u0131mc\u0131lar\u0131n sorular\u0131n\u0131n da yan\u0131tland\u0131\u011f\u0131 interaktif \u00e7al\u0131\u015fmada, kad\u0131n sa\u011fl\u0131\u011f\u0131n\u0131n toplum sa\u011fl\u0131\u011f\u0131ndaki \u00f6nemli rol\u00fcne dikkat \u00e7ekilerek do\u011fru beslenme al\u0131\u015fkanl\u0131klar\u0131n\u0131n ya\u015fam kalitesini do\u011frudan art\u0131rd\u0131\u011f\u0131 vurguland\u0131.<\/p>\n\n\n\n<p class=\"wp-block-paragraph\">Tekirda\u011f B\u00fcy\u00fck\u015fehir Belediyesi, kad\u0131nlar\u0131n sosyal hayata kat\u0131l\u0131m\u0131n\u0131 art\u0131rman\u0131n yan\u0131 s\u0131ra sa\u011fl\u0131k ve ya\u015fam kalitelerini destekleyen bu t\u00fcr bilgilendirme ve fark\u0131ndal\u0131k \u00e7al\u0131\u015fmalar\u0131na \u00f6n\u00fcm\u00fczdeki s\u00fcre\u00e7te de devam edecek.<\/p>\n","protected":false},"excerpt":{"rendered":"<p>Tekirda\u011f B\u00fcy\u00fck\u015fehir Belediyesi Sa\u011fl\u0131k ve Sosyal Hizmetler Dairesi Ba\u015fkanl\u0131\u011f\u0131na ba\u011fl\u0131 \u00c7erkezk\u00f6y Kad\u0131n Dan\u0131\u015fma Merkezi, anlaml\u0131&#8230;<\/p>\n","protected":false},"author":1,"featured_media":980,"comment_status":"closed","ping_status":"closed","sticky":false,"template":"","format":"standard","meta":{"footnotes":""},"categories":[1],"tags":[],"ppma_author":[57],"class_list":["post-979","post","type-post","status-publish","format-standard","has-post-thumbnail","hentry","category-tekirdag-gundemi"],"authors":[{"term_id":57,"user_id":1,"is_guest":0,"slug":"admin","display_name":"Alp Aslan","avatar_url":"https:\/\/secure.gravatar.com\/avatar\/07c18c5ad3350b025db8f3328450e071acb435c703e565899c880c63362f137a?s=96&d=mm&r=g","author_category":"1","first_name":"Alp Aslan","last_name":"ER\u0130N","user_url":"http:\/\/www.gundem59.com.tr","job_title":"","description":""}],"_links":{"self":[{"href":"https:\/\/gundem59.com.tr\/index.php?rest_route=\/wp\/v2\/posts\/979","targetHints":{"allow":["GET"]}}],"collection":[{"href":"https:\/\/gundem59.com.tr\/index.php?rest_route=\/wp\/v2\/posts"}],"about":[{"href":"https:\/\/gundem59.com.tr\/index.php?rest_route=\/wp\/v2\/types\/post"}],"author":[{"embeddable":true,"href":"https:\/\/gundem59.com.tr\/index.php?rest_route=\/wp\/v2\/users\/1"}],"replies":[{"embeddable":true,"href":"https:\/\/gundem59.com.tr\/index.php?rest_route=%2Fwp%2Fv2%2Fcomments&post=979"}],"version-history":[{"count":1,"href":"https:\/\/gundem59.com.tr\/index.php?rest_route=\/wp\/v2\/posts\/979\/revisions"}],"predecessor-version":[{"id":981,"href":"https:\/\/gundem59.com.tr\/index.php?rest_route=\/wp\/v2\/posts\/979\/revisions\/981"}],"wp:featuredmedia":[{"embeddable":true,"href":"https:\/\/gundem59.com.tr\/index.php?rest_route=\/wp\/v2\/media\/980"}],"wp:attachment":[{"href":"https:\/\/gundem59.com.tr\/index.php?rest_route=%2Fwp%2Fv2%2Fmedia&parent=979"}],"wp:term":[{"taxonomy":"category","embeddable":true,"href":"https:\/\/gundem59.com.tr\/index.php?rest_route=%2Fwp%2Fv2%2Fcategories&post=979"},{"taxonomy":"post_tag","embeddable":true,"href":"https:\/\/gundem59.com.tr\/index.php?rest_route=%2Fwp%2Fv2%2Ftags&post=979"},{"taxonomy":"author","embeddable":true,"href":"https:\/\/gundem59.com.tr\/index.php?rest_route=%2Fwp%2Fv2%2Fppma_author&post=979"}],"curies":[{"name":"wp","href":"https:\/\/api.w.org\/{rel}","templated":true}]}}