{"id":975,"date":"2026-05-22T14:59:57","date_gmt":"2026-05-22T14:59:57","guid":{"rendered":"https:\/\/gundem59.com.tr\/?p=975"},"modified":"2026-05-22T14:59:57","modified_gmt":"2026-05-22T14:59:57","slug":"buyuksehirden-kurban-bayraminda-yeni-sehir-mezarligina-ucretsiz-servis-hizmeti","status":"publish","type":"post","link":"https:\/\/gundem59.com.tr\/?p=975","title":{"rendered":"B\u00dcY\u00dcK\u015eEH\u0130R&#8217;DEN KURBAN BAYRAMI&#8217;NDA YEN\u0130 \u015eEH\u0130R MEZARLI\u011eINA \u00dcCRETS\u0130Z SERV\u0130S H\u0130ZMET\u0130"},"content":{"rendered":"\n<p class=\"wp-block-paragraph\">Tekirda\u011f B\u00fcy\u00fck\u015fehir Belediyesi, Kurban Bayram\u0131 ve Arefe g\u00fcn\u00fc boyunca vatanda\u015flar\u0131n S\u00fcleymanpa\u015fa il\u00e7esindeki Yeni \u015eehir Mezarl\u0131\u011f\u0131\u2019n\u0131 rahat\u00e7a ziyaret edebilmeleri i\u00e7in \u00fccretsiz servis ara\u00e7lar\u0131 kald\u0131r\u0131yor.<\/p>\n\n\n\n<p class=\"wp-block-paragraph\">B\u00fcy\u00fck\u015fehir Belediyesi Ula\u015f\u0131m Dairesi Ba\u015fkanl\u0131\u011f\u0131, yakla\u015fan Kurban Bayram\u0131 \u00f6ncesinde vatanda\u015flar\u0131n kabristan ziyaretlerini kolayla\u015ft\u0131rmak ad\u0131na anlaml\u0131 bir ula\u015f\u0131m deste\u011fi sa\u011fl\u0131yor. S\u00fcleymanpa\u015fa il\u00e7esi Yeni \u015eehir Mezarl\u0131\u011f\u0131\u2019na gitmek isteyen vatanda\u015flar i\u00e7in Valilik \u00f6n\u00fcnden kalkacak otob\u00fcsler, bayram d\u00f6nemi boyunca \u00fccretsiz olarak hizmet verecek.<\/p>\n\n\n\n<p class=\"wp-block-paragraph\"><strong>AREFE G\u00dcN\u00dc VE BAYRAM BOYUNCA KES\u0130NT\u0130S\u0130Z ULA\u015eIM<\/strong><\/p>\n\n\n\n<p class=\"wp-block-paragraph\">Arefe g\u00fcn\u00fc olan 26 May\u0131s 2026 Sal\u0131 g\u00fcn\u00fc ba\u015flayacak olan \u00fccretsiz servis hizmeti, 27-30 May\u0131s 2026 tarihleri aras\u0131ndaki Kurban Bayram\u0131 s\u00fcresince de kesintisiz devam edecek. Vatanda\u015flar\u0131n ula\u015f\u0131mlar\u0131n\u0131 planlayabilmeleri ad\u0131na hareket ve d\u00f6n\u00fc\u015f saatleri ise \u015fu \u015fekilde belirlendi:<\/p>\n\n\n\n<p class=\"wp-block-paragraph\"><strong>26 May\u0131s 2026 Arefe G\u00fcn\u00fc Sefer Saatleri:<\/strong><\/p>\n\n\n\n<ul class=\"wp-block-list\">\n<li><strong>Valilik \u00d6n\u00fcnden Kalk\u0131\u015f:<\/strong>\u00a010:00 &#8211; 11:00 &#8211; 12:00 &#8211; 13:00 &#8211; 14:00 &#8211; 15:00<\/li>\n\n\n\n<li><strong>Yeni \u015eehir Mezarl\u0131\u011f\u0131ndan D\u00f6n\u00fc\u015f:<\/strong>\u00a010:30 &#8211; 11:30 &#8211; 12:30 &#8211; 13:30 &#8211; 14:30 &#8211; 15:30 &#8211; 16:15<\/li>\n<\/ul>\n\n\n\n<p class=\"wp-block-paragraph\"><strong>27 &#8211; 28 &#8211; 29 &#8211; 30 May\u0131s 2026 Bayram G\u00fcnleri Sefer Saatleri:<\/strong><\/p>\n\n\n\n<ul class=\"wp-block-list\">\n<li><strong>Valilik \u00d6n\u00fcnden Kalk\u0131\u015f:<\/strong>\u00a009:00 &#8211; 10:00 &#8211; 11:00 &#8211; 12:00 &#8211; 13:00 &#8211; 14:00 &#8211; 15:00<\/li>\n\n\n\n<li><strong>Yeni \u015eehir Mezarl\u0131\u011f\u0131ndan D\u00f6n\u00fc\u015f:<\/strong>\u00a009:30 &#8211; 10:30 &#8211; 11:30 &#8211; 12:30 &#8211; 13:30 &#8211; 14:30 &#8211; 15:20 &#8211; 16:00<\/li>\n<\/ul>\n\n\n\n<p class=\"wp-block-paragraph\">Tekirda\u011f B\u00fcy\u00fck\u015fehir Belediyesi, vatanda\u015flar\u0131n Kurban Bayram\u0131\u2019n\u0131 huzur ve g\u00fcven i\u00e7inde ge\u00e7irmesi amac\u0131yla bayram d\u00f6nemi boyunca \u00e7al\u0131\u015fmalar\u0131n\u0131 kesintisiz s\u00fcrd\u00fcrecek.<\/p>\n","protected":false},"excerpt":{"rendered":"<p>Tekirda\u011f B\u00fcy\u00fck\u015fehir Belediyesi, Kurban Bayram\u0131 ve Arefe g\u00fcn\u00fc boyunca vatanda\u015flar\u0131n S\u00fcleymanpa\u015fa il\u00e7esindeki Yeni \u015eehir Mezarl\u0131\u011f\u0131\u2019n\u0131&#8230;<\/p>\n","protected":false},"author":1,"featured_media":977,"comment_status":"closed","ping_status":"closed","sticky":false,"template":"","format":"standard","meta":{"footnotes":""},"categories":[1],"tags":[],"ppma_author":[57],"class_list":["post-975","post","type-post","status-publish","format-standard","has-post-thumbnail","hentry","category-tekirdag-gundemi"],"authors":[{"term_id":57,"user_id":1,"is_guest":0,"slug":"admin","display_name":"Alp Aslan","avatar_url":"https:\/\/secure.gravatar.com\/avatar\/07c18c5ad3350b025db8f3328450e071acb435c703e565899c880c63362f137a?s=96&d=mm&r=g","author_category":"1","first_name":"Alp Aslan","last_name":"ER\u0130N","user_url":"http:\/\/www.gundem59.com.tr","job_title":"","description":""}],"_links":{"self":[{"href":"https:\/\/gundem59.com.tr\/index.php?rest_route=\/wp\/v2\/posts\/975","targetHints":{"allow":["GET"]}}],"collection":[{"href":"https:\/\/gundem59.com.tr\/index.php?rest_route=\/wp\/v2\/posts"}],"about":[{"href":"https:\/\/gundem59.com.tr\/index.php?rest_route=\/wp\/v2\/types\/post"}],"author":[{"embeddable":true,"href":"https:\/\/gundem59.com.tr\/index.php?rest_route=\/wp\/v2\/users\/1"}],"replies":[{"embeddable":true,"href":"https:\/\/gundem59.com.tr\/index.php?rest_route=%2Fwp%2Fv2%2Fcomments&post=975"}],"version-history":[{"count":1,"href":"https:\/\/gundem59.com.tr\/index.php?rest_route=\/wp\/v2\/posts\/975\/revisions"}],"predecessor-version":[{"id":978,"href":"https:\/\/gundem59.com.tr\/index.php?rest_route=\/wp\/v2\/posts\/975\/revisions\/978"}],"wp:featuredmedia":[{"embeddable":true,"href":"https:\/\/gundem59.com.tr\/index.php?rest_route=\/wp\/v2\/media\/977"}],"wp:attachment":[{"href":"https:\/\/gundem59.com.tr\/index.php?rest_route=%2Fwp%2Fv2%2Fmedia&parent=975"}],"wp:term":[{"taxonomy":"category","embeddable":true,"href":"https:\/\/gundem59.com.tr\/index.php?rest_route=%2Fwp%2Fv2%2Fcategories&post=975"},{"taxonomy":"post_tag","embeddable":true,"href":"https:\/\/gundem59.com.tr\/index.php?rest_route=%2Fwp%2Fv2%2Ftags&post=975"},{"taxonomy":"author","embeddable":true,"href":"https:\/\/gundem59.com.tr\/index.php?rest_route=%2Fwp%2Fv2%2Fppma_author&post=975"}],"curies":[{"name":"wp","href":"https:\/\/api.w.org\/{rel}","templated":true}]}}