{"id":972,"date":"2026-05-21T13:35:15","date_gmt":"2026-05-21T13:35:15","guid":{"rendered":"https:\/\/gundem59.com.tr\/?p=972"},"modified":"2026-05-21T13:35:15","modified_gmt":"2026-05-21T13:35:15","slug":"buyuksehirden-il-genelindeki-mezarliklarda-bayram-mesaisi","status":"publish","type":"post","link":"https:\/\/gundem59.com.tr\/?p=972","title":{"rendered":"B\u00dcY\u00dcK\u015eEH\u0130R&#8217;DEN \u0130L GENEL\u0130NDEK\u0130 MEZARLIKLARDA BAYRAM MESA\u0130S\u0130"},"content":{"rendered":"\n<p class=\"wp-block-paragraph\">Tekirda\u011f B\u00fcy\u00fck\u015fehir Belediyesi, vatanda\u015flar\u0131n Kurban Bayram\u0131 \u00f6ncesinde ve bayram s\u00fcresince kabristan ziyaretlerini huzur i\u00e7inde ger\u00e7ekle\u015ftirebilmeleri amac\u0131yla il genelindeki mezarl\u0131klarda bak\u0131m, onar\u0131m ve temizlik \u00e7al\u0131\u015fmalar\u0131na h\u0131z verdi.<\/p>\n\n\n\n<p class=\"wp-block-paragraph\">B\u00fcy\u00fck\u015fehir Belediyesi Mezarl\u0131klar Dairesi Ba\u015fkanl\u0131\u011f\u0131, il genelinde bulunan 373 mahalledeki toplam 560 mezarl\u0131k alan\u0131nda y\u00fcr\u00fctt\u00fc\u011f\u00fc bak\u0131m ve d\u00fczenleme \u00e7al\u0131\u015fmalar\u0131n\u0131 titizlikle s\u00fcrd\u00fcr\u00fcyor. Vatanda\u015flar\u0131n ebediyete intikal eden yak\u0131nlar\u0131n\u0131 ve sevdiklerini temiz, d\u00fczenli ve huzurlu bir ortamda ziyaret edebilmeleri i\u00e7in ekipler d\u00f6rt bir koldan \u00e7al\u0131\u015f\u0131yor. Rutin olarak ger\u00e7ekle\u015ftirilen \u00e7al\u0131\u015fmalar, yakla\u015fan Kurban Bayram\u0131 \u00f6ncesinde olu\u015facak yo\u011funluk g\u00f6z \u00f6n\u00fcnde bulundurularak daha da art\u0131r\u0131ld\u0131.<\/p>\n\n\n\n<p class=\"wp-block-paragraph\">\u00c7al\u0131\u015fmalar kapsam\u0131nda kabristanlar\u0131n genel g\u00f6r\u00fcn\u00fcm\u00fcn\u00fc g\u00fczelle\u015ftirmek ve ziyaretleri kolayla\u015ft\u0131rmak ad\u0131na, mezarl\u0131k alanlar\u0131nda kendili\u011finden yeti\u015fen yabanc\u0131 otlara kar\u015f\u0131 e\u015f zamanl\u0131 bir m\u00fccadele y\u00fcr\u00fct\u00fcl\u00fcyor. Ekipler bir yandan fiziksel ot bi\u00e7me i\u015flemlerini ger\u00e7ekle\u015ftirirken, di\u011fer yandan da yabani otlar\u0131n yeniden \u00e7\u0131kmas\u0131n\u0131 \u00f6nlemek amac\u0131yla d\u00fczenli olarak ila\u00e7lama \u00e7al\u0131\u015fmalar\u0131 yap\u0131yor. Mezarl\u0131klar\u0131n sadece bayram d\u00f6nemlerinde de\u011fil, y\u0131l\u0131n her d\u00f6neminde ayn\u0131 titizlikle korundu\u011funu belirten yetkililer, bayram s\u00fcresince vatanda\u015flar\u0131n hi\u00e7bir aksakl\u0131k ya\u015famadan kabir ziyaretlerini ger\u00e7ekle\u015ftirebilmesi i\u00e7in t\u00fcm \u00f6nlemlerin al\u0131nd\u0131\u011f\u0131n\u0131 ifade etti.<\/p>\n\n\n\n<p class=\"wp-block-paragraph\">Tekirda\u011f B\u00fcy\u00fck\u015fehir Belediyesi, vatanda\u015flar\u0131n manevi duygular\u0131n\u0131 huzurlu bir ortamda ya\u015fayabilmeleri amac\u0131yla il genelindeki t\u00fcm mezarl\u0131klarda bak\u0131m ve temizlik \u00e7al\u0131\u015fmalar\u0131n\u0131 bayram sonras\u0131nda da aral\u0131ks\u0131z s\u00fcrd\u00fcrecek.<\/p>\n","protected":false},"excerpt":{"rendered":"<p>Tekirda\u011f B\u00fcy\u00fck\u015fehir Belediyesi, vatanda\u015flar\u0131n Kurban Bayram\u0131 \u00f6ncesinde ve bayram s\u00fcresince kabristan ziyaretlerini huzur i\u00e7inde ger\u00e7ekle\u015ftirebilmeleri&#8230;<\/p>\n","protected":false},"author":1,"featured_media":973,"comment_status":"closed","ping_status":"closed","sticky":false,"template":"","format":"standard","meta":{"footnotes":""},"categories":[1],"tags":[],"ppma_author":[57],"class_list":["post-972","post","type-post","status-publish","format-standard","has-post-thumbnail","hentry","category-tekirdag-gundemi"],"authors":[{"term_id":57,"user_id":1,"is_guest":0,"slug":"admin","display_name":"Alp Aslan","avatar_url":"https:\/\/secure.gravatar.com\/avatar\/07c18c5ad3350b025db8f3328450e071acb435c703e565899c880c63362f137a?s=96&d=mm&r=g","author_category":"1","first_name":"Alp Aslan","last_name":"ER\u0130N","user_url":"http:\/\/www.gundem59.com.tr","job_title":"","description":""}],"_links":{"self":[{"href":"https:\/\/gundem59.com.tr\/index.php?rest_route=\/wp\/v2\/posts\/972","targetHints":{"allow":["GET"]}}],"collection":[{"href":"https:\/\/gundem59.com.tr\/index.php?rest_route=\/wp\/v2\/posts"}],"about":[{"href":"https:\/\/gundem59.com.tr\/index.php?rest_route=\/wp\/v2\/types\/post"}],"author":[{"embeddable":true,"href":"https:\/\/gundem59.com.tr\/index.php?rest_route=\/wp\/v2\/users\/1"}],"replies":[{"embeddable":true,"href":"https:\/\/gundem59.com.tr\/index.php?rest_route=%2Fwp%2Fv2%2Fcomments&post=972"}],"version-history":[{"count":1,"href":"https:\/\/gundem59.com.tr\/index.php?rest_route=\/wp\/v2\/posts\/972\/revisions"}],"predecessor-version":[{"id":974,"href":"https:\/\/gundem59.com.tr\/index.php?rest_route=\/wp\/v2\/posts\/972\/revisions\/974"}],"wp:featuredmedia":[{"embeddable":true,"href":"https:\/\/gundem59.com.tr\/index.php?rest_route=\/wp\/v2\/media\/973"}],"wp:attachment":[{"href":"https:\/\/gundem59.com.tr\/index.php?rest_route=%2Fwp%2Fv2%2Fmedia&parent=972"}],"wp:term":[{"taxonomy":"category","embeddable":true,"href":"https:\/\/gundem59.com.tr\/index.php?rest_route=%2Fwp%2Fv2%2Fcategories&post=972"},{"taxonomy":"post_tag","embeddable":true,"href":"https:\/\/gundem59.com.tr\/index.php?rest_route=%2Fwp%2Fv2%2Ftags&post=972"},{"taxonomy":"author","embeddable":true,"href":"https:\/\/gundem59.com.tr\/index.php?rest_route=%2Fwp%2Fv2%2Fppma_author&post=972"}],"curies":[{"name":"wp","href":"https:\/\/api.w.org\/{rel}","templated":true}]}}