{"id":969,"date":"2026-05-21T13:33:36","date_gmt":"2026-05-21T13:33:36","guid":{"rendered":"https:\/\/gundem59.com.tr\/?p=969"},"modified":"2026-05-21T13:33:36","modified_gmt":"2026-05-21T13:33:36","slug":"modern-buyuksehir-mezbahalari-kurban-bayramina-hazir","status":"publish","type":"post","link":"https:\/\/gundem59.com.tr\/?p=969","title":{"rendered":"MODERN B\u00dcY\u00dcK\u015eEH\u0130R MEZBAHALARI KURBAN BAYRAMI&#8217;NA HAZIR"},"content":{"rendered":"\n<p class=\"wp-block-paragraph\">Tekirda\u011f B\u00fcy\u00fck\u015fehir Belediyesi, Kurban Bayram\u0131 \u00f6ncesinde vatanda\u015flar\u0131n kurban ibadetlerini sa\u011fl\u0131kl\u0131, g\u00fcvenli ve hijyenik ko\u015fullarda yerine getirebilmeleri amac\u0131yla mezbahalarda gerekli haz\u0131rl\u0131klar\u0131 tamamlad\u0131.<\/p>\n\n\n\n<p class=\"wp-block-paragraph\">Modern teknolojiyle donat\u0131lan ve hijyen standartlar\u0131na uygun \u015fekilde hizmet veren B\u00fcy\u00fck\u015fehir Belediyesi mezbahalar\u0131, bayram s\u00fcresince vatanda\u015flar\u0131n kullan\u0131m\u0131na a\u00e7\u0131k olacak.<\/p>\n\n\n\n<p class=\"wp-block-paragraph\">Veteriner \u0130\u015fleri Dairesi Ba\u015fkanl\u0131\u011f\u0131 G\u0131da Kontrol ve Mezbahalar \u015eube M\u00fcd\u00fcrl\u00fc\u011f\u00fc b\u00fcnyesinde faaliyet g\u00f6steren \u015eark\u00f6y, \u00c7orlu ve \u00c7erkezk\u00f6y mezbahalar\u0131nda; Arife G\u00fcn\u00fc ile Kurban Bayram\u0131\u2019n\u0131n 1\u2019inci, 2\u2019nci ve 3\u2019\u00fcnc\u00fc g\u00fcnlerinde kurban kesim hizmeti verilecek.<\/p>\n\n\n\n<p class=\"wp-block-paragraph\">Arife g\u00fcn\u00fc adak kesimleri 08.00-13.00 saatleri aras\u0131nda ger\u00e7ekle\u015ftirilecek. Bayram\u0131n 1\u2019inci g\u00fcn\u00fc kesimler bayram namaz\u0131n\u0131n ard\u0131ndan ba\u015flayarak 18.30\u2019a kadar devam edecek. Bayram\u0131n 2\u2019nci g\u00fcn\u00fc 08.00-18.30, 3\u2019\u00fcnc\u00fc g\u00fcn\u00fc ise 08.00-13.00 saatleri aras\u0131nda hizmet sunulacak.<\/p>\n\n\n\n<p class=\"wp-block-paragraph\">Malkara Et Kombina Tesisi\u2019nde ise kesimler Kurban Bayram\u0131\u2019n\u0131n 1\u2019inci g\u00fcn\u00fc 06.30-18.30, 2\u2019nci g\u00fcn\u00fc ise 08.00-18.30 saatleri aras\u0131nda ger\u00e7ekle\u015ftirilecek.<\/p>\n\n\n\n<p class=\"wp-block-paragraph\"><strong>KES\u0130MLER RANDEVU S\u0130STEM\u0130YLE YAPILACAK<\/strong><\/p>\n\n\n\n<p class=\"wp-block-paragraph\">Kurban kesimlerinde yo\u011funlu\u011fun \u00f6n\u00fcne ge\u00e7ilmesi amac\u0131yla randevu sistemi uygulanacak. Valilik ve kaymakaml\u0131k koordinasyonunda olu\u015fturulan Kurban Komisyonu taraf\u0131ndan belirlenen banka hesab\u0131na \u00fccret yat\u0131ran vatanda\u015flar\u0131n kesim s\u0131ralamalar\u0131 olu\u015fturulacak. M\u00fcft\u00fcl\u00fck taraf\u0131ndan vatanda\u015flara tahmini kesim saatleri bildirilecek ve kesimler belirlenen program do\u011frultusunda ger\u00e7ekle\u015ftirilecek.<\/p>\n\n\n\n<p class=\"wp-block-paragraph\"><strong>KES\u0130M \u00dcCRETLER\u0130 KOM\u0130SYON TARAFINDAN BEL\u0130RLEN\u0130YOR<\/strong><\/p>\n\n\n\n<p class=\"wp-block-paragraph\">Tekirda\u011f B\u00fcy\u00fck\u015fehir Belediyesi mezbahalar\u0131nda uygulanacak kurban kesim \u00fccretleri, ilgili kaymakaml\u0131klar b\u00fcnyesinde olu\u015fturulan Kurban Komisyonlar\u0131 taraf\u0131ndan belirleniyor. Komisyonlarda; kaymakaml\u0131k, m\u00fcft\u00fcl\u00fck, b\u00fcy\u00fck\u015fehir belediyesi, il\u00e7e belediyesi, tar\u0131m ve orman m\u00fcd\u00fcrl\u00fc\u011f\u00fc, sa\u011fl\u0131k m\u00fcd\u00fcrl\u00fc\u011f\u00fc ve T\u00fcrkiye Diyanet Vakf\u0131 temsilcileri yer al\u0131yor.<\/p>\n\n\n\n<p class=\"wp-block-paragraph\">Belirlenen \u00fccretler yaln\u0131zca komisyon taraf\u0131ndan belirlenen banka hesaplar\u0131na yat\u0131r\u0131lacak olup elden \u00f6deme kabul edilmeyecek.<\/p>\n\n\n\n<p class=\"wp-block-paragraph\"><strong>KURALLARA UYMAYANLARA CEZA UYGULANACAK<\/strong><\/p>\n\n\n\n<p class=\"wp-block-paragraph\">Ayr\u0131ca \u00c7evre Kanunu kapsam\u0131nda; park, bah\u00e7e, cadde, sokak ve bina \u00f6nleri gibi kurban kesimine uygun olmayan alanlarda kesim yapanlar ile \u00e7evre temizli\u011fi konusunda gerekli \u00f6nlemleri almayan ki\u015filere idari para cezas\u0131 uygulanacak.<\/p>\n\n\n\n<p class=\"wp-block-paragraph\"><strong>SO\u011eUK HAVA DEPOSU H\u0130ZMET\u0130 \u00dcCRETS\u0130Z<\/strong><\/p>\n\n\n\n<p class=\"wp-block-paragraph\">Tekirda\u011f B\u00fcy\u00fck\u015fehir Belediyesi, kurban kesim hizmeti alan vatanda\u015flara y\u00f6nelik so\u011fuk hava deposu kullan\u0131m hizmetini de \u00fccretsiz sunacak. Talep edilmesi halinde karkas teslimi yap\u0131lmadan \u00f6nce, etler 1 g\u00fcn s\u00fcreyle \u00fccretsiz olarak so\u011fuk hava deposunda muhafaza edilebilecek. \u00d6te yandan et nakil hizmeti ise verilmeyecek.<\/p>\n","protected":false},"excerpt":{"rendered":"<p>Tekirda\u011f B\u00fcy\u00fck\u015fehir Belediyesi, Kurban Bayram\u0131 \u00f6ncesinde vatanda\u015flar\u0131n kurban ibadetlerini sa\u011fl\u0131kl\u0131, g\u00fcvenli ve hijyenik ko\u015fullarda yerine&#8230;<\/p>\n","protected":false},"author":1,"featured_media":970,"comment_status":"closed","ping_status":"closed","sticky":false,"template":"","format":"standard","meta":{"footnotes":""},"categories":[1],"tags":[],"ppma_author":[57],"class_list":["post-969","post","type-post","status-publish","format-standard","has-post-thumbnail","hentry","category-tekirdag-gundemi"],"authors":[{"term_id":57,"user_id":1,"is_guest":0,"slug":"admin","display_name":"Alp Aslan","avatar_url":"https:\/\/secure.gravatar.com\/avatar\/07c18c5ad3350b025db8f3328450e071acb435c703e565899c880c63362f137a?s=96&d=mm&r=g","author_category":"1","first_name":"Alp Aslan","last_name":"ER\u0130N","user_url":"http:\/\/www.gundem59.com.tr","job_title":"","description":""}],"_links":{"self":[{"href":"https:\/\/gundem59.com.tr\/index.php?rest_route=\/wp\/v2\/posts\/969","targetHints":{"allow":["GET"]}}],"collection":[{"href":"https:\/\/gundem59.com.tr\/index.php?rest_route=\/wp\/v2\/posts"}],"about":[{"href":"https:\/\/gundem59.com.tr\/index.php?rest_route=\/wp\/v2\/types\/post"}],"author":[{"embeddable":true,"href":"https:\/\/gundem59.com.tr\/index.php?rest_route=\/wp\/v2\/users\/1"}],"replies":[{"embeddable":true,"href":"https:\/\/gundem59.com.tr\/index.php?rest_route=%2Fwp%2Fv2%2Fcomments&post=969"}],"version-history":[{"count":1,"href":"https:\/\/gundem59.com.tr\/index.php?rest_route=\/wp\/v2\/posts\/969\/revisions"}],"predecessor-version":[{"id":971,"href":"https:\/\/gundem59.com.tr\/index.php?rest_route=\/wp\/v2\/posts\/969\/revisions\/971"}],"wp:featuredmedia":[{"embeddable":true,"href":"https:\/\/gundem59.com.tr\/index.php?rest_route=\/wp\/v2\/media\/970"}],"wp:attachment":[{"href":"https:\/\/gundem59.com.tr\/index.php?rest_route=%2Fwp%2Fv2%2Fmedia&parent=969"}],"wp:term":[{"taxonomy":"category","embeddable":true,"href":"https:\/\/gundem59.com.tr\/index.php?rest_route=%2Fwp%2Fv2%2Fcategories&post=969"},{"taxonomy":"post_tag","embeddable":true,"href":"https:\/\/gundem59.com.tr\/index.php?rest_route=%2Fwp%2Fv2%2Ftags&post=969"},{"taxonomy":"author","embeddable":true,"href":"https:\/\/gundem59.com.tr\/index.php?rest_route=%2Fwp%2Fv2%2Fppma_author&post=969"}],"curies":[{"name":"wp","href":"https:\/\/api.w.org\/{rel}","templated":true}]}}