{"id":966,"date":"2026-05-21T13:29:57","date_gmt":"2026-05-21T13:29:57","guid":{"rendered":"https:\/\/gundem59.com.tr\/?p=966"},"modified":"2026-05-21T13:29:58","modified_gmt":"2026-05-21T13:29:58","slug":"kizilaydan-tekirdaga-ziyaret","status":"publish","type":"post","link":"https:\/\/gundem59.com.tr\/?p=966","title":{"rendered":"K\u0131z\u0131lay&#8217;dan Tekirda\u011f&#8217;a Ziyaret"},"content":{"rendered":"\n<p class=\"wp-block-paragraph\">T\u00fcrk K\u0131z\u0131lay Avrupa B\u00f6lge M\u00fcd\u00fcr\u00fc G\u00fclhayat Ko\u00e7 K\u0131zanl\u0131k, Tekirda\u011f Valisi Soyt\u00fcrk ile g\u00f6r\u00fc\u015ft\u00fc.<\/p>\n\n\n\n<p class=\"wp-block-paragraph\">T\u00fcrk K\u0131z\u0131lay Avrupa B\u00f6lge M\u00fcd\u00fcr\u00fc G\u00fclhayat Ko\u00e7 K\u0131zanl\u0131k, Tekirda\u011f Valisi Recep Soyt\u00fcrk&#8217;\u00fc ziyaret etti.<\/p>\n\n\n\n<p class=\"wp-block-paragraph\">K\u0131zanl\u0131k ve Vali Soyt\u00fcrk makamda bir s\u00fcre g\u00f6r\u00fc\u015ft\u00fc.<\/p>\n\n\n\n<p class=\"wp-block-paragraph\">Ziyarette, T\u00fcrkiye K\u0131z\u0131lay Derne\u011fi Tekirda\u011f \u015eubesinin 2025 y\u0131l\u0131 \u00e7al\u0131\u015fmalar\u0131 de\u011ferlendirildi, ard\u0131ndan 2026 y\u0131l\u0131nda yap\u0131lacak kan ba\u011f\u0131\u015f kampanyas\u0131 g\u00f6r\u00fc\u015f\u00fcld\u00fc.<\/p>\n\n\n\n<p class=\"wp-block-paragraph\">K\u0131zanl\u0131k, daha sonra Avrupa B\u00f6lge Kan Merkezi kan al\u0131m faaliyetleri hakk\u0131nda Soyt\u00fcrk&#8217;e bilgi verdi.<\/p>\n\n\n\n<p class=\"wp-block-paragraph\">Ziyarette, K\u0131zanl\u0131k&#8217;a, T\u00fcrkiye K\u0131z\u0131lay Derne\u011fi Tekirda\u011f \u015eube Ba\u015fkan\u0131 Mustafa Kas\u0131m Karaku\u015f, \u00c7orlu Kan Ba\u011f\u0131\u015f\u0131 Merkezi M\u00fcd\u00fcr\u00fc Emre Ba\u011fc\u0131, \u00c7orlu Kan Ba\u011f\u0131\u015f\u00e7\u0131s\u0131 Kazan\u0131m Personeli G\u00f6khan \u00c7al\u0131\u015fkan ve Avrupa B\u00f6lge Kan Merkezi Y\u00f6neticisi \u0130brahim Ba\u011f\u0131rtak e\u015flik etti.<\/p>\n","protected":false},"excerpt":{"rendered":"<p>T\u00fcrk K\u0131z\u0131lay Avrupa B\u00f6lge M\u00fcd\u00fcr\u00fc G\u00fclhayat Ko\u00e7 K\u0131zanl\u0131k, Tekirda\u011f Valisi Soyt\u00fcrk ile g\u00f6r\u00fc\u015ft\u00fc. T\u00fcrk K\u0131z\u0131lay&#8230;<\/p>\n","protected":false},"author":1,"featured_media":967,"comment_status":"closed","ping_status":"closed","sticky":false,"template":"","format":"standard","meta":{"footnotes":""},"categories":[1],"tags":[],"ppma_author":[57],"class_list":["post-966","post","type-post","status-publish","format-standard","has-post-thumbnail","hentry","category-tekirdag-gundemi"],"authors":[{"term_id":57,"user_id":1,"is_guest":0,"slug":"admin","display_name":"Alp Aslan","avatar_url":"https:\/\/secure.gravatar.com\/avatar\/07c18c5ad3350b025db8f3328450e071acb435c703e565899c880c63362f137a?s=96&d=mm&r=g","author_category":"1","first_name":"Alp Aslan","last_name":"ER\u0130N","user_url":"http:\/\/www.gundem59.com.tr","job_title":"","description":""}],"_links":{"self":[{"href":"https:\/\/gundem59.com.tr\/index.php?rest_route=\/wp\/v2\/posts\/966","targetHints":{"allow":["GET"]}}],"collection":[{"href":"https:\/\/gundem59.com.tr\/index.php?rest_route=\/wp\/v2\/posts"}],"about":[{"href":"https:\/\/gundem59.com.tr\/index.php?rest_route=\/wp\/v2\/types\/post"}],"author":[{"embeddable":true,"href":"https:\/\/gundem59.com.tr\/index.php?rest_route=\/wp\/v2\/users\/1"}],"replies":[{"embeddable":true,"href":"https:\/\/gundem59.com.tr\/index.php?rest_route=%2Fwp%2Fv2%2Fcomments&post=966"}],"version-history":[{"count":1,"href":"https:\/\/gundem59.com.tr\/index.php?rest_route=\/wp\/v2\/posts\/966\/revisions"}],"predecessor-version":[{"id":968,"href":"https:\/\/gundem59.com.tr\/index.php?rest_route=\/wp\/v2\/posts\/966\/revisions\/968"}],"wp:featuredmedia":[{"embeddable":true,"href":"https:\/\/gundem59.com.tr\/index.php?rest_route=\/wp\/v2\/media\/967"}],"wp:attachment":[{"href":"https:\/\/gundem59.com.tr\/index.php?rest_route=%2Fwp%2Fv2%2Fmedia&parent=966"}],"wp:term":[{"taxonomy":"category","embeddable":true,"href":"https:\/\/gundem59.com.tr\/index.php?rest_route=%2Fwp%2Fv2%2Fcategories&post=966"},{"taxonomy":"post_tag","embeddable":true,"href":"https:\/\/gundem59.com.tr\/index.php?rest_route=%2Fwp%2Fv2%2Ftags&post=966"},{"taxonomy":"author","embeddable":true,"href":"https:\/\/gundem59.com.tr\/index.php?rest_route=%2Fwp%2Fv2%2Fppma_author&post=966"}],"curies":[{"name":"wp","href":"https:\/\/api.w.org\/{rel}","templated":true}]}}