{"id":954,"date":"2026-05-21T13:16:30","date_gmt":"2026-05-21T13:16:30","guid":{"rendered":"https:\/\/gundem59.com.tr\/?p=954"},"modified":"2026-05-21T13:16:30","modified_gmt":"2026-05-21T13:16:30","slug":"tekirdag-buyuksehir-belediyesi-bayram-ve-yaz-sezonu-hazirliklarini-tamamladi","status":"publish","type":"post","link":"https:\/\/gundem59.com.tr\/?p=954","title":{"rendered":"Tekirda\u011f B\u00fcy\u00fck\u015fehir Belediyesi bayram ve yaz sezonu haz\u0131rl\u0131klar\u0131n\u0131 tamamlad\u0131"},"content":{"rendered":"\n<p class=\"wp-block-paragraph\">Tekirda\u011f B\u00fcy\u00fck\u015fehir Belediyesi, bayram ve yaz \u00f6ncesi sahillerden mezarl\u0131klara, altyap\u0131dan kurban kesim alanlar\u0131na kadar kent genelinde haz\u0131rl\u0131klar\u0131n\u0131 yo\u011funla\u015ft\u0131rd\u0131. T\u00fcm ekipler teyakkuza ge\u00e7irilirken, vatanda\u015flar 7\/24 \u00e7a\u011fr\u0131 merkezleri \u00fczerinden hizmet alabilecek.<\/p>\n\n\n\n<p class=\"wp-block-paragraph\"><strong>&nbsp;<\/strong>Tekirda\u011f B\u00fcy\u00fck\u015fehir Belediyesi,&nbsp;bayram ve yaz sezonu \u00f6ncesi sahillerden mezarl\u0131klara, altyap\u0131dan kurban kesim alanlar\u0131na kadar kent genelinde haz\u0131rl\u0131klar\u0131n\u0131 yo\u011funla\u015ft\u0131rd\u0131.<\/p>\n\n\n\n<p class=\"wp-block-paragraph\">Tekirda\u011f B\u00fcy\u00fck\u015fehir Belediyesi, kent genelinde bayram ve yaz sezonu haz\u0131rl\u0131klar\u0131n\u0131 yo\u011funla\u015ft\u0131rd\u0131. B\u00fcy\u00fck\u015fehir Belediyesi, olu\u015facak hareketlili\u011fe kar\u015f\u0131 sahillerden altyap\u0131ya, \u00e7evre d\u00fczenlemelerinden belediye hizmetlerine kadar bir\u00e7ok alanda haz\u0131rl\u0131klar\u0131n\u0131 tamaml\u0131yor.<\/p>\n\n\n\n<h3 class=\"wp-block-heading\">T\u00dcM EK\u0130PLER TEYAKKUZDA<\/h3>\n\n\n\n<p class=\"wp-block-paragraph\">Bayram ve yaz sezonu \u00f6ncesinde sahillerde bak\u0131m, temizlik, \u00e7evre d\u00fczenleme ve altyap\u0131 \u00e7al\u0131\u015fmalar\u0131 yo\u011fun \u015fekilde s\u00fcrd\u00fcr\u00fcl\u00fcrken, artacak n\u00fcfus yo\u011funlu\u011fu g\u00f6z \u00f6n\u00fcnde bulundurularak belediyenin ilgili birimleri de g\u00f6rev planlamalar\u0131n\u0131 tamamlad\u0131. B\u00fcy\u00fck\u015fehir Belediyesi Zab\u0131ta Dairesi Ba\u015fkanl\u0131\u011f\u0131, \u0130tfaiye Dairesi Ba\u015fkanl\u0131\u011f\u0131 ve TESK\u0130 ekipleri, bayram s\u00fcresince kent genelinde ya\u015fanabilecek olumsuzluklara kar\u015f\u0131 kesintisiz g\u00f6rev ba\u015f\u0131nda olacak. Vatanda\u015flar\u0131n huzurlu ve g\u00fcvenli bir bayram ge\u00e7irebilmesi amac\u0131yla vardiya ve n\u00f6bet sistemleri de planland\u0131. Vatanda\u015flar, bayram s\u00fcresince talep, \u00f6neri ve beklentilerini Alo 153 Candan \u00c7\u00f6z\u00fcm Merkezi ile 0850 459 59 59 numaral\u0131 Tekirda\u011f B\u00fcy\u00fck\u015fehir Belediyesi \u00c7a\u011fr\u0131 Merkezi \u00fczerinden, altyap\u0131 ve su hizmetlerine ili\u015fkin konularda ise 185 numaral\u0131 TESK\u0130 \u00c7a\u011fr\u0131 Merkezi \u00fczerinden 7\/24 iletebilecek.<\/p>\n\n\n\n<h3 class=\"wp-block-heading\">KABR\u0130STANLAR BAYRAM Z\u0130YARETLER\u0130 \u0130\u00c7\u0130N HAZIR HALE GET\u0130R\u0130LD\u0130<\/h3>\n\n\n\n<p class=\"wp-block-paragraph\">Kurban Bayram\u0131 \u00f6ncesinde Mezarl\u0131klar Dairesi Ba\u015fkanl\u0131\u011f\u0131 ekipleri de il genelindeki \u00e7al\u0131\u015fmalar\u0131n\u0131 h\u0131zland\u0131rd\u0131. Tekirda\u011f&#8217;\u0131n 373 mahallesinde bulunan toplam 560 mezarl\u0131k alan\u0131nda yabani ot temizli\u011fi, ila\u00e7lama, bak\u0131m ve \u00e7evre d\u00fczenleme \u00e7al\u0131\u015fmalar\u0131 yap\u0131larak ziyaretlere haz\u0131r hale getirildi. Vatanda\u015flar\u0131n manevi duygular\u0131n\u0131 rahat bir \u015fekilde ya\u015fayabilmeleri amac\u0131yla y\u00fcr\u00fct\u00fclen \u00e7al\u0131\u015fmalar\u0131n bayram sonras\u0131nda da devam edece\u011fi bildirildi.<\/p>\n\n\n\n<h3 class=\"wp-block-heading\">MODERN TES\u0130SLERDE H\u0130JYEN\u0130K KURBAN KES\u0130M H\u0130ZMET\u0130<\/h3>\n\n\n\n<p class=\"wp-block-paragraph\">\u00d6te yandan vatanda\u015flar\u0131n kurban ibadetlerini sa\u011fl\u0131kl\u0131, g\u00fcvenli ve hijyenik ko\u015fullarda yerine getirebilmeleri amac\u0131yla B\u00fcy\u00fck\u015fehir Belediyesi mezbahalar\u0131nda da t\u00fcm haz\u0131rl\u0131klar tamamland\u0131. \u015eark\u00f6y, \u00c7orlu ve \u00c7erkezk\u00f6y mezbahalar\u0131 ile Malkara Et Kombina Tesisi&#8217;nde bayram s\u00fcresince randevu sistemiyle kesim hizmeti verilecek. Modern teknolojiyle donat\u0131lan tesislerde hijyen kurallar\u0131 en \u00fcst seviyede uygulan\u0131rken, kurban kesim hizmeti alan vatanda\u015flara so\u011fuk hava deposu kullan\u0131m hizmeti de \u00fccretsiz sunulacak.<\/p>\n\n\n\n<p class=\"wp-block-paragraph\">B\u00fcy\u00fck\u015fehir Belediyesi, bayram tatili boyunca hem kent sakinlerinin hem de ziyaret\u00e7ilerin huzurlu, g\u00fcvenli ve konforlu bir bayram ge\u00e7irebilmesi i\u00e7in \u00e7al\u0131\u015fmalar\u0131n\u0131 aral\u0131ks\u0131z s\u00fcrd\u00fcrece\u011fi bildirildi.<\/p>\n","protected":false},"excerpt":{"rendered":"<p>Tekirda\u011f B\u00fcy\u00fck\u015fehir Belediyesi, bayram ve yaz \u00f6ncesi sahillerden mezarl\u0131klara, altyap\u0131dan kurban kesim alanlar\u0131na kadar kent&#8230;<\/p>\n","protected":false},"author":1,"featured_media":955,"comment_status":"closed","ping_status":"closed","sticky":false,"template":"","format":"standard","meta":{"footnotes":""},"categories":[1],"tags":[],"ppma_author":[57],"class_list":["post-954","post","type-post","status-publish","format-standard","has-post-thumbnail","hentry","category-tekirdag-gundemi"],"authors":[{"term_id":57,"user_id":1,"is_guest":0,"slug":"admin","display_name":"Alp Aslan","avatar_url":"https:\/\/secure.gravatar.com\/avatar\/07c18c5ad3350b025db8f3328450e071acb435c703e565899c880c63362f137a?s=96&d=mm&r=g","author_category":"1","first_name":"Alp Aslan","last_name":"ER\u0130N","user_url":"http:\/\/www.gundem59.com.tr","job_title":"","description":""}],"_links":{"self":[{"href":"https:\/\/gundem59.com.tr\/index.php?rest_route=\/wp\/v2\/posts\/954","targetHints":{"allow":["GET"]}}],"collection":[{"href":"https:\/\/gundem59.com.tr\/index.php?rest_route=\/wp\/v2\/posts"}],"about":[{"href":"https:\/\/gundem59.com.tr\/index.php?rest_route=\/wp\/v2\/types\/post"}],"author":[{"embeddable":true,"href":"https:\/\/gundem59.com.tr\/index.php?rest_route=\/wp\/v2\/users\/1"}],"replies":[{"embeddable":true,"href":"https:\/\/gundem59.com.tr\/index.php?rest_route=%2Fwp%2Fv2%2Fcomments&post=954"}],"version-history":[{"count":1,"href":"https:\/\/gundem59.com.tr\/index.php?rest_route=\/wp\/v2\/posts\/954\/revisions"}],"predecessor-version":[{"id":956,"href":"https:\/\/gundem59.com.tr\/index.php?rest_route=\/wp\/v2\/posts\/954\/revisions\/956"}],"wp:featuredmedia":[{"embeddable":true,"href":"https:\/\/gundem59.com.tr\/index.php?rest_route=\/wp\/v2\/media\/955"}],"wp:attachment":[{"href":"https:\/\/gundem59.com.tr\/index.php?rest_route=%2Fwp%2Fv2%2Fmedia&parent=954"}],"wp:term":[{"taxonomy":"category","embeddable":true,"href":"https:\/\/gundem59.com.tr\/index.php?rest_route=%2Fwp%2Fv2%2Fcategories&post=954"},{"taxonomy":"post_tag","embeddable":true,"href":"https:\/\/gundem59.com.tr\/index.php?rest_route=%2Fwp%2Fv2%2Ftags&post=954"},{"taxonomy":"author","embeddable":true,"href":"https:\/\/gundem59.com.tr\/index.php?rest_route=%2Fwp%2Fv2%2Fppma_author&post=954"}],"curies":[{"name":"wp","href":"https:\/\/api.w.org\/{rel}","templated":true}]}}