{"id":948,"date":"2026-05-21T13:07:51","date_gmt":"2026-05-21T13:07:51","guid":{"rendered":"https:\/\/gundem59.com.tr\/?p=948"},"modified":"2026-05-21T13:07:52","modified_gmt":"2026-05-21T13:07:52","slug":"tekirdagda-gida-denetimleri-artirildi","status":"publish","type":"post","link":"https:\/\/gundem59.com.tr\/?p=948","title":{"rendered":"Tekirda\u011f&#8217;da G\u0131da Denetimleri Art\u0131r\u0131ld\u0131"},"content":{"rendered":"\n<p class=\"wp-block-paragraph\">Kurban Bayram\u0131 \u00f6ncesi g\u0131da g\u00fcvenli\u011fi i\u00e7in Tekirda\u011f&#8217;da denetimler yo\u011funla\u015ft\u0131r\u0131ld\u0131.<\/p>\n\n\n\n<p class=\"wp-block-paragraph\">Tekirda\u011f&#8217;da yakla\u015fan Kurban Bayram\u0131 \u00f6ncesinde vatanda\u015flar\u0131n sa\u011fl\u0131kl\u0131 ve g\u00fcvenilir g\u0131daya ula\u015fabilmesi amac\u0131yla g\u0131da denetimleri art\u0131r\u0131ld\u0131.<\/p>\n\n\n\n<p class=\"wp-block-paragraph\">Tekirda\u011f \u0130l Tar\u0131m ve Orman M\u00fcd\u00fcrl\u00fc\u011f\u00fc koordinesinde, 11 il\u00e7e m\u00fcd\u00fcrl\u00fc\u011f\u00fcne ba\u011fl\u0131 kontrol g\u00f6revlileri taraf\u0131ndan kent genelinde denetim \u00e7al\u0131\u015fmalar\u0131 yo\u011funla\u015ft\u0131r\u0131ld\u0131. Ekipler taraf\u0131ndan \u015fark\u00fcteri, kasap, marketlerin kasap reyonlar\u0131 ile ekmek, unlu mamuller, baklava, tatl\u0131 ve \u015fekerli mamul \u00fcretim yerlerinde kontroller ger\u00e7ekle\u015ftirildi. Ayr\u0131ca g\u0131da sat\u0131\u015f noktalar\u0131 ile toplu t\u00fcketim alanlar\u0131nda da denetimlerin s\u00fcrd\u00fc\u011f\u00fc belirtildi.<\/p>\n\n\n\n<p class=\"wp-block-paragraph\">Denetimlerde \u00fcr\u00fcnlerin son t\u00fcketim tarihleri, muhafaza ko\u015fullar\u0131, hijyen \u015fartlar\u0131 ve i\u015fletmelerin mevzuata uygunlu\u011fu kontrol edildi. Kurallara ayk\u0131r\u0131 durum tespit edilen i\u015fletmelere gerekli idari i\u015flemlerin uygulanaca\u011f\u0131 ifade edildi.<\/p>\n\n\n\n<p class=\"wp-block-paragraph\">Tekirda\u011f Tar\u0131m ve Orman \u0130l M\u00fcd\u00fcr\u00fc Mehmet Aksoy yapt\u0131\u011f\u0131 a\u00e7\u0131klamada, Kurban Bayram\u0131 \u00f6ncesinde vatanda\u015flar\u0131n g\u00fcvenilir g\u0131daya ula\u015fmas\u0131n\u0131n \u00f6ncelikleri oldu\u011funu belirterek, &#8220;\u0130l ve il\u00e7e m\u00fcd\u00fcrl\u00fcklerimize ba\u011fl\u0131 kontrol g\u00f6revlilerimiz sahada yo\u011fun \u015fekilde g\u00f6rev yapmaktad\u0131r. \u00d6zellikle bayram d\u00f6nemlerinde t\u00fcketimi artan \u00fcr\u00fcn gruplar\u0131nda denetimlerimizi s\u0131kla\u015ft\u0131rd\u0131k. Vatanda\u015flar\u0131m\u0131z\u0131n herhangi bir olumsuzlukla kar\u015f\u0131la\u015fmalar\u0131 halinde Alo 174 G\u0131da Hatt\u0131&#8217;na bildirimde bulunmalar\u0131n\u0131 rica ediyoruz&#8221; dedi.<\/p>\n","protected":false},"excerpt":{"rendered":"<p>Kurban Bayram\u0131 \u00f6ncesi g\u0131da g\u00fcvenli\u011fi i\u00e7in Tekirda\u011f&#8217;da denetimler yo\u011funla\u015ft\u0131r\u0131ld\u0131. Tekirda\u011f&#8217;da yakla\u015fan Kurban Bayram\u0131 \u00f6ncesinde vatanda\u015flar\u0131n&#8230;<\/p>\n","protected":false},"author":1,"featured_media":949,"comment_status":"closed","ping_status":"closed","sticky":false,"template":"","format":"standard","meta":{"footnotes":""},"categories":[1],"tags":[],"ppma_author":[57],"class_list":["post-948","post","type-post","status-publish","format-standard","has-post-thumbnail","hentry","category-tekirdag-gundemi"],"authors":[{"term_id":57,"user_id":1,"is_guest":0,"slug":"admin","display_name":"Alp Aslan","avatar_url":"https:\/\/secure.gravatar.com\/avatar\/07c18c5ad3350b025db8f3328450e071acb435c703e565899c880c63362f137a?s=96&d=mm&r=g","author_category":"1","first_name":"Alp Aslan","last_name":"ER\u0130N","user_url":"http:\/\/www.gundem59.com.tr","job_title":"","description":""}],"_links":{"self":[{"href":"https:\/\/gundem59.com.tr\/index.php?rest_route=\/wp\/v2\/posts\/948","targetHints":{"allow":["GET"]}}],"collection":[{"href":"https:\/\/gundem59.com.tr\/index.php?rest_route=\/wp\/v2\/posts"}],"about":[{"href":"https:\/\/gundem59.com.tr\/index.php?rest_route=\/wp\/v2\/types\/post"}],"author":[{"embeddable":true,"href":"https:\/\/gundem59.com.tr\/index.php?rest_route=\/wp\/v2\/users\/1"}],"replies":[{"embeddable":true,"href":"https:\/\/gundem59.com.tr\/index.php?rest_route=%2Fwp%2Fv2%2Fcomments&post=948"}],"version-history":[{"count":1,"href":"https:\/\/gundem59.com.tr\/index.php?rest_route=\/wp\/v2\/posts\/948\/revisions"}],"predecessor-version":[{"id":950,"href":"https:\/\/gundem59.com.tr\/index.php?rest_route=\/wp\/v2\/posts\/948\/revisions\/950"}],"wp:featuredmedia":[{"embeddable":true,"href":"https:\/\/gundem59.com.tr\/index.php?rest_route=\/wp\/v2\/media\/949"}],"wp:attachment":[{"href":"https:\/\/gundem59.com.tr\/index.php?rest_route=%2Fwp%2Fv2%2Fmedia&parent=948"}],"wp:term":[{"taxonomy":"category","embeddable":true,"href":"https:\/\/gundem59.com.tr\/index.php?rest_route=%2Fwp%2Fv2%2Fcategories&post=948"},{"taxonomy":"post_tag","embeddable":true,"href":"https:\/\/gundem59.com.tr\/index.php?rest_route=%2Fwp%2Fv2%2Ftags&post=948"},{"taxonomy":"author","embeddable":true,"href":"https:\/\/gundem59.com.tr\/index.php?rest_route=%2Fwp%2Fv2%2Fppma_author&post=948"}],"curies":[{"name":"wp","href":"https:\/\/api.w.org\/{rel}","templated":true}]}}