{"id":945,"date":"2026-05-21T13:06:01","date_gmt":"2026-05-21T13:06:01","guid":{"rendered":"https:\/\/gundem59.com.tr\/?p=945"},"modified":"2026-05-21T13:06:01","modified_gmt":"2026-05-21T13:06:01","slug":"tekirdagda-asayis","status":"publish","type":"post","link":"https:\/\/gundem59.com.tr\/?p=945","title":{"rendered":"Tekirda\u011f&#8217;da asayi\u015f"},"content":{"rendered":"\n<p class=\"wp-block-paragraph\">Tekirda\u011f&#8217;\u0131n \u00c7orlu il\u00e7esinde odun y\u00fckl\u00fc t\u0131r\u0131n devrilmesi sonucu s\u00fcr\u00fcc\u00fc yaraland\u0131. Ayr\u0131ca \u00c7orlu ve S\u00fcleymanpa\u015fa&#8217;da d\u00fczenlenen operasyonlarda uyu\u015fturucu hap ve sentetik uyu\u015fturucu ele ge\u00e7irilen iki zanl\u0131 g\u00f6zalt\u0131na al\u0131nd\u0131.<\/p>\n\n\n\n<p class=\"wp-block-paragraph\">Tekirda\u011f&#8217;\u0131n \u00c7orlu il\u00e7esinde odun y\u00fckl\u00fc devrilen t\u0131r\u0131n s\u00fcr\u00fcc\u00fcs\u00fc yaraland\u0131.<\/p>\n\n\n\n<p class=\"wp-block-paragraph\">\u015e.Y. idaresindeki 17 AAB 307 plakal\u0131 t\u0131r, H\u0131d\u0131ra\u011fa Mahallesi&#8217;nde, s\u00fcr\u00fcc\u00fcs\u00fcn\u00fcn direksiyon hakimiyetini kaybetmesi sonucu devrildi.<\/p>\n\n\n\n<p class=\"wp-block-paragraph\">Kazada, t\u0131r s\u00fcr\u00fcc\u00fcs\u00fc yaraland\u0131.<\/p>\n\n\n\n<p class=\"wp-block-paragraph\">Haber verilmesi \u00fczerine olay yerine sa\u011fl\u0131k, polis ve itfaiye ekipleri sevk edildi.<\/p>\n\n\n\n<p class=\"wp-block-paragraph\">Yaral\u0131 s\u00fcr\u00fcc\u00fc, olay yerindeki ilk m\u00fcdahalenin ard\u0131ndan \u00c7orlu Devlet Hastanesine kald\u0131r\u0131ld\u0131.<\/p>\n\n\n\n<p class=\"wp-block-paragraph\">-Uyu\u015fturucu hap ele ge\u00e7irildi<\/p>\n\n\n\n<p class=\"wp-block-paragraph\">\u00c7orlu il\u00e7esinde \u00fcst aramas\u0131nda uyu\u015fturucu hap ele ge\u00e7irilen zanl\u0131 g\u00f6zalt\u0131na al\u0131nd\u0131.<\/p>\n\n\n\n<p class=\"wp-block-paragraph\">\u0130l\u00e7e Emniyet M\u00fcd\u00fcrl\u00fc\u011f\u00fc ekipleri, H\u0131d\u0131ra\u011fa Mahallesi&#8217;nde \u015f\u00fcphe \u00fczerine bir ki\u015fiyi durdurdu.<\/p>\n\n\n\n<p class=\"wp-block-paragraph\">\u00dcst aramas\u0131nda sentetik ecza hap ele ge\u00e7irilen zanl\u0131 g\u00f6zalt\u0131na al\u0131nd\u0131.<\/p>\n\n\n\n<p class=\"wp-block-paragraph\">\u00dcst aramas\u0131nda uyu\u015fturucu bulundu<\/p>\n\n\n\n<p class=\"wp-block-paragraph\">S\u00fcleymanpa\u015fa il\u00e7esinde \u00fcst aramas\u0131nda sentetik uyu\u015fturucu ele ge\u00e7irilen zanl\u0131 g\u00f6zalt\u0131na al\u0131nd\u0131.<\/p>\n\n\n\n<p class=\"wp-block-paragraph\">\u0130l\u00e7e Emniyet M\u00fcd\u00fcrl\u00fc\u011f\u00fc ekipleri, Aydo\u011fdu Mahallesi&#8217;nde \u015f\u00fcphe \u00fczerine bir ki\u015fiyi durdurdu.<\/p>\n\n\n\n<p class=\"wp-block-paragraph\">\u00dcst aramas\u0131nda sentetik uyu\u015fturucu ele ge\u00e7irilen zanl\u0131 g\u00f6zalt\u0131na al\u0131nd\u0131.<\/p>\n","protected":false},"excerpt":{"rendered":"<p>Tekirda\u011f&#8217;\u0131n \u00c7orlu il\u00e7esinde odun y\u00fckl\u00fc t\u0131r\u0131n devrilmesi sonucu s\u00fcr\u00fcc\u00fc yaraland\u0131. Ayr\u0131ca \u00c7orlu ve S\u00fcleymanpa\u015fa&#8217;da d\u00fczenlenen&#8230;<\/p>\n","protected":false},"author":1,"featured_media":946,"comment_status":"closed","ping_status":"closed","sticky":false,"template":"","format":"standard","meta":{"footnotes":""},"categories":[5,29,14,1],"tags":[],"ppma_author":[57],"class_list":["post-945","post","type-post","status-publish","format-standard","has-post-thumbnail","hentry","category-corlu","category-gundem","category-suleymanpasa","category-tekirdag-gundemi"],"authors":[{"term_id":57,"user_id":1,"is_guest":0,"slug":"admin","display_name":"Alp Aslan","avatar_url":"https:\/\/secure.gravatar.com\/avatar\/07c18c5ad3350b025db8f3328450e071acb435c703e565899c880c63362f137a?s=96&d=mm&r=g","author_category":"1","first_name":"Alp Aslan","last_name":"ER\u0130N","user_url":"http:\/\/www.gundem59.com.tr","job_title":"","description":""}],"_links":{"self":[{"href":"https:\/\/gundem59.com.tr\/index.php?rest_route=\/wp\/v2\/posts\/945","targetHints":{"allow":["GET"]}}],"collection":[{"href":"https:\/\/gundem59.com.tr\/index.php?rest_route=\/wp\/v2\/posts"}],"about":[{"href":"https:\/\/gundem59.com.tr\/index.php?rest_route=\/wp\/v2\/types\/post"}],"author":[{"embeddable":true,"href":"https:\/\/gundem59.com.tr\/index.php?rest_route=\/wp\/v2\/users\/1"}],"replies":[{"embeddable":true,"href":"https:\/\/gundem59.com.tr\/index.php?rest_route=%2Fwp%2Fv2%2Fcomments&post=945"}],"version-history":[{"count":1,"href":"https:\/\/gundem59.com.tr\/index.php?rest_route=\/wp\/v2\/posts\/945\/revisions"}],"predecessor-version":[{"id":947,"href":"https:\/\/gundem59.com.tr\/index.php?rest_route=\/wp\/v2\/posts\/945\/revisions\/947"}],"wp:featuredmedia":[{"embeddable":true,"href":"https:\/\/gundem59.com.tr\/index.php?rest_route=\/wp\/v2\/media\/946"}],"wp:attachment":[{"href":"https:\/\/gundem59.com.tr\/index.php?rest_route=%2Fwp%2Fv2%2Fmedia&parent=945"}],"wp:term":[{"taxonomy":"category","embeddable":true,"href":"https:\/\/gundem59.com.tr\/index.php?rest_route=%2Fwp%2Fv2%2Fcategories&post=945"},{"taxonomy":"post_tag","embeddable":true,"href":"https:\/\/gundem59.com.tr\/index.php?rest_route=%2Fwp%2Fv2%2Ftags&post=945"},{"taxonomy":"author","embeddable":true,"href":"https:\/\/gundem59.com.tr\/index.php?rest_route=%2Fwp%2Fv2%2Fppma_author&post=945"}],"curies":[{"name":"wp","href":"https:\/\/api.w.org\/{rel}","templated":true}]}}