{"id":918,"date":"2026-05-21T12:21:33","date_gmt":"2026-05-21T12:21:33","guid":{"rendered":"https:\/\/gundem59.com.tr\/?p=918"},"modified":"2026-05-21T12:21:33","modified_gmt":"2026-05-21T12:21:33","slug":"kurban-bayraminda-kopru-ve-otoyol-ile-3-buyuksehirde-toplu-ulasim-ucretsiz","status":"publish","type":"post","link":"https:\/\/gundem59.com.tr\/?p=918","title":{"rendered":"Kurban Bayram\u0131&#8217;nda k\u00f6pr\u00fc ve otoyol ile 3 b\u00fcy\u00fck\u015fehirde toplu ula\u015f\u0131m \u00fccretsiz"},"content":{"rendered":"\n<p class=\"wp-block-paragraph\">Kurban Bayram\u0131 tatili kapsam\u0131nda kamuya ait k\u00f6pr\u00fcler ile otoyollar ve 3 b\u00fcy\u00fck\u015fehirde toplu ta\u015f\u0131ma \u00fccretsiz oldu. Uygulama 26 May\u0131s 2026 Sal\u0131 g\u00fcn\u00fc ba\u015flay\u0131p 30 May\u0131s gece yar\u0131s\u0131na kadar devam edecek.<\/p>\n\n\n\n<p class=\"wp-block-paragraph\">Kurban Bayram\u0131 nedeniyle kamuya ait k\u00f6pr\u00fc, otoyol ve toplu ula\u015f\u0131m hizmetlerinde \u00fccretsiz oldu.<\/p>\n\n\n\n<p class=\"wp-block-paragraph\">Karar kapsam\u0131nda milyonlarca vatanda\u015f, belirlenen tarihler aras\u0131nda baz\u0131 kara yolu ve rayl\u0131 sistem hatlar\u0131ndan \u00fccretsiz yararlanabilecek.<\/p>\n\n\n\n<h3 class=\"wp-block-heading\">K\u00d6PR\u00dc OTOYOLLAR 30 MAYIS&#8217;A KADAR \u00dcCRETS\u0130Z<\/h3>\n\n\n\n<p class=\"wp-block-paragraph\">26 May\u0131s 2026 Sal\u0131 g\u00fcn\u00fc saat 00.00 itibar\u0131yla ba\u015flayan uygulama kapsam\u0131nda, yap-i\u015flet-devret projeleri hari\u00e7 olmak \u00fczere Karayollar\u0131 Genel M\u00fcd\u00fcrl\u00fc\u011f\u00fc sorumlulu\u011fundaki otoyollar \u00fccretsiz oldu.&nbsp;Ayr\u0131ca;&nbsp;15 Temmuz \u015eehitler K\u00f6pr\u00fcs\u00fc,&nbsp;Fatih Sultan Mehmet K\u00f6pr\u00fcs\u00fc de \u00fccretsiz ge\u00e7i\u015f uygulamas\u0131na dahil edildi.&nbsp;\u00dccretsiz ge\u00e7i\u015f uygulamas\u0131 30 May\u0131s 2026 Cumartesi g\u00fcn\u00fc saat 24.00\u2019e kadar devam edecek.<\/p>\n\n\n\n<h3 class=\"wp-block-heading\">TOPLU ULA\u015eIM DA \u00dcCRETS\u0130Z<\/h3>\n\n\n\n<p class=\"wp-block-paragraph\">Bayram s\u00fcresince baz\u0131 rayl\u0131 sistemler ve belediyelere ba\u011fl\u0131 toplu ta\u015f\u0131ma ara\u00e7lar\u0131 da \u00fccretsiz hizmet verecek.&nbsp;27 May\u0131s 2026 \u00c7ar\u015famba g\u00fcn\u00fc saat 00.00\u2019dan ba\u015flayarak 30 May\u0131s 2026 Cumartesi g\u00fcn\u00fc saat 24.00\u2019e kadar \u015fu hatlarda \u00fccretsiz ula\u015f\u0131m uygulanacak:<\/p>\n\n\n\n<ul class=\"wp-block-list\">\n<li>Ba\u015fkentray<\/li>\n\n\n\n<li>Marmaray<\/li>\n\n\n\n<li>\u0130ZBAN<\/li>\n\n\n\n<li>Sirkeci-Kazl\u0131\u00e7e\u015fme Rayl\u0131 Sistem Hatt\u0131<\/li>\n\n\n\n<li>Gayrettepe-\u0130stanbul Havaliman\u0131-Arnavutk\u00f6y Metro Hatt\u0131<\/li>\n<\/ul>\n\n\n\n<p class=\"wp-block-paragraph\">Ayr\u0131ca belediyeler ile bunlar\u0131n kurdu\u011fu birlik, m\u00fcessese ve i\u015fletmeler taraf\u0131ndan y\u00fcr\u00fct\u00fclen toplu ta\u015f\u0131ma hizmetlerinden de \u00fccretsiz faydalan\u0131labilecek.<\/p>\n","protected":false},"excerpt":{"rendered":"<p>Kurban Bayram\u0131 tatili kapsam\u0131nda kamuya ait k\u00f6pr\u00fcler ile otoyollar ve 3 b\u00fcy\u00fck\u015fehirde toplu ta\u015f\u0131ma \u00fccretsiz&#8230;<\/p>\n","protected":false},"author":1,"featured_media":919,"comment_status":"closed","ping_status":"closed","sticky":false,"template":"","format":"standard","meta":{"footnotes":""},"categories":[30],"tags":[],"ppma_author":[57],"class_list":["post-918","post","type-post","status-publish","format-standard","has-post-thumbnail","hentry","category-ulusal-gundem"],"authors":[{"term_id":57,"user_id":1,"is_guest":0,"slug":"admin","display_name":"Alp Aslan","avatar_url":"https:\/\/secure.gravatar.com\/avatar\/07c18c5ad3350b025db8f3328450e071acb435c703e565899c880c63362f137a?s=96&d=mm&r=g","author_category":"1","first_name":"Alp Aslan","last_name":"ER\u0130N","user_url":"http:\/\/www.gundem59.com.tr","job_title":"","description":""}],"_links":{"self":[{"href":"https:\/\/gundem59.com.tr\/index.php?rest_route=\/wp\/v2\/posts\/918","targetHints":{"allow":["GET"]}}],"collection":[{"href":"https:\/\/gundem59.com.tr\/index.php?rest_route=\/wp\/v2\/posts"}],"about":[{"href":"https:\/\/gundem59.com.tr\/index.php?rest_route=\/wp\/v2\/types\/post"}],"author":[{"embeddable":true,"href":"https:\/\/gundem59.com.tr\/index.php?rest_route=\/wp\/v2\/users\/1"}],"replies":[{"embeddable":true,"href":"https:\/\/gundem59.com.tr\/index.php?rest_route=%2Fwp%2Fv2%2Fcomments&post=918"}],"version-history":[{"count":1,"href":"https:\/\/gundem59.com.tr\/index.php?rest_route=\/wp\/v2\/posts\/918\/revisions"}],"predecessor-version":[{"id":920,"href":"https:\/\/gundem59.com.tr\/index.php?rest_route=\/wp\/v2\/posts\/918\/revisions\/920"}],"wp:featuredmedia":[{"embeddable":true,"href":"https:\/\/gundem59.com.tr\/index.php?rest_route=\/wp\/v2\/media\/919"}],"wp:attachment":[{"href":"https:\/\/gundem59.com.tr\/index.php?rest_route=%2Fwp%2Fv2%2Fmedia&parent=918"}],"wp:term":[{"taxonomy":"category","embeddable":true,"href":"https:\/\/gundem59.com.tr\/index.php?rest_route=%2Fwp%2Fv2%2Fcategories&post=918"},{"taxonomy":"post_tag","embeddable":true,"href":"https:\/\/gundem59.com.tr\/index.php?rest_route=%2Fwp%2Fv2%2Ftags&post=918"},{"taxonomy":"author","embeddable":true,"href":"https:\/\/gundem59.com.tr\/index.php?rest_route=%2Fwp%2Fv2%2Fppma_author&post=918"}],"curies":[{"name":"wp","href":"https:\/\/api.w.org\/{rel}","templated":true}]}}