{"id":80,"date":"2026-03-22T08:12:51","date_gmt":"2026-03-22T08:12:51","guid":{"rendered":"https:\/\/gundem59.com.tr\/?p=80"},"modified":"2026-03-22T08:12:52","modified_gmt":"2026-03-22T08:12:52","slug":"tekirdag-suleymanpasada-iki-grup-arasinda-meydana-gelen-kavga-sonucu-1-kisi-yaralandi","status":"publish","type":"post","link":"https:\/\/gundem59.com.tr\/?p=80","title":{"rendered":"Tekirda\u011f S\u00fcleymanpa\u015fa&#8217;da \u0130ki Grup Aras\u0131nda Meydana Gelen Kavga Sonucu 1 Ki\u015fi Yaraland\u0131"},"content":{"rendered":"\n<p class=\"wp-block-paragraph\">Tekirda\u011f S\u00fcleymanpa\u015fa&#8217;da iki grup aras\u0131nda ya\u015fanan b\u0131\u00e7akl\u0131 kavgada bir ki\u015fi yaraland\u0131. Olay, g\u00fcvenlik kameralar\u0131 taraf\u0131ndan kaydedildi.<\/p>\n\n\n\n<p class=\"wp-block-paragraph\">Edinilen bilgilere g\u00f6re, ak\u015fam saat 19.30 s\u0131ralar\u0131nda De\u011firmenalt\u0131 Mahallesi&#8217;nde iki grup aras\u0131nda hen\u00fcz belirlenemeyen bir sebeple tart\u0131\u015fma ba\u015flad\u0131. K\u0131sa s\u00fcre i\u00e7inde b\u00fcy\u00fcyen tart\u0131\u015fma, b\u0131\u00e7akl\u0131 kavgaya d\u00f6n\u00fc\u015ft\u00fc. Bu s\u0131rada E.T.G. isimli bir \u015fah\u0131s b\u0131\u00e7akla yaraland\u0131. \u0130hbar \u00fczerine olay yerine sa\u011fl\u0131k ve polis ekipleri sevk edildi. Yaral\u0131, sa\u011fl\u0131k ekiplerinin olay yerindeki ilk m\u00fcdahalesinin ard\u0131ndan ambulansla hastaneye kald\u0131r\u0131ld\u0131 ve tedavi alt\u0131na al\u0131nd\u0131. Polis ekipleri, olayla ilgili inceleme ba\u015flatt\u0131. Kavgaya kar\u0131\u015fan ki\u015filerin tespiti ve yakalanmas\u0131 i\u00e7in \u00e7al\u0131\u015fmalar devam ediyor.<\/p>\n\n\n\n<p class=\"wp-block-paragraph\">\u00d6te yandan, olay\u0131n an\u0131, taksi dura\u011f\u0131n\u0131n g\u00fcvenlik kameras\u0131na yans\u0131d\u0131. G\u00f6r\u00fcnt\u00fclerde, iki taraf\u0131n tart\u0131\u015fmas\u0131n\u0131n h\u0131zla kavgaya d\u00f6n\u00fc\u015ft\u00fc\u011f\u00fc ve ya\u015fanan arbede s\u0131ras\u0131nda yaralama olay\u0131n\u0131n ger\u00e7ekle\u015fti\u011fi g\u00f6zlemleniyor. Bu t\u00fcr olaylar\u0131n \u00f6nlenmesi amac\u0131yla g\u00fcvenlik \u00f6nlemlerinin artt\u0131r\u0131lmas\u0131 gerekti\u011fi d\u00fc\u015f\u00fcn\u00fcl\u00fcyor.<\/p>\n","protected":false},"excerpt":{"rendered":"<p>Tekirda\u011f S\u00fcleymanpa\u015fa&#8217;da iki grup aras\u0131nda ya\u015fanan b\u0131\u00e7akl\u0131 kavgada bir ki\u015fi yaraland\u0131. Olay, g\u00fcvenlik kameralar\u0131 taraf\u0131ndan&#8230;<\/p>\n","protected":false},"author":1,"featured_media":81,"comment_status":"open","ping_status":"open","sticky":false,"template":"","format":"standard","meta":{"footnotes":""},"categories":[1],"tags":[],"ppma_author":[57],"class_list":["post-80","post","type-post","status-publish","format-standard","has-post-thumbnail","hentry","category-tekirdag-gundemi"],"authors":[{"term_id":57,"user_id":1,"is_guest":0,"slug":"admin","display_name":"Alp Aslan","avatar_url":"https:\/\/secure.gravatar.com\/avatar\/07c18c5ad3350b025db8f3328450e071acb435c703e565899c880c63362f137a?s=96&d=mm&r=g","author_category":"1","first_name":"Alp Aslan","last_name":"ER\u0130N","user_url":"http:\/\/www.gundem59.com.tr","job_title":"","description":""}],"_links":{"self":[{"href":"https:\/\/gundem59.com.tr\/index.php?rest_route=\/wp\/v2\/posts\/80","targetHints":{"allow":["GET"]}}],"collection":[{"href":"https:\/\/gundem59.com.tr\/index.php?rest_route=\/wp\/v2\/posts"}],"about":[{"href":"https:\/\/gundem59.com.tr\/index.php?rest_route=\/wp\/v2\/types\/post"}],"author":[{"embeddable":true,"href":"https:\/\/gundem59.com.tr\/index.php?rest_route=\/wp\/v2\/users\/1"}],"replies":[{"embeddable":true,"href":"https:\/\/gundem59.com.tr\/index.php?rest_route=%2Fwp%2Fv2%2Fcomments&post=80"}],"version-history":[{"count":1,"href":"https:\/\/gundem59.com.tr\/index.php?rest_route=\/wp\/v2\/posts\/80\/revisions"}],"predecessor-version":[{"id":82,"href":"https:\/\/gundem59.com.tr\/index.php?rest_route=\/wp\/v2\/posts\/80\/revisions\/82"}],"wp:featuredmedia":[{"embeddable":true,"href":"https:\/\/gundem59.com.tr\/index.php?rest_route=\/wp\/v2\/media\/81"}],"wp:attachment":[{"href":"https:\/\/gundem59.com.tr\/index.php?rest_route=%2Fwp%2Fv2%2Fmedia&parent=80"}],"wp:term":[{"taxonomy":"category","embeddable":true,"href":"https:\/\/gundem59.com.tr\/index.php?rest_route=%2Fwp%2Fv2%2Fcategories&post=80"},{"taxonomy":"post_tag","embeddable":true,"href":"https:\/\/gundem59.com.tr\/index.php?rest_route=%2Fwp%2Fv2%2Ftags&post=80"},{"taxonomy":"author","embeddable":true,"href":"https:\/\/gundem59.com.tr\/index.php?rest_route=%2Fwp%2Fv2%2Fppma_author&post=80"}],"curies":[{"name":"wp","href":"https:\/\/api.w.org\/{rel}","templated":true}]}}