{"id":77,"date":"2026-03-22T08:10:06","date_gmt":"2026-03-22T08:10:06","guid":{"rendered":"https:\/\/gundem59.com.tr\/?p=77"},"modified":"2026-03-22T08:10:06","modified_gmt":"2026-03-22T08:10:06","slug":"tekirdagda-gece-baslayan-kar-yagisi-yuksek-kesimleri-kapladi","status":"publish","type":"post","link":"https:\/\/gundem59.com.tr\/?p=77","title":{"rendered":"Tekirda\u011f&#8217;da Gece Ba\u015flayan Kar Ya\u011f\u0131\u015f\u0131 Y\u00fcksek Kesimleri Kaplad\u0131"},"content":{"rendered":"\n<p class=\"wp-block-paragraph\">Tekirda\u011f&#8217;da gece saatlerinden itibaren ba\u015flayan kar ya\u011f\u0131\u015f\u0131, kentin y\u00fcksek kesimlerinde beyaz bir \u00f6rt\u00fc olu\u015fturdu. Ganos Da\u011f\u0131 ve \u00e7evresinde kar kal\u0131nl\u0131\u011f\u0131 10 santimetreye kadar ula\u015ft\u0131.<\/p>\n\n\n\n<p class=\"wp-block-paragraph\">Tekirda\u011f\u2019da hava s\u0131cakl\u0131klar\u0131n\u0131n d\u00fc\u015fmesiyle birlikte, \u00f6zellikle Ganos Da\u011f\u0131 ve \u00e7evresinde etkili olan kar ya\u011f\u0131\u015f\u0131, b\u00f6lgenin y\u00fcksek kesimlerini beyaz \u00f6rt\u00fcyle kaplad\u0131. Sabah saatlerinde b\u00f6lgeye giden vatanda\u015flar, karla kapl\u0131 manzaralarla kar\u015f\u0131la\u015ft\u0131. Ya\u011f\u0131\u015f\u0131n yer yer etkisini art\u0131rmas\u0131 nedeniyle, baz\u0131 noktalardaki kar kal\u0131nl\u0131\u011f\u0131 10 santimetreyi buldu.<\/p>\n\n\n\n<p class=\"wp-block-paragraph\">Kar ya\u011f\u0131\u015f\u0131n\u0131n ard\u0131ndan do\u011fa beyaza b\u00fcr\u00fcnerek g\u00f6rsel bir \u015f\u00f6len sundu. Ganos Da\u011f\u0131 eteklerinde olu\u015fan kartpostall\u0131k g\u00f6r\u00fcnt\u00fcler, b\u00f6lgeye gelen vatanda\u015flar\u0131n ilgisini \u00e7ekti. Bir\u00e7ok ki\u015fi, bu g\u00fczel manzaran\u0131n tad\u0131n\u0131 \u00e7\u0131kar\u0131rken, an\u0131 \u00f6l\u00fcms\u00fczle\u015ftirmek i\u00e7in foto\u011fraflar \u00e7ekmeyi de ihmal etmedi. Baz\u0131 vatanda\u015flar\u0131n ara\u00e7lar\u0131yla y\u00fcksek kesimlere \u00e7\u0131karak karla vakit ge\u00e7irdi\u011fi g\u00f6zlendi. B\u00f6ylece, Tekirda\u011f\u2019\u0131n k\u0131\u015f mevsimindeki do\u011fal g\u00fczellikleri, yerli ve yabanc\u0131 ziyaret\u00e7ilerin ilgisini \u00e7ekti.<\/p>\n","protected":false},"excerpt":{"rendered":"<p>Tekirda\u011f&#8217;da gece saatlerinden itibaren ba\u015flayan kar ya\u011f\u0131\u015f\u0131, kentin y\u00fcksek kesimlerinde beyaz bir \u00f6rt\u00fc olu\u015fturdu. Ganos&#8230;<\/p>\n","protected":false},"author":1,"featured_media":78,"comment_status":"open","ping_status":"open","sticky":false,"template":"","format":"standard","meta":{"footnotes":""},"categories":[1],"tags":[],"ppma_author":[57],"class_list":["post-77","post","type-post","status-publish","format-standard","has-post-thumbnail","hentry","category-tekirdag-gundemi"],"authors":[{"term_id":57,"user_id":1,"is_guest":0,"slug":"admin","display_name":"Alp Aslan","avatar_url":"https:\/\/secure.gravatar.com\/avatar\/07c18c5ad3350b025db8f3328450e071acb435c703e565899c880c63362f137a?s=96&d=mm&r=g","author_category":"1","first_name":"Alp Aslan","last_name":"ER\u0130N","user_url":"http:\/\/www.gundem59.com.tr","job_title":"","description":""}],"_links":{"self":[{"href":"https:\/\/gundem59.com.tr\/index.php?rest_route=\/wp\/v2\/posts\/77","targetHints":{"allow":["GET"]}}],"collection":[{"href":"https:\/\/gundem59.com.tr\/index.php?rest_route=\/wp\/v2\/posts"}],"about":[{"href":"https:\/\/gundem59.com.tr\/index.php?rest_route=\/wp\/v2\/types\/post"}],"author":[{"embeddable":true,"href":"https:\/\/gundem59.com.tr\/index.php?rest_route=\/wp\/v2\/users\/1"}],"replies":[{"embeddable":true,"href":"https:\/\/gundem59.com.tr\/index.php?rest_route=%2Fwp%2Fv2%2Fcomments&post=77"}],"version-history":[{"count":1,"href":"https:\/\/gundem59.com.tr\/index.php?rest_route=\/wp\/v2\/posts\/77\/revisions"}],"predecessor-version":[{"id":79,"href":"https:\/\/gundem59.com.tr\/index.php?rest_route=\/wp\/v2\/posts\/77\/revisions\/79"}],"wp:featuredmedia":[{"embeddable":true,"href":"https:\/\/gundem59.com.tr\/index.php?rest_route=\/wp\/v2\/media\/78"}],"wp:attachment":[{"href":"https:\/\/gundem59.com.tr\/index.php?rest_route=%2Fwp%2Fv2%2Fmedia&parent=77"}],"wp:term":[{"taxonomy":"category","embeddable":true,"href":"https:\/\/gundem59.com.tr\/index.php?rest_route=%2Fwp%2Fv2%2Fcategories&post=77"},{"taxonomy":"post_tag","embeddable":true,"href":"https:\/\/gundem59.com.tr\/index.php?rest_route=%2Fwp%2Fv2%2Ftags&post=77"},{"taxonomy":"author","embeddable":true,"href":"https:\/\/gundem59.com.tr\/index.php?rest_route=%2Fwp%2Fv2%2Fppma_author&post=77"}],"curies":[{"name":"wp","href":"https:\/\/api.w.org\/{rel}","templated":true}]}}