{"id":750,"date":"2026-05-15T15:44:35","date_gmt":"2026-05-15T15:44:35","guid":{"rendered":"https:\/\/gundem59.com.tr\/?p=750"},"modified":"2026-05-15T15:44:35","modified_gmt":"2026-05-15T15:44:35","slug":"cerkezkoyde-kadinlarin-el-emegi-dayanismayla-bulustu","status":"publish","type":"post","link":"https:\/\/gundem59.com.tr\/?p=750","title":{"rendered":"\u00c7ERKEZK\u00d6Y&#8217;DE KADINLARIN EL EME\u011e\u0130 DAYANI\u015eMAYLA BULU\u015eTU"},"content":{"rendered":"\n<p class=\"wp-block-paragraph\">Tekirda\u011f B\u00fcy\u00fck\u015fehir Belediyesi Sa\u011fl\u0131k ve Sosyal Hizmetler Dairesi Ba\u015fkanl\u0131\u011f\u0131\u2019na ba\u011fl\u0131 \u00c7erkezk\u00f6y Kad\u0131n Dan\u0131\u015fma Merkezi, Nisan ay\u0131 boyunca d\u00fczenledi\u011fi &#8220;Kad\u0131n El Eme\u011fi At\u00f6lyeleri&#8221; ile kad\u0131nlara hem \u00fcretim hem de sosyalle\u015fme imk\u00e2n\u0131 sa\u011flad\u0131.<\/p>\n\n\n\n<p class=\"wp-block-paragraph\">\u00c7erkezk\u00f6y Kad\u0131n Dan\u0131\u015fma Merkezi, Nisan ay\u0131 boyunca kad\u0131nlar\u0131n el becerilerini geli\u015ftirmek ve sosyal ba\u011flar\u0131n\u0131 g\u00fc\u00e7lendirmek amac\u0131yla kapsaml\u0131 bir at\u00f6lye program\u0131na ev sahipli\u011fi yapt\u0131. Punch yap\u0131m\u0131, \u00f6rg\u00fcden elbise tasar\u0131m\u0131 ve supla yap\u0131m\u0131 olmak \u00fczere \u00fc\u00e7 farkl\u0131 bran\u015fta ger\u00e7ekle\u015ftirilen etkinlikler, kat\u0131l\u0131mc\u0131lardan yo\u011fun ilgi g\u00f6rd\u00fc.<\/p>\n\n\n\n<p class=\"wp-block-paragraph\">Haftan\u0131n \u00fc\u00e7 g\u00fcn\u00fc, sabah ve \u00f6\u011fleden sonra olmak \u00fczere iki ayr\u0131 oturum \u015feklinde d\u00fczenlenen at\u00f6lyelerde kad\u0131nlar, uzman e\u011fiticiler e\u015fli\u011finde yeni teknikler \u00f6\u011frendi. Yo\u011fun ge\u00e7en e\u011fitim maratonunda kad\u0131nlar, bir yandan bo\u015f zamanlar\u0131n\u0131 verimli bir \u015fekilde de\u011ferlendirirken di\u011fer yandan \u00f6zg\u00fcn el eme\u011fi \u00fcr\u00fcnlerini ortaya \u00e7\u0131karman\u0131n mutlulu\u011funu ya\u015fad\u0131.<\/p>\n\n\n\n<p class=\"wp-block-paragraph\">Kad\u0131nlar\u0131n yaln\u0131zca el becerilerini geli\u015ftirmesine katk\u0131 sunmayan at\u00f6lyeler, ayn\u0131 zamanda sosyal dayan\u0131\u015fmay\u0131 g\u00fc\u00e7lendiren bir bulu\u015fma ortam\u0131na da d\u00f6n\u00fc\u015ft\u00fc. E\u011fitim s\u00fcresince payla\u015f\u0131lan deneyimler ve kurulan yeni dostluklar, kad\u0131nlar\u0131n g\u00fcnl\u00fck ya\u015fam\u0131n stresinden uzakla\u015fmas\u0131na katk\u0131 sa\u011flarken \u00fcretim yapman\u0131n motivasyonuyla sosyal hayata daha aktif kat\u0131l\u0131m sa\u011flamalar\u0131na da olanak sundu.<\/p>\n\n\n\n<p class=\"wp-block-paragraph\">Kad\u0131nlar\u0131n her alanda desteklenmesi amac\u0131yla benzer sosyal ve k\u00fclt\u00fcrel etkinliklerin \u00f6n\u00fcm\u00fczdeki d\u00f6nemde de artarak devam edecek.<\/p>\n","protected":false},"excerpt":{"rendered":"<p>Tekirda\u011f B\u00fcy\u00fck\u015fehir Belediyesi Sa\u011fl\u0131k ve Sosyal Hizmetler Dairesi Ba\u015fkanl\u0131\u011f\u0131\u2019na ba\u011fl\u0131 \u00c7erkezk\u00f6y Kad\u0131n Dan\u0131\u015fma Merkezi, Nisan&#8230;<\/p>\n","protected":false},"author":1,"featured_media":751,"comment_status":"closed","ping_status":"closed","sticky":false,"template":"","format":"standard","meta":{"footnotes":""},"categories":[1],"tags":[],"ppma_author":[57],"class_list":["post-750","post","type-post","status-publish","format-standard","has-post-thumbnail","hentry","category-tekirdag-gundemi"],"authors":[{"term_id":57,"user_id":1,"is_guest":0,"slug":"admin","display_name":"Alp Aslan","avatar_url":"https:\/\/secure.gravatar.com\/avatar\/07c18c5ad3350b025db8f3328450e071acb435c703e565899c880c63362f137a?s=96&d=mm&r=g","author_category":"1","first_name":"Alp Aslan","last_name":"ER\u0130N","user_url":"http:\/\/www.gundem59.com.tr","job_title":"","description":""}],"_links":{"self":[{"href":"https:\/\/gundem59.com.tr\/index.php?rest_route=\/wp\/v2\/posts\/750","targetHints":{"allow":["GET"]}}],"collection":[{"href":"https:\/\/gundem59.com.tr\/index.php?rest_route=\/wp\/v2\/posts"}],"about":[{"href":"https:\/\/gundem59.com.tr\/index.php?rest_route=\/wp\/v2\/types\/post"}],"author":[{"embeddable":true,"href":"https:\/\/gundem59.com.tr\/index.php?rest_route=\/wp\/v2\/users\/1"}],"replies":[{"embeddable":true,"href":"https:\/\/gundem59.com.tr\/index.php?rest_route=%2Fwp%2Fv2%2Fcomments&post=750"}],"version-history":[{"count":1,"href":"https:\/\/gundem59.com.tr\/index.php?rest_route=\/wp\/v2\/posts\/750\/revisions"}],"predecessor-version":[{"id":752,"href":"https:\/\/gundem59.com.tr\/index.php?rest_route=\/wp\/v2\/posts\/750\/revisions\/752"}],"wp:featuredmedia":[{"embeddable":true,"href":"https:\/\/gundem59.com.tr\/index.php?rest_route=\/wp\/v2\/media\/751"}],"wp:attachment":[{"href":"https:\/\/gundem59.com.tr\/index.php?rest_route=%2Fwp%2Fv2%2Fmedia&parent=750"}],"wp:term":[{"taxonomy":"category","embeddable":true,"href":"https:\/\/gundem59.com.tr\/index.php?rest_route=%2Fwp%2Fv2%2Fcategories&post=750"},{"taxonomy":"post_tag","embeddable":true,"href":"https:\/\/gundem59.com.tr\/index.php?rest_route=%2Fwp%2Fv2%2Ftags&post=750"},{"taxonomy":"author","embeddable":true,"href":"https:\/\/gundem59.com.tr\/index.php?rest_route=%2Fwp%2Fv2%2Fppma_author&post=750"}],"curies":[{"name":"wp","href":"https:\/\/api.w.org\/{rel}","templated":true}]}}