{"id":744,"date":"2026-05-15T15:29:22","date_gmt":"2026-05-15T15:29:22","guid":{"rendered":"https:\/\/gundem59.com.tr\/?p=744"},"modified":"2026-05-15T15:29:23","modified_gmt":"2026-05-15T15:29:23","slug":"kadin-gozuyle-daha-guclu-bir-tekirdag-icin-anket-calismasi-baslatildi","status":"publish","type":"post","link":"https:\/\/gundem59.com.tr\/?p=744","title":{"rendered":"KADIN G\u00d6Z\u00dcYLE DAHA G\u00dc\u00c7L\u00dc B\u0130R TEK\u0130RDA\u011e \u0130\u00c7\u0130N ANKET \u00c7ALI\u015eMASI BA\u015eLATILDI"},"content":{"rendered":"\n<p class=\"wp-block-paragraph\">Tekirda\u011f B\u00fcy\u00fck\u015fehir Belediyesi, kad\u0131n dostu bir kent hedefi do\u011frultusunda \u00e7al\u0131\u015fmalar\u0131n\u0131 s\u00fcrd\u00fcr\u00fcrken, kad\u0131nlar\u0131n kent ya\u015fam\u0131na dair g\u00f6r\u00fc\u015f ve deneyimlerini do\u011frudan yans\u0131taca\u011f\u0131 \u00f6nemli bir \u00e7al\u0131\u015fmay\u0131 daha hayata ge\u00e7irdi. Sa\u011fl\u0131k ve Sosyal Hizmetler Dairesi Ba\u015fkanl\u0131\u011f\u0131\u2019na ba\u011fl\u0131 Kad\u0131n ve Aile Hizmetleri \u015eube M\u00fcd\u00fcrl\u00fc\u011f\u00fc taraf\u0131ndan haz\u0131rlanan \u201cKad\u0131n G\u00f6z\u00fcyle Kent Anketi\u201d vatanda\u015flar\u0131n kat\u0131l\u0131m\u0131na a\u00e7\u0131ld\u0131.<\/p>\n\n\n\n<p class=\"wp-block-paragraph\">Daha e\u015fit, g\u00fcvenli ve ya\u015fanabilir bir Tekirda\u011f hedefiyle ba\u015flat\u0131lan \u00e7al\u0131\u015fma, \u00f6zellikle kad\u0131nlar ve k\u0131z \u00e7ocuklar\u0131 ba\u015fta olmak \u00fczere t\u00fcm dezavantajl\u0131 gruplar\u0131n kentsel hizmetlerden e\u015fit bir \u015fekilde yararlanmas\u0131n\u0131 temel al\u0131yor. Anketle, kent ya\u015fam\u0131ndaki sosyal imk\u00e2nlardan ula\u015f\u0131ma, g\u00fcvenlikten \u00e7evre d\u00fczenlemesine kadar pek \u00e7ok alanda kad\u0131nlar\u0131n deneyimlerinin do\u011frudan yerel y\u00f6netim politikalar\u0131na aktar\u0131lmas\u0131 hedefleniyor. Kat\u0131l\u0131mc\u0131lardan gelecek geri bildirimler, B\u00fcy\u00fck\u015fehir Belediyesi\u2019nin \u00f6n\u00fcm\u00fczdeki d\u00f6nemde hayata ge\u00e7irece\u011fi projeler ve hizmet planlamalar\u0131 i\u00e7in temel bir veri kayna\u011f\u0131 olu\u015fturacak.<\/p>\n\n\n\n<p class=\"wp-block-paragraph\">B\u00fcy\u00fck\u015fehir Belediyesi, kat\u0131l\u0131mc\u0131 ve kapsay\u0131c\u0131 belediyecilik anlay\u0131\u015f\u0131yla kent ya\u015fam\u0131n\u0131 kad\u0131nlar\u0131n bak\u0131\u015f a\u00e7\u0131s\u0131yla de\u011ferlendirmeyi ama\u00e7l\u0131yor. Daha e\u015fit, daha g\u00fcvenli ve daha ya\u015fanabilir bir Tekirda\u011f i\u00e7in haz\u0131rlanan ankette elde edilecek verilerin, gelecekteki sosyal politikalar ve hizmet planlamalar\u0131 a\u00e7\u0131s\u0131ndan yol g\u00f6sterici olmas\u0131 bekleniyor.<\/p>\n\n\n\n<p class=\"wp-block-paragraph\">Kentin geli\u015fimine katk\u0131 sunmak ve sesini duyurmak isteyen t\u00fcm kad\u0131nlar,&nbsp;<a href=\"https:\/\/www.tekirdag.bel.tr\/kadin_gozuyle_kent_anketi\" target=\"_blank\" rel=\"noreferrer noopener\">www.tekirdag.bel.tr\/kadin_gozuyle_kent_anketi<\/a>&nbsp;linki \u00fczerinden kolayca kat\u0131l\u0131m sa\u011flayabilecek. Tekirda\u011f B\u00fcy\u00fck\u015fehir Belediyesi, t\u00fcm kad\u0131nlar\u0131 bu \u00f6nemli s\u00fcre\u00e7te payda\u015f olmaya ve daha g\u00fc\u00e7l\u00fc bir Tekirda\u011f i\u00e7in fikirlerini payla\u015fmaya davet ediyor.<\/p>\n","protected":false},"excerpt":{"rendered":"<p>Tekirda\u011f B\u00fcy\u00fck\u015fehir Belediyesi, kad\u0131n dostu bir kent hedefi do\u011frultusunda \u00e7al\u0131\u015fmalar\u0131n\u0131 s\u00fcrd\u00fcr\u00fcrken, kad\u0131nlar\u0131n kent ya\u015fam\u0131na dair&#8230;<\/p>\n","protected":false},"author":1,"featured_media":745,"comment_status":"closed","ping_status":"closed","sticky":false,"template":"","format":"standard","meta":{"footnotes":""},"categories":[1],"tags":[],"ppma_author":[57],"class_list":["post-744","post","type-post","status-publish","format-standard","has-post-thumbnail","hentry","category-tekirdag-gundemi"],"authors":[{"term_id":57,"user_id":1,"is_guest":0,"slug":"admin","display_name":"Alp Aslan","avatar_url":"https:\/\/secure.gravatar.com\/avatar\/07c18c5ad3350b025db8f3328450e071acb435c703e565899c880c63362f137a?s=96&d=mm&r=g","author_category":"1","first_name":"Alp Aslan","last_name":"ER\u0130N","user_url":"http:\/\/www.gundem59.com.tr","job_title":"","description":""}],"_links":{"self":[{"href":"https:\/\/gundem59.com.tr\/index.php?rest_route=\/wp\/v2\/posts\/744","targetHints":{"allow":["GET"]}}],"collection":[{"href":"https:\/\/gundem59.com.tr\/index.php?rest_route=\/wp\/v2\/posts"}],"about":[{"href":"https:\/\/gundem59.com.tr\/index.php?rest_route=\/wp\/v2\/types\/post"}],"author":[{"embeddable":true,"href":"https:\/\/gundem59.com.tr\/index.php?rest_route=\/wp\/v2\/users\/1"}],"replies":[{"embeddable":true,"href":"https:\/\/gundem59.com.tr\/index.php?rest_route=%2Fwp%2Fv2%2Fcomments&post=744"}],"version-history":[{"count":1,"href":"https:\/\/gundem59.com.tr\/index.php?rest_route=\/wp\/v2\/posts\/744\/revisions"}],"predecessor-version":[{"id":746,"href":"https:\/\/gundem59.com.tr\/index.php?rest_route=\/wp\/v2\/posts\/744\/revisions\/746"}],"wp:featuredmedia":[{"embeddable":true,"href":"https:\/\/gundem59.com.tr\/index.php?rest_route=\/wp\/v2\/media\/745"}],"wp:attachment":[{"href":"https:\/\/gundem59.com.tr\/index.php?rest_route=%2Fwp%2Fv2%2Fmedia&parent=744"}],"wp:term":[{"taxonomy":"category","embeddable":true,"href":"https:\/\/gundem59.com.tr\/index.php?rest_route=%2Fwp%2Fv2%2Fcategories&post=744"},{"taxonomy":"post_tag","embeddable":true,"href":"https:\/\/gundem59.com.tr\/index.php?rest_route=%2Fwp%2Fv2%2Ftags&post=744"},{"taxonomy":"author","embeddable":true,"href":"https:\/\/gundem59.com.tr\/index.php?rest_route=%2Fwp%2Fv2%2Fppma_author&post=744"}],"curies":[{"name":"wp","href":"https:\/\/api.w.org\/{rel}","templated":true}]}}