{"id":741,"date":"2026-05-15T15:28:14","date_gmt":"2026-05-15T15:28:14","guid":{"rendered":"https:\/\/gundem59.com.tr\/?p=741"},"modified":"2026-05-15T15:28:14","modified_gmt":"2026-05-15T15:28:14","slug":"candan-baskandan-altyapida-hizmet-destani-suda-buyuk-indirim","status":"publish","type":"post","link":"https:\/\/gundem59.com.tr\/?p=741","title":{"rendered":"CANDAN BA\u015eKAN&#8217;DAN ALTYAPIDA H\u0130ZMET DESTANI, SUDA B\u00dcY\u00dcK \u0130ND\u0130R\u0130M"},"content":{"rendered":"\n<p class=\"wp-block-paragraph\">Tekirda\u011f B\u00fcy\u00fck\u015fehir Belediye Ba\u015fkan\u0131 Dr. Candan Y\u00fcceer\u2019in se\u00e7im d\u00f6neminde verdi\u011fi en \u00f6nemli vaatlerden biri olan su indirimi hayata ge\u00e7iyor. Tekirda\u011f Su ve Kanalizasyon \u0130daresi Genel M\u00fcd\u00fcrl\u00fc\u011f\u00fc (TESK\u0130) May\u0131s Ay\u0131 Ola\u011fan Genel Kurulu\u2019nda al\u0131nan kararla birlikte 1 Temmuz itibar\u0131yla Tekirda\u011f\u2019da 1-10 metrek\u00fcp aras\u0131 su t\u00fcketiminde y\u00fczde 50 indirim uygulanacak. \u00d6zel gereksinimli vatanda\u015flar y\u00fczde 75, \u015fehit ve gazi aileleri y\u00fczde 90, ihtiya\u00e7 sahibi 65 ya\u015f \u00fcst\u00fc vatanda\u015flar ise yine y\u00fczde 75 indirimli tarifeden yararlanacak.<\/p>\n\n\n\n<p class=\"wp-block-paragraph\"><strong>ALTYAPI VE MAL\u0130 D\u0130S\u0130PL\u0130NLE GELEN \u0130ND\u0130R\u0130M<\/strong><\/p>\n\n\n\n<p class=\"wp-block-paragraph\">Al\u0131nan karar yaln\u0131zca bir tarife d\u00fczenlemesi olarak de\u011fil, son iki y\u0131lda ger\u00e7ekle\u015ftirilen altyap\u0131 ve kurumsal d\u00f6n\u00fc\u015f\u00fcm \u00e7al\u0131\u015fmalar\u0131n\u0131n sonucu olarak de\u011ferlendiriliyor. G\u00f6reve geldi\u011fi ilk g\u00fcnden itibaren \u201c\u00f6nce g\u00fc\u00e7l\u00fc altyap\u0131\u201d anlay\u0131\u015f\u0131yla hareket eden Tekirda\u011f B\u00fcy\u00fck\u015fehir Belediyesi ve TESK\u0130, bir yandan kentin y\u0131llard\u0131r ertelenen altyap\u0131 sorunlar\u0131na m\u00fcdahale ederken, di\u011fer yandan da su y\u00f6netiminde mali s\u00fcrd\u00fcr\u00fclebilirli\u011fi sa\u011flayacak ad\u0131mlar att\u0131.<\/p>\n\n\n\n<p class=\"wp-block-paragraph\">Son iki y\u0131lda yat\u0131r\u0131m b\u00fct\u00e7esini yakla\u015f\u0131k 5 kat art\u0131ran TESK\u0130, i\u00e7me suyu, kanalizasyon ve ya\u011fmur suyu hatlar\u0131ndan ar\u0131tma tesislerine, enerji yat\u0131r\u0131mlar\u0131ndan dijital altyap\u0131ya kadar Tekirda\u011f tarihinde bug\u00fcne kadar g\u00f6r\u00fclmemi\u015f \u00f6l\u00e7ekte projeleri hayata ge\u00e7irdi. Kent genelinde y\u00fcz binlerce metre yeni altyap\u0131 hatt\u0131 d\u00f6\u015fenirken, yeni su kaynaklar\u0131 devreye al\u0131nd\u0131, ar\u0131tma kapasitesi b\u00fcy\u00fct\u00fcld\u00fc, kay\u0131p-ka\u00e7akla m\u00fccadele kapsam\u0131nda kapsaml\u0131 \u00e7al\u0131\u015fmalar y\u00fcr\u00fct\u00fcld\u00fc.<\/p>\n\n\n\n<p class=\"wp-block-paragraph\"><strong>K\u0130RALAMA D\u00d6NEM\u0130 B\u0130TT\u0130, KAYNAKLAR YATIRIMA D\u00d6ND\u00dc<\/strong><\/p>\n\n\n\n<p class=\"wp-block-paragraph\">\u00d6zellikle ara\u00e7 ve i\u015f makinesi kiralama d\u00f6nemine son verilerek kurum envanterinin g\u00fc\u00e7lendirilmesi, enerji verimlili\u011fi yat\u0131r\u0131mlar\u0131, dijital y\u00f6netim sistemleri ve kay\u0131p-ka\u00e7akla m\u00fccadele \u00e7al\u0131\u015fmalar\u0131 TESK\u0130\u2019nin mali yap\u0131s\u0131na \u00f6nemli katk\u0131 sundu. Kurumun y\u0131ll\u0131k neredeyse 1 milyar TL&#8217;lik&nbsp;kiralama giderinden kurtulmas\u0131yla birlikte elde edilen kaynaklar altyap\u0131 yat\u0131r\u0131mlar\u0131na ve sosyal destek uygulamalar\u0131na y\u00f6nlendirildi.<\/p>\n\n\n\n<p class=\"wp-block-paragraph\">T\u00fcm bu yat\u0131r\u0131mlar s\u00fcrerken TESK\u0130\u2019nin suyu maliyetinin alt\u0131nda vermeye devam etmesi de dikkat \u00e7ekti. Birim su maliyetinin 110,46 TL oldu\u011fu s\u00fcre\u00e7te su ve at\u0131ksu tarifesinin 69,21 TL seviyesinde tutuldu\u011fu belirtilirken, kurumun su hizmetini yakla\u015f\u0131k y\u00fczde 38 daha d\u00fc\u015f\u00fck maliyetle vatanda\u015flara ula\u015ft\u0131rd\u0131\u011f\u0131 ifade edildi.<\/p>\n\n\n\n<p class=\"wp-block-paragraph\"><strong>AKT\u0130F ABONELER\u0130N B\u00dcY\u00dcK B\u00d6L\u00dcM\u00dc \u0130ND\u0130R\u0130MDEN YARARLANACAK<\/strong><\/p>\n\n\n\n<p class=\"wp-block-paragraph\">TESK\u0130\u2019nin resmi abone say\u0131s\u0131 604 bine yakla\u015f\u0131rken, aktif ve d\u00fczenli kullan\u0131m ger\u00e7ekle\u015ftiren abonelerin b\u00fcy\u00fck b\u00f6l\u00fcm\u00fcn\u00fc yeni indirimlerden yararlanacak kesimler olu\u015fturuyor. D\u00fczenli fatura kesilen 500 bini a\u015fk\u0131n abonenin yakla\u015f\u0131k 410 binini 1-10 metrek\u00fcp aras\u0131 t\u00fcketim yapan aboneler ile \u00f6zel indirim kapsam\u0131ndaki vatanda\u015flar olu\u015fturuyor. B\u00f6ylece Tekirda\u011f\u2019da aktif abonelerin \u00e7ok b\u00fcy\u00fck bir b\u00f6l\u00fcm\u00fc y\u00fczde 50, y\u00fczde 75 ve y\u00fczde 90\u2019a varan indirimli tarifelerle su kullanacak.<\/p>\n\n\n\n<p class=\"wp-block-paragraph\">Kademeli sistem sayesinde hem sosyal destek sa\u011flanmas\u0131 hem de su tasarrufunun te\u015fvik edilmesi hedefleniyor. Az t\u00fcketeni koruyan yeni uygulamayla birlikte \u00f6zellikle dar gelirli vatanda\u015flar\u0131n b\u00fct\u00e7esine \u00f6nemli katk\u0131 sunulmas\u0131 ama\u00e7lan\u0131yor.<\/p>\n\n\n\n<p class=\"wp-block-paragraph\"><strong>MARMARAERE\u011eL\u0130S\u0130\u2019NDE YILLARIN \u0130HMAL\u0130NE NE\u015eTER<\/strong><\/p>\n\n\n\n<p class=\"wp-block-paragraph\">Tekirda\u011f\u2019\u0131n tarihi ve turizmiyle \u00f6ne \u00e7\u0131kan il\u00e7elerinden Marmaraere\u011flisi de altyap\u0131 yat\u0131r\u0131mlar\u0131ndan \u00f6nemli pay alan b\u00f6lgeler aras\u0131nda yer ald\u0131. Uzun y\u0131llard\u0131r kanalizasyon ve altyap\u0131 yetersizli\u011fi nedeniyle foseptik ve vidanj\u00f6r sistemine mahk\u00fbm kalan il\u00e7ede TESK\u0130 taraf\u0131ndan kapsaml\u0131 altyap\u0131 hamlesi ba\u015flat\u0131ld\u0131. \u0130l\u00e7ede yakla\u015f\u0131k 30 kilometrelik kanalizasyon hatt\u0131 \u00e7al\u0131\u015fmas\u0131n\u0131n temeli at\u0131l\u0131rken, y\u0131llard\u0131r \u00f6telenen sorunun kal\u0131c\u0131 \u015fekilde \u00e7\u00f6z\u00fclmesi hedefleniyor.<\/p>\n\n\n\n<p class=\"wp-block-paragraph\">\u00d6te yandan Tekirda\u011f B\u00fcy\u00fck\u015fehir Belediyesi ve TESK\u0130 taraf\u0131ndan yap\u0131m\u0131 tamamlanan Marmaraere\u011flisi \u0130leri Biyolojik At\u0131ksu Ar\u0131tma Tesisi de d\u00fczenlenen t\u00f6renle hizmete a\u00e7\u0131ld\u0131. Marmara Denizi\u2019nin korunmas\u0131na katk\u0131 sa\u011flayacak \u00e7evre yat\u0131r\u0131m\u0131yla birlikte il\u00e7edeki at\u0131ksu ar\u0131tma kapasitesi 6 kat art\u0131r\u0131ld\u0131. A\u00e7\u0131l\u0131\u015fta konu\u015fan Candan Y\u00fcceer, \u201cMavi g\u00f6zl\u00fc kentimizde g\u00f6rmezden gelme d\u00f6nemi bitti; art\u0131k \u00e7\u00f6z\u00fcm zaman\u0131. Altyap\u0131 sorununu tarihe g\u00f6mece\u011fiz\u201d ifadelerini kulland\u0131.<\/p>\n\n\n\n<p class=\"wp-block-paragraph\"><strong>\u201cALTYAPISI OLMAYAN B\u0130R KENT\u0130N GELECE\u011e\u0130 DE OLMAZ\u201d<\/strong><\/p>\n\n\n\n<p class=\"wp-block-paragraph\">G\u00f6reve geldi\u011fi s\u00fcre\u00e7te altyap\u0131 yat\u0131r\u0131mlar\u0131n\u0131n siyasi riskine ra\u011fmen geri ad\u0131m atmayan Candan Y\u00fcceer, s\u0131k s\u0131k dile getirdi\u011fi \u201cAltyap\u0131s\u0131 olmayan bir kentin gelece\u011fi de olmaz\u201d s\u00f6z\u00fc do\u011frultusunda Tekirda\u011f\u2019\u0131 gelece\u011fe haz\u0131rlamay\u0131 s\u00fcrd\u00fcr\u00fcrken, hayata ge\u00e7irilen su indirimiyle birlikte se\u00e7im d\u00f6neminde verdi\u011fi en \u00f6nemli vaatlerden birini daha yerine getirmi\u015f oldu.<\/p>\n\n\n\n<p class=\"wp-block-paragraph\">Candan Ba\u015fkan yapt\u0131\u011f\u0131 de\u011ferlendirmede, g\u00fcn\u00fc kurtaran de\u011fil, gelece\u011fi planlayan bir anlay\u0131\u015fla hareket ettiklerini belirterek, \u201cG\u00f6reve geldi\u011fimiz ilk g\u00fcnden itibaren \u00f6z kaynaklar\u0131m\u0131z\u0131 g\u00fc\u00e7lendiren, kiralama giderlerini azaltan, yenilenebilir enerji yat\u0131r\u0131mlar\u0131n\u0131 hayata ge\u00e7iren ve kay\u0131p-ka\u00e7akla m\u00fccadeleyi b\u00fcy\u00fcten bir y\u00f6netim anlay\u0131\u015f\u0131 ortaya koyduk. Bug\u00fcn geldi\u011fimiz noktada hem Tekirda\u011f tarihinin en b\u00fcy\u00fck altyap\u0131 yat\u0131r\u0131mlar\u0131n\u0131 ger\u00e7ekle\u015ftiriyor hem de vatanda\u015flar\u0131m\u0131z\u0131 sosyal desteklerle koruyabiliyoruz. Suya sa\u011flad\u0131\u011f\u0131m\u0131z indirim de bu mali disiplinin, planl\u0131 yat\u0131r\u0131m anlay\u0131\u015f\u0131n\u0131n ve g\u00fc\u00e7l\u00fc kurumsal d\u00f6n\u00fc\u015f\u00fcm\u00fcn sonucudur\u201d ifadelerini kulland\u0131.<\/p>\n","protected":false},"excerpt":{"rendered":"<p>Tekirda\u011f B\u00fcy\u00fck\u015fehir Belediye Ba\u015fkan\u0131 Dr. Candan Y\u00fcceer\u2019in se\u00e7im d\u00f6neminde verdi\u011fi en \u00f6nemli vaatlerden biri olan&#8230;<\/p>\n","protected":false},"author":1,"featured_media":742,"comment_status":"closed","ping_status":"closed","sticky":false,"template":"","format":"standard","meta":{"footnotes":""},"categories":[1],"tags":[],"ppma_author":[57],"class_list":["post-741","post","type-post","status-publish","format-standard","has-post-thumbnail","hentry","category-tekirdag-gundemi"],"authors":[{"term_id":57,"user_id":1,"is_guest":0,"slug":"admin","display_name":"Alp Aslan","avatar_url":"https:\/\/secure.gravatar.com\/avatar\/07c18c5ad3350b025db8f3328450e071acb435c703e565899c880c63362f137a?s=96&d=mm&r=g","author_category":"1","first_name":"Alp Aslan","last_name":"ER\u0130N","user_url":"http:\/\/www.gundem59.com.tr","job_title":"","description":""}],"_links":{"self":[{"href":"https:\/\/gundem59.com.tr\/index.php?rest_route=\/wp\/v2\/posts\/741","targetHints":{"allow":["GET"]}}],"collection":[{"href":"https:\/\/gundem59.com.tr\/index.php?rest_route=\/wp\/v2\/posts"}],"about":[{"href":"https:\/\/gundem59.com.tr\/index.php?rest_route=\/wp\/v2\/types\/post"}],"author":[{"embeddable":true,"href":"https:\/\/gundem59.com.tr\/index.php?rest_route=\/wp\/v2\/users\/1"}],"replies":[{"embeddable":true,"href":"https:\/\/gundem59.com.tr\/index.php?rest_route=%2Fwp%2Fv2%2Fcomments&post=741"}],"version-history":[{"count":1,"href":"https:\/\/gundem59.com.tr\/index.php?rest_route=\/wp\/v2\/posts\/741\/revisions"}],"predecessor-version":[{"id":743,"href":"https:\/\/gundem59.com.tr\/index.php?rest_route=\/wp\/v2\/posts\/741\/revisions\/743"}],"wp:featuredmedia":[{"embeddable":true,"href":"https:\/\/gundem59.com.tr\/index.php?rest_route=\/wp\/v2\/media\/742"}],"wp:attachment":[{"href":"https:\/\/gundem59.com.tr\/index.php?rest_route=%2Fwp%2Fv2%2Fmedia&parent=741"}],"wp:term":[{"taxonomy":"category","embeddable":true,"href":"https:\/\/gundem59.com.tr\/index.php?rest_route=%2Fwp%2Fv2%2Fcategories&post=741"},{"taxonomy":"post_tag","embeddable":true,"href":"https:\/\/gundem59.com.tr\/index.php?rest_route=%2Fwp%2Fv2%2Ftags&post=741"},{"taxonomy":"author","embeddable":true,"href":"https:\/\/gundem59.com.tr\/index.php?rest_route=%2Fwp%2Fv2%2Fppma_author&post=741"}],"curies":[{"name":"wp","href":"https:\/\/api.w.org\/{rel}","templated":true}]}}