{"id":732,"date":"2026-05-15T15:21:52","date_gmt":"2026-05-15T15:21:52","guid":{"rendered":"https:\/\/gundem59.com.tr\/?p=732"},"modified":"2026-05-15T15:21:53","modified_gmt":"2026-05-15T15:21:53","slug":"candan-baskandan-mayis-ayi-meclis-toplantisinda-onemli-mesajlar","status":"publish","type":"post","link":"https:\/\/gundem59.com.tr\/?p=732","title":{"rendered":"CANDAN BA\u015eKAN&#8217;DAN MAYIS AYI MECL\u0130S TOPLANTISINDA \u00d6NEML\u0130 MESAJLAR"},"content":{"rendered":"\n<p class=\"wp-block-paragraph\">Tekirda\u011f B\u00fcy\u00fck\u015fehir Belediyesi May\u0131s Ay\u0131 Ola\u011fan Meclis Toplant\u0131s\u0131, B\u00fcy\u00fck\u015fehir Belediye Ba\u015fkan\u0131 Dr. Candan Y\u00fcceer ba\u015fkanl\u0131\u011f\u0131nda ger\u00e7ekle\u015ftirildi. Toplant\u0131da konu\u015fan Candan Ba\u015fkan, altyap\u0131 ve \u00e7evre yat\u0131r\u0131mlar\u0131ndan sosyal belediyecilik projelerine, tar\u0131msal desteklerden ula\u015f\u0131m \u00e7al\u0131\u015fmalar\u0131na kadar bir\u00e7ok konuda \u00f6nemli mesajlar verdi. Ayr\u0131ca Trakya\u2019da planlanan n\u00fckleer santral projesine de de\u011finen Ba\u015fkan Y\u00fcceer, \u201cBu mesele siyaset \u00fcst\u00fc bir ya\u015fam meselesidir. Biz Trakya\u2019da n\u00fckleer santral istemiyoruz\u201d dedi.<\/p>\n\n\n\n<p class=\"wp-block-paragraph\"><strong>CANDAN BA\u015eKAN: \u201cMAYIS AYI EME\u011e\u0130N, DAYANI\u015eMANIN VE UMUDUN AYIDIR\u201d<\/strong><\/p>\n\n\n\n<p class=\"wp-block-paragraph\">Sayg\u0131 duru\u015funda bulunulmas\u0131 ve \u0130stiklal Mar\u015f\u0131\u2019n\u0131n okunmas\u0131yla ba\u015flayan toplant\u0131da konu\u015fan Candan Ba\u015fkan, May\u0131s ay\u0131n\u0131n ta\u015f\u0131d\u0131\u011f\u0131 toplumsal anlamlara dikkat \u00e7ekerek, \u201cMay\u0131s ay\u0131; eme\u011fin, dayan\u0131\u015fman\u0131n, sevginin, umudun ve ortak de\u011ferlerimizin daha g\u00fc\u00e7l\u00fc hissedildi\u011fi \u00e7ok \u00f6zel bir ay. 1 May\u0131s Emek ve Dayan\u0131\u015fma G\u00fcn\u00fc\u2019nde al\u0131n teriyle \u00fcreten t\u00fcm emek\u00e7ilerimizin yan\u0131nda oldu\u011fumuzu bir kez daha ifade ettik. Bu \u00fclkenin ger\u00e7ek g\u00fcc\u00fc; fabrikalarda, tarlalarda, sokakta, evlerde ve belediye hizmetlerinde gece g\u00fcnd\u00fcz \u00e7al\u0131\u015fan emek\u00e7i karde\u015flerimizin omuzlar\u0131ndad\u0131r. Yine bu ay H\u0131drellez\u2019i hep birlikte kar\u015f\u0131lad\u0131k. H\u0131drellez, farkl\u0131 k\u00fclt\u00fcrlerin, inan\u00e7lar\u0131n ve geleneklerin karde\u015f\u00e7e ya\u015fama iradesinin en g\u00fczel sembollerinden biridir. Tekirda\u011f\u2019\u0131m\u0131z\u0131n k\u00fclt\u00fcrel zenginli\u011fini ve birlik duygusunu ya\u015fatmak bizim i\u00e7in \u00e7ok k\u0131ymetli\u201d ifadelerini kulland\u0131.<\/p>\n\n\n\n<p class=\"wp-block-paragraph\"><strong>ANNELER G\u00dcN\u00dc VE ENGELL\u0130LER HAFTASI MESAJI<\/strong><\/p>\n\n\n\n<p class=\"wp-block-paragraph\">May\u0131s ay\u0131 i\u00e7erisinde kutlanan Anneler G\u00fcn\u00fc ve Engelliler Haftas\u0131 ile ilgili de de\u011ferlendirmelerde bulunan Ba\u015fkan Y\u00fcceer, \u201cAnneler G\u00fcn\u00fc vesilesiyle ba\u015fta \u015fehit annelerimiz olmak \u00fczere t\u00fcm annelerimizin ellerinden sayg\u0131yla \u00f6p\u00fcyor, aram\u0131zdan ayr\u0131lan annelerimizi rahmetle an\u0131yorum. \u0130\u00e7inde bulundu\u011fumuz hafta Engelliler Haftas\u0131. Engelsiz bir kent, kald\u0131r\u0131m\u0131yla, ula\u015f\u0131m\u0131yla, sosyal ya\u015fam\u0131yla herkesin kendini e\u015fit bir yurtta\u015f olarak hissetti\u011fi bir kenttir. Biz de bu anlay\u0131\u015fla \u00e7al\u0131\u015fmalar\u0131m\u0131za devam ediyoruz\u201d diye konu\u015ftu.<\/p>\n\n\n\n<p class=\"wp-block-paragraph\"><strong>\u201c19 MAYIS, BA\u011eIMSIZLIK \u0130RADES\u0130N\u0130N ADIDIR\u201d<\/strong><\/p>\n\n\n\n<p class=\"wp-block-paragraph\">Yakla\u015fan 19 May\u0131s Atat\u00fcrk\u2019\u00fc Anma, Gen\u00e7lik ve Spor Bayram\u0131 hakk\u0131nda konu\u015fan Candan Ba\u015fkan, \u015funlar\u0131 s\u00f6yledi:<\/p>\n\n\n\n<p class=\"wp-block-paragraph\">\u201c\u00d6n\u00fcm\u00fczdeki g\u00fcnlerde 19 May\u0131s Atat\u00fcrk\u2019\u00fc Anma, Gen\u00e7lik ve Spor Bayram\u0131\u2019n\u0131 kutlayaca\u011f\u0131z. 19 May\u0131s, ba\u011f\u0131ms\u0131zl\u0131k iradesinin, ulusal egemenli\u011fin ve gen\u00e7li\u011fe duyulan g\u00fcvenin ad\u0131d\u0131r. Bu anlaml\u0131 ayda Tekirda\u011f sporunun elde etti\u011fi ba\u015far\u0131lar da hepimize gurur ya\u015fat\u0131yor. \u00c7orluspor 1947\u2019nin 2. Lig yolunda playoff finaline y\u00fckselmesi, Tekirda\u011fspor\u2019un 3. Lig hedefiyle m\u00fccadelesini s\u00fcrd\u00fcrmesi, Marmaraere\u011flisi Belediyespor\u2019un B\u00f6lgesel Amat\u00f6r Lig\u2019e y\u00fckselmesi ve gen\u00e7lerimizin okul sporlar\u0131nda elde etti\u011fi ba\u015far\u0131lar bizleri umutland\u0131r\u0131yor. Tekirda\u011f B\u00fcy\u00fck\u015fehir Belediyesi olarak, spor kul\u00fcplerimizin ve gen\u00e7lerimizin yan\u0131nda olmaya devam edece\u011fiz.\u201d<\/p>\n\n\n\n<p class=\"wp-block-paragraph\"><strong>KURBAN BAYRAMI \u0130\u00c7\u0130N T\u00dcM HAZIRLIKLAR TAMAM<\/strong><\/p>\n\n\n\n<p class=\"wp-block-paragraph\">Yakla\u015fan Kurban Bayram\u0131\u2019n\u0131n huzur, sa\u011fl\u0131k ve bereket getirmesini dileyen Ba\u015fkan Y\u00fcceer, bayram boyunca Tekirda\u011f B\u00fcy\u00fck\u015fehir Belediyesi ekiplerinin sahada aktif g\u00f6rev yapaca\u011f\u0131n\u0131 belirterek, \u201cKurban Bayram\u0131\u2019n\u0131n Tekirda\u011f\u2019\u0131m\u0131za, \u00fclkemize ve t\u00fcm insanl\u0131\u011fa huzur, sa\u011fl\u0131k ve bereket getirmesini diliyorum. Bayram s\u00fcresince \u00c7erkezk\u00f6y, \u00c7orlu, \u015eark\u00f6y mezbahalar\u0131 ile Malkara Et Kombinas\u0131 Tesisi\u2019mizde kesim hizmetlerimiz devam edecek. Kesilen kurbanl\u0131klar po\u015fetlenerek teslim edilecek, ihtiya\u00e7 halinde vatanda\u015flar\u0131m\u0131z i\u00e7in bir g\u00fcn \u00fccretsiz so\u011fuk hava deposu hizmeti de sa\u011flanacak. 9 g\u00fcnl\u00fck tatil s\u00fcresince kentimizde olu\u015facak yo\u011funlu\u011fu g\u00f6z \u00f6n\u00fcnde bulundurarak t\u00fcm ekiplerimizle birlikte gece g\u00fcnd\u00fcz sahada \u00e7al\u0131\u015fmalar\u0131m\u0131z\u0131 s\u00fcrd\u00fcrece\u011fiz. Ula\u015f\u0131m, mezarl\u0131klar, temizlik, zab\u0131ta, itfaiye, TESK\u0130 ve \u00e7a\u011fr\u0131 merkezi hizmetlerinde kapasitemizi art\u0131rarak vatanda\u015flar\u0131m\u0131za kesintisiz hizmet sunaca\u011f\u0131z\u201d dedi.<\/p>\n\n\n\n<p class=\"wp-block-paragraph\"><strong>T\u00dcRK D\u0130L BAYRAMI, SOMA FAC\u0130ASI VE ECZACILAR G\u00dcN\u00dc MESAJI<\/strong><\/p>\n\n\n\n<p class=\"wp-block-paragraph\">T\u00fcrk Dil Bayram\u0131, Soma Maden Facias\u0131\u2019n\u0131n y\u0131ld\u00f6n\u00fcm\u00fc ve 14 May\u0131s Eczac\u0131l\u0131k G\u00fcn\u00fc dolay\u0131s\u0131yla de\u011ferlendirmelerde bulunan Candan Ba\u015fkan, konu\u015fmas\u0131n\u0131 \u015fu s\u00f6zlerle s\u00fcrd\u00fcrd\u00fc:<\/p>\n\n\n\n<p class=\"wp-block-paragraph\">\u201cBug\u00fcn, 13 May\u0131s ayn\u0131 zamanda T\u00fcrk Dil Bayram\u0131. T\u00fcrk\u00e7emizi korumak, do\u011fru kullanmak ve gelecek ku\u015faklara aktarmak hepimizin ortak sorumlulu\u011fudur. Dilimize emek veren herkese te\u015fekk\u00fcr ediyorum.<\/p>\n\n\n\n<p class=\"wp-block-paragraph\">13 May\u0131s ayn\u0131 zamanda Soma maden facias\u0131n\u0131n y\u0131ld\u00f6n\u00fcm\u00fc. Hayat\u0131n\u0131 kaybeden 301 madencimizi rahmetle an\u0131yorum. Emek\u00e7inin can g\u00fcvenli\u011fini sa\u011flamak hepimizin ortak sorumlulu\u011fudur.<\/p>\n\n\n\n<p class=\"wp-block-paragraph\">14 May\u0131s Eczac\u0131l\u0131k G\u00fcn\u00fc vesilesiyle t\u00fcm eczac\u0131lar\u0131m\u0131z\u0131n g\u00fcn\u00fcn\u00fc kutluyorum. Halk sa\u011fl\u0131\u011f\u0131 i\u00e7in b\u00fcy\u00fck bir \u00f6zveriyle \u00e7al\u0131\u015f\u0131yorlar.\u201d<\/p>\n\n\n\n<p class=\"wp-block-paragraph\">Nisan ay\u0131nda ger\u00e7ekle\u015ftirilen Meclis Toplant\u0131s\u0131ndan bu yana Tekirda\u011f B\u00fcy\u00fck\u015fehir Belediyesi olarak, hayata ge\u00e7irdikleri hizmet, proje ve yat\u0131r\u0131mlara ili\u015fkin bilgi veren Ba\u015fkan Y\u00fcceer, \u015funlar\u0131 s\u00f6yledi:<\/p>\n\n\n\n<p class=\"wp-block-paragraph\"><strong>\u201c\u015eARK\u00d6Y \u0130TFA\u0130YE \u0130STASYONU AFETLERE KAR\u015eI M\u00dcCADELEDE B\u00d6LGESEL B\u0130R \u00dcS OLACAK \u015eEK\u0130LDE PLANLANDI\u201d<\/strong><\/p>\n\n\n\n<p class=\"wp-block-paragraph\">\u201cGe\u00e7ti\u011fimiz meclis toplant\u0131s\u0131ndan bu yana \u00e7ok \u00f6nemli yat\u0131r\u0131m ve projeleri hayata ge\u00e7irdik. 11 \u0130l\u00e7eye 11 Yeni \u0130tfaiye \u0130stasyonu projemiz kapsam\u0131nda \u015eark\u00f6y \u0130tfaiye \u0130stasyonu\u2019muzun a\u00e7\u0131l\u0131\u015f\u0131n\u0131 ger\u00e7ekle\u015ftirdik. Bu merkez yaln\u0131zca bir bina de\u011fil, afetlere kar\u015f\u0131 m\u00fccadelede b\u00f6lgesel bir \u00fcs olacak \u015fekilde planland\u0131.<\/p>\n\n\n\n<p class=\"wp-block-paragraph\"><strong>\u201cATIK SU Y\u00d6NET\u0130M\u0130NDE ERGENE\u2019DE YEN\u0130 B\u0130R D\u00d6NEM A\u00c7IYORUZ\u201d<\/strong><\/p>\n\n\n\n<p class=\"wp-block-paragraph\">Ergene Havzas\u0131\u2019nda \u00e7evre ve altyap\u0131 yat\u0131r\u0131mlar\u0131m\u0131z kapsam\u0131nda \u00f6nemli bir i\u015fbirli\u011fine imza att\u0131k. OSB ile yap\u0131lan protokol do\u011frultusunda; ge\u00e7mi\u015fte altyap\u0131 sorunu ya\u015fayan ve yeni yerle\u015fimlerin bulundu\u011fu mahallelerimizde \u00e7evreyi tehdit ederek a\u00e7\u0131\u011fa akan kanalizasyon sular\u0131na kar\u015f\u0131 kal\u0131c\u0131 \u00e7\u00f6z\u00fcm s\u00fcrecini ba\u015flatt\u0131k. \u0130nsan sa\u011fl\u0131\u011f\u0131n\u0131, do\u011fal ya\u015fam\u0131 ve temiz \u00e7evre hakk\u0131n\u0131 \u00f6nceleyen anlay\u0131\u015f\u0131m\u0131zla, at\u0131k su y\u00f6netiminde Ergene\u2019de yeni bir d\u00f6nem a\u00e7\u0131yoruz.<\/p>\n\n\n\n<p class=\"wp-block-paragraph\"><strong>\u201cEVLATLARIMIZ \u0130\u00c7\u0130N SICAK YUVALAR OLU\u015eTURUYORUZ\u201d<\/strong><\/p>\n\n\n\n<p class=\"wp-block-paragraph\">11 il\u00e7eye 11 kre\u015f hedefimiz do\u011frultusunda TEK \u00c7ocuk Yuvam\u0131z\u0131n temelini S\u00fcleymanpa\u015fa\u2019da att\u0131k. \u00c7ocuklar\u0131m\u0131z\u0131n sosyalle\u015fece\u011fi, kendilerini geli\u015ftirece\u011fi s\u0131cak yuvalar olu\u015fturuyoruz. Kad\u0131nlar\u0131n sosyal ve ekonomik ya\u015fama kat\u0131l\u0131m\u0131n\u0131 desteklemeyi de g\u00f6rev biliyoruz.<\/p>\n\n\n\n<p class=\"wp-block-paragraph\"><strong>\u201cTEK MARKETLER\u0130M\u0130Z\u0130 11 \u0130L\u00c7EM\u0130ZDE DE YAYGINLA\u015eTIRACA\u011eIZ\u201d<\/strong><\/p>\n\n\n\n<p class=\"wp-block-paragraph\">TEK Kafe ve TEK Market projelerimizi yayg\u0131nla\u015ft\u0131r\u0131yoruz. TEK Market a\u00e7\u0131lmayan il\u00e7elerimizde de haz\u0131rl\u0131klar\u0131m\u0131z\u0131 tamamlad\u0131k, k\u0131sa s\u00fcrede t\u00fcm il\u00e7elerimizde yayg\u0131nla\u015ft\u0131raca\u011f\u0131z.\u201d<\/p>\n\n\n\n<p class=\"wp-block-paragraph\"><strong>\u00dcRET\u0130C\u0130LERE 482 B\u0130N ADET F\u0130DE DESTE\u011e\u0130<\/strong><\/p>\n\n\n\n<p class=\"wp-block-paragraph\">Tar\u0131msal \u00fcretime verilen desteklerin s\u00fcrd\u00fc\u011f\u00fcn\u00fc belirten Candan Ba\u015fkan, \u201cTar\u0131msal \u00fcretime verdi\u011fimiz destekleri art\u0131r\u0131yoruz. Yar\u0131n \u015eark\u00f6y\u2019\u00fcm\u00fczde Sebzecili\u011fi Geli\u015ftirme Projemiz kapsam\u0131nda \u00fcreticilerimize yakla\u015f\u0131k 482 bin adet fide da\u011f\u0131taca\u011f\u0131z. Kavun, karpuz, sal\u00e7al\u0131k ve sofral\u0131k domates ile kapya biber fidelerimizi \u00fcreticilerimizle bulu\u015fturaca\u011f\u0131z\u201d \u015feklinde konu\u015ftu.<\/p>\n\n\n\n<p class=\"wp-block-paragraph\"><strong>\u201cB\u0130R KENT\u0130N B\u00dcY\u00dcKL\u00dc\u011e\u00dc EN SAVUNMASIZ CANLILARINA VERD\u0130\u011e\u0130 DE\u011eERLE \u00d6L\u00c7\u00dcL\u00dcR\u201d<\/strong><\/p>\n\n\n\n<p class=\"wp-block-paragraph\">11 May\u0131s\u2019ta Karacak\u0131lavuz Sahipsiz Hayvan Ge\u00e7ici Bak\u0131mevi 2. etap geni\u015fleme projesinin hizmete a\u00e7\u0131ld\u0131\u011f\u0131n\u0131 hat\u0131rlatan Ba\u015fkan Y\u00fcceer,&nbsp; \u201c11 May\u0131s\u2019ta Karacak\u0131lavuz Sahipsiz Hayvan Ge\u00e7ici Bak\u0131mevi\u2019nin 2. etap geni\u015fleme projesini hizmete a\u00e7t\u0131k. Daha fazla can dostumuza daha iyi ko\u015fullarda hizmet verece\u011fiz. \u00c7\u00fcnk\u00fc biz bir kentin b\u00fcy\u00fckl\u00fc\u011f\u00fcn\u00fc; yaln\u0131zca yollar\u0131yla, binalar\u0131yla de\u011fil, do\u011fas\u0131na ve en savunmas\u0131z canl\u0131lar\u0131na verdi\u011fi de\u011ferle \u00f6l\u00e7\u00fcyoruz\u201d dedi.<\/p>\n\n\n\n<p class=\"wp-block-paragraph\"><strong>TEK GEN\u00c7 FEST 15 MAYIS\u2019TA BA\u015eLIYOR<\/strong><\/p>\n\n\n\n<p class=\"wp-block-paragraph\">Geleneksel hale gelen TEK Gen\u00e7lik Festivali\u2019nin \u00fc\u00e7\u00fcnc\u00fcs\u00fcn\u00fcn 15 May\u0131s itibar\u0131yla ba\u015flayaca\u011f\u0131n\u0131 a\u00e7\u0131klayan Candan Ba\u015fkan, \u201c15 May\u0131s itibar\u0131yla geleneksel hale getirdi\u011fimiz TEK Gen\u00e7lik Festivali\u2019nin \u00fc\u00e7\u00fcnc\u00fcs\u00fcn\u00fc ba\u015flat\u0131yoruz. Spor m\u00fcsabakalar\u0131ndan k\u00fclt\u00fcr ve sanat etkinliklerine kadar dolu dolu bir program gen\u00e7lerimizle bulu\u015facak\u201d ifadelerini kulland\u0131.<\/p>\n\n\n\n<p class=\"wp-block-paragraph\">\u015eehir Hastanesi ba\u011flant\u0131 yollar\u0131n\u0131 ve \u00fcst ge\u00e7idi B\u00fcy\u00fck\u015fehir Belediyesi olarak \u00f6z kaynaklar\u0131yla yapacaklar\u0131n\u0131 a\u00e7\u0131klayan Candan Ba\u015fkan, konu\u015fmas\u0131na \u015fu s\u00f6zlerle devam etti:<\/p>\n\n\n\n<p class=\"wp-block-paragraph\"><strong>\u015eEH\u0130R HASTANES\u0130 BA\u011eLANTI YOLLARI VE \u00dcST GE\u00c7\u0130T B\u00dcY\u00dcK\u015eEH\u0130R\u2019\u0130N \u00d6Z KAYNAKLARIYLA YAPILACAK<\/strong><\/p>\n\n\n\n<p class=\"wp-block-paragraph\">\u201cTekirda\u011f \u015eehir Hastanesi ba\u011flant\u0131 yollar\u0131 ve \u00fcst ge\u00e7it projemizde \u00f6nemli bir a\u015famaya geldik. Projemiz Karayollar\u0131 Genel M\u00fcd\u00fcrl\u00fc\u011f\u00fc\u2019ne g\u00f6nderildi. Onay s\u00fcrecinin ard\u0131ndan ba\u011flant\u0131 yollar\u0131 ve \u00fcst ge\u00e7idi kendi kaynaklar\u0131m\u0131zla hayata ge\u00e7irerek \u015fehir hastanesine ula\u015f\u0131m\u0131 daha g\u00fcvenli ve konforlu hale getirece\u011fiz.<\/p>\n\n\n\n<p class=\"wp-block-paragraph\"><strong>TESK\u0130 OLARAK ALTYAPI YATIRIMLARIMIZA DA HIZ KESMEDEN DEVAM ED\u0130YORUZ<\/strong><\/p>\n\n\n\n<p class=\"wp-block-paragraph\">TESK\u0130 olarak altyap\u0131 yat\u0131r\u0131mlar\u0131m\u0131za da h\u0131z kesmeden devam ediyoruz. Marmaraere\u011flisi\u2019nde 7 bin 500 metrek\u00fcpl\u00fck yeni su deposunun temelini att\u0131k. Marmaraere\u011flisi Yeni\u00e7iftlik\u2019te kanalizasyon hatt\u0131 \u00e7al\u0131\u015fmalar\u0131m\u0131z devam ediyor. Marmaraere\u011flisi \u0130leri Biyolojik At\u0131ksu Ar\u0131tma Tesisi\u2019nin a\u00e7\u0131l\u0131\u015f\u0131n\u0131 ger\u00e7ekle\u015ftirdik. Bunlar Tekirda\u011f\u2019\u0131n gelece\u011fine yap\u0131lan \u00e7ok k\u0131ymetli yat\u0131r\u0131mlar.<\/p>\n\n\n\n<p class=\"wp-block-paragraph\"><strong>\u201cTRAKYA\u2019DA N\u00dcKLEER SANTRAL \u0130STEM\u0130YORUZ\u201d<\/strong><\/p>\n\n\n\n<p class=\"wp-block-paragraph\">Trakya Belediyeler Birli\u011fi Ba\u015fkanl\u0131\u011f\u0131 g\u00f6revine bir kez daha lay\u0131k g\u00f6r\u00fclmenin onurunu ya\u015f\u0131yorum. Ortak ak\u0131l ve dayan\u0131\u015fma anlay\u0131\u015f\u0131yla Trakya i\u00e7in \u00e7al\u0131\u015fmaya devam edece\u011fiz.<\/p>\n\n\n\n<p class=\"wp-block-paragraph\">Bu kapsamda Trakya\u2019y\u0131 ilgilendiren en \u00f6nemli konulardan biri olan n\u00fckleer santral giri\u015fimlerine ili\u015fkin de ortak duru\u015fumuzu ifade ettik. \u0130\u011fneada ve K\u0131y\u0131k\u00f6y\u2019de planlanan n\u00fckleer santral projelerinin yaln\u0131zca enerji meselesi olmad\u0131\u011f\u0131n\u0131, halk sa\u011fl\u0131\u011f\u0131, \u00e7evre, su kaynaklar\u0131 ve tar\u0131msal \u00fcretim a\u00e7\u0131s\u0131ndan ciddi riskler ta\u015f\u0131d\u0131\u011f\u0131n\u0131 d\u00fc\u015f\u00fcn\u00fcyoruz. Trakya zaten ciddi bir su stresi ya\u015f\u0131yor. Bu nedenle bu mesele siyaset \u00fcst\u00fc bir ya\u015fam meselesidir. Ben burada bir kez daha a\u00e7\u0131k\u00e7a ifade etmek istiyorum: Biz Trakya\u2019da n\u00fckleer santral istemiyoruz.<\/p>\n\n\n\n<p class=\"wp-block-paragraph\"><strong>\u201cALACA\u011eIMIZ T\u00dcM KARARLARIN TEK\u0130RDA\u011e\u2019IMIZA HAYIRLI OLMASINI D\u0130L\u0130YORUM\u201d<\/strong><\/p>\n\n\n\n<p class=\"wp-block-paragraph\">Konu\u015fmas\u0131n\u0131n sonunda May\u0131s ay\u0131n\u0131n dayan\u0131\u015fma ruhuna vurgu yapan Ba\u015fkan Y\u00fcceer, \u201cKonu\u015fmam\u0131 tamamlarken; eme\u011fin, dayan\u0131\u015fman\u0131n, umudun ve karde\u015fli\u011fin b\u00fcy\u00fcd\u00fc\u011f\u00fc bu g\u00fczel May\u0131s ay\u0131nda alaca\u011f\u0131m\u0131z t\u00fcm kararlar\u0131n Tekirda\u011f\u2019\u0131m\u0131za hay\u0131rl\u0131 olmas\u0131n\u0131 diliyorum\u201d dedi.<\/p>\n\n\n\n<p class=\"wp-block-paragraph\">May\u0131s Ay\u0131 Ola\u011fan Meclis Toplant\u0131s\u0131\u2019nda, g\u00fcndem maddeleri g\u00f6r\u00fc\u015f\u00fcl\u00fcp karara ba\u011flan\u0131rken, komisyon kararlar\u0131na ait dosyalar meclise sunuldu. De\u011ferlendirilmesi gereken g\u00fcndem maddeleri ise g\u00f6r\u00fc\u015f\u00fclmek \u00fczere ihtisas komisyonlar\u0131na havale edildi.<\/p>\n","protected":false},"excerpt":{"rendered":"<p>Tekirda\u011f B\u00fcy\u00fck\u015fehir Belediyesi May\u0131s Ay\u0131 Ola\u011fan Meclis Toplant\u0131s\u0131, B\u00fcy\u00fck\u015fehir Belediye Ba\u015fkan\u0131 Dr. Candan Y\u00fcceer ba\u015fkanl\u0131\u011f\u0131nda&#8230;<\/p>\n","protected":false},"author":1,"featured_media":733,"comment_status":"closed","ping_status":"closed","sticky":false,"template":"","format":"standard","meta":{"footnotes":""},"categories":[1],"tags":[],"ppma_author":[57],"class_list":["post-732","post","type-post","status-publish","format-standard","has-post-thumbnail","hentry","category-tekirdag-gundemi"],"authors":[{"term_id":57,"user_id":1,"is_guest":0,"slug":"admin","display_name":"Alp Aslan","avatar_url":"https:\/\/secure.gravatar.com\/avatar\/07c18c5ad3350b025db8f3328450e071acb435c703e565899c880c63362f137a?s=96&d=mm&r=g","author_category":"1","first_name":"Alp Aslan","last_name":"ER\u0130N","user_url":"http:\/\/www.gundem59.com.tr","job_title":"","description":""}],"_links":{"self":[{"href":"https:\/\/gundem59.com.tr\/index.php?rest_route=\/wp\/v2\/posts\/732","targetHints":{"allow":["GET"]}}],"collection":[{"href":"https:\/\/gundem59.com.tr\/index.php?rest_route=\/wp\/v2\/posts"}],"about":[{"href":"https:\/\/gundem59.com.tr\/index.php?rest_route=\/wp\/v2\/types\/post"}],"author":[{"embeddable":true,"href":"https:\/\/gundem59.com.tr\/index.php?rest_route=\/wp\/v2\/users\/1"}],"replies":[{"embeddable":true,"href":"https:\/\/gundem59.com.tr\/index.php?rest_route=%2Fwp%2Fv2%2Fcomments&post=732"}],"version-history":[{"count":1,"href":"https:\/\/gundem59.com.tr\/index.php?rest_route=\/wp\/v2\/posts\/732\/revisions"}],"predecessor-version":[{"id":734,"href":"https:\/\/gundem59.com.tr\/index.php?rest_route=\/wp\/v2\/posts\/732\/revisions\/734"}],"wp:featuredmedia":[{"embeddable":true,"href":"https:\/\/gundem59.com.tr\/index.php?rest_route=\/wp\/v2\/media\/733"}],"wp:attachment":[{"href":"https:\/\/gundem59.com.tr\/index.php?rest_route=%2Fwp%2Fv2%2Fmedia&parent=732"}],"wp:term":[{"taxonomy":"category","embeddable":true,"href":"https:\/\/gundem59.com.tr\/index.php?rest_route=%2Fwp%2Fv2%2Fcategories&post=732"},{"taxonomy":"post_tag","embeddable":true,"href":"https:\/\/gundem59.com.tr\/index.php?rest_route=%2Fwp%2Fv2%2Ftags&post=732"},{"taxonomy":"author","embeddable":true,"href":"https:\/\/gundem59.com.tr\/index.php?rest_route=%2Fwp%2Fv2%2Fppma_author&post=732"}],"curies":[{"name":"wp","href":"https:\/\/api.w.org\/{rel}","templated":true}]}}