{"id":649,"date":"2026-05-09T07:50:30","date_gmt":"2026-05-09T07:50:30","guid":{"rendered":"https:\/\/gundem59.com.tr\/?p=649"},"modified":"2026-05-09T07:50:30","modified_gmt":"2026-05-09T07:50:30","slug":"tekirdagda-motosiklet-kazasinda-olen-ela-samsunda-son-yolculuguna-ugurladi","status":"publish","type":"post","link":"https:\/\/gundem59.com.tr\/?p=649","title":{"rendered":"Tekirda\u011f\u2019da motosiklet kazas\u0131nda \u00f6len Ela, Samsun\u2019da son yolculu\u011funa u\u011furlad\u0131"},"content":{"rendered":"\n<p class=\"wp-block-paragraph\">&nbsp;TEK\u0130RDA\u011e\u2019da ge\u00e7irdi\u011fi motosiklet kazas\u0131nda ya\u015fam\u0131n\u0131 yitiren Ela Uslu (17), memleketi Samsun\u2019un Bafra il\u00e7esinde g\u00f6zya\u015flar\u0131 aras\u0131nda topra\u011fa verildi.<\/p>\n\n\n\n<p class=\"wp-block-paragraph\">S\u00fcleymanpa\u015fa il\u00e7esinde \u00f6nceki g\u00fcn Y.E.K. y\u00f6netimindeki motosiklet bariyerlere \u00e7arp\u0131p devrildi. Kazada Y.E.K. yaralan\u0131rken, arkas\u0131ndaki Ela Uslu ise hayat\u0131n\u0131 kaybetti. S\u00fcr\u00fcc\u00fc Y.E.K. hastaneye kald\u0131r\u0131larak tedaviye al\u0131nd\u0131.<\/p>\n\n\n\n<p class=\"wp-block-paragraph\">Tekirda\u011f Adli T\u0131p Kurumu\u2019ndaki otopsi i\u015flemlerinin ard\u0131ndan Ela Uslu\u2019nun cenazesi baba oca\u011f\u0131 olan Samsun\u2019un Bafra il\u00e7esine getirildi. Evinde al\u0131nan helalli\u011fin ard\u0131ndan Bafra B\u00fcy\u00fck Camii\u2019nde k\u0131l\u0131nan cenaze namaz\u0131 sonras\u0131 Ela Uslu, Asri Mezarl\u0131k\u2019taki aile kabristanl\u0131\u011f\u0131nda topra\u011fa verildi. Cenazede karde\u015finin tabutuna sar\u0131larak g\u00f6zya\u015f\u0131 d\u00f6ken Eyl\u00fcl Uslu\u2019yu babas\u0131 Ali Uslu teselli etti.<\/p>\n\n\n\n<p class=\"wp-block-paragraph\">Cenazeye Bafra Belediye Ba\u015fkan\u0131 Hamit K\u0131l\u0131\u00e7, siyasi parti temsilcileri, yak\u0131nlar\u0131 ve \u00e7ok say\u0131da vatanda\u015f kat\u0131ld\u0131.&nbsp;<\/p>\n","protected":false},"excerpt":{"rendered":"<p>&nbsp;TEK\u0130RDA\u011e\u2019da ge\u00e7irdi\u011fi motosiklet kazas\u0131nda ya\u015fam\u0131n\u0131 yitiren Ela Uslu (17), memleketi Samsun\u2019un Bafra il\u00e7esinde g\u00f6zya\u015flar\u0131 aras\u0131nda&#8230;<\/p>\n","protected":false},"author":1,"featured_media":650,"comment_status":"closed","ping_status":"closed","sticky":false,"template":"","format":"standard","meta":{"footnotes":""},"categories":[1],"tags":[],"ppma_author":[57],"class_list":["post-649","post","type-post","status-publish","format-standard","has-post-thumbnail","hentry","category-tekirdag-gundemi"],"authors":[{"term_id":57,"user_id":1,"is_guest":0,"slug":"admin","display_name":"Alp Aslan","avatar_url":"https:\/\/secure.gravatar.com\/avatar\/07c18c5ad3350b025db8f3328450e071acb435c703e565899c880c63362f137a?s=96&d=mm&r=g","author_category":"1","first_name":"Alp Aslan","last_name":"ER\u0130N","user_url":"http:\/\/www.gundem59.com.tr","job_title":"","description":""}],"_links":{"self":[{"href":"https:\/\/gundem59.com.tr\/index.php?rest_route=\/wp\/v2\/posts\/649","targetHints":{"allow":["GET"]}}],"collection":[{"href":"https:\/\/gundem59.com.tr\/index.php?rest_route=\/wp\/v2\/posts"}],"about":[{"href":"https:\/\/gundem59.com.tr\/index.php?rest_route=\/wp\/v2\/types\/post"}],"author":[{"embeddable":true,"href":"https:\/\/gundem59.com.tr\/index.php?rest_route=\/wp\/v2\/users\/1"}],"replies":[{"embeddable":true,"href":"https:\/\/gundem59.com.tr\/index.php?rest_route=%2Fwp%2Fv2%2Fcomments&post=649"}],"version-history":[{"count":1,"href":"https:\/\/gundem59.com.tr\/index.php?rest_route=\/wp\/v2\/posts\/649\/revisions"}],"predecessor-version":[{"id":651,"href":"https:\/\/gundem59.com.tr\/index.php?rest_route=\/wp\/v2\/posts\/649\/revisions\/651"}],"wp:featuredmedia":[{"embeddable":true,"href":"https:\/\/gundem59.com.tr\/index.php?rest_route=\/wp\/v2\/media\/650"}],"wp:attachment":[{"href":"https:\/\/gundem59.com.tr\/index.php?rest_route=%2Fwp%2Fv2%2Fmedia&parent=649"}],"wp:term":[{"taxonomy":"category","embeddable":true,"href":"https:\/\/gundem59.com.tr\/index.php?rest_route=%2Fwp%2Fv2%2Fcategories&post=649"},{"taxonomy":"post_tag","embeddable":true,"href":"https:\/\/gundem59.com.tr\/index.php?rest_route=%2Fwp%2Fv2%2Ftags&post=649"},{"taxonomy":"author","embeddable":true,"href":"https:\/\/gundem59.com.tr\/index.php?rest_route=%2Fwp%2Fv2%2Fppma_author&post=649"}],"curies":[{"name":"wp","href":"https:\/\/api.w.org\/{rel}","templated":true}]}}