{"id":624,"date":"2026-05-08T09:26:10","date_gmt":"2026-05-08T09:26:10","guid":{"rendered":"https:\/\/gundem59.com.tr\/?p=624"},"modified":"2026-05-08T09:26:11","modified_gmt":"2026-05-08T09:26:11","slug":"tekirdagda-glutensiz-yasam-etkinligi","status":"publish","type":"post","link":"https:\/\/gundem59.com.tr\/?p=624","title":{"rendered":"Tekirda\u011f&#8217;da Glutensiz Ya\u015fam Etkinli\u011fi"},"content":{"rendered":"\n<p class=\"wp-block-paragraph\">9 May\u0131s D\u00fcnya \u00c7\u00f6lyak G\u00fcn\u00fc\u2019nde fark\u0131ndal\u0131k etkinli\u011fi, sa\u011fl\u0131kl\u0131 beslenme ve hareketli ya\u015fam\u0131 te\u015fvik etti.<\/p>\n\n\n\n<p class=\"wp-block-paragraph\">Tekirda\u011f&#8217;da &#8220;Glutensiz ve Hareketli Ya\u015fam&#8221; etkinli\u011fi ger\u00e7ekle\u015ftirildi.<\/p>\n\n\n\n<p class=\"wp-block-paragraph\">Tekirda\u011f Milli E\u011fitim M\u00fcd\u00fcrl\u00fc\u011f\u00fc koordinasyonunda, Ebru Nayim Fen Lisesi Sosyal Yard\u0131mla\u015fma ve Sosyal Sorumluluk Projeleri Kul\u00fcb\u00fc \u00f6\u011frencileri taraf\u0131ndan B\u00fcy\u00fck\u015fehir Belediyesi Vali Enver Saliho\u011flu Ortaokulunda 9 May\u0131s D\u00fcnya \u00c7\u00f6lyak G\u00fcn\u00fc etkinli\u011fi d\u00fczenlendi.<\/p>\n\n\n\n<p class=\"wp-block-paragraph\">Program kapsam\u0131nda \u00f6\u011frencilerde \u00e7\u00f6lyak hastal\u0131\u011f\u0131 ve gl\u00fcten konusunda fark\u0131ndal\u0131k olu\u015fturulmas\u0131, sa\u011fl\u0131kl\u0131 beslenme al\u0131\u015fkanl\u0131klar\u0131n\u0131n desteklenmesi ve fiziksel aktivitenin \u00f6nemine dikkat \u00e7ekilmesi ama\u00e7land\u0131.<\/p>\n\n\n\n<p class=\"wp-block-paragraph\"><a href=\"https:\/\/www.sondakika.com\/etkinlik\/\">Etkinlik<\/a>&nbsp;alan\u0131nda olu\u015fturulan stantlarda \u00f6\u011frenciler, \u00e7\u00f6lyak hastal\u0131\u011f\u0131 ve gl\u00fcten hakk\u0131nda temel bilgiler edinirken, paketli \u00fcr\u00fcnler \u00fczerinden etiket okuma uygulamalar\u0131yla i\u00e7erik analiz becerilerini geli\u015ftirme f\u0131rsat\u0131 buldu.<\/p>\n\n\n\n<p class=\"wp-block-paragraph\">Program kapsam\u0131nda kurulan &#8220;Oyun ve Fiziksel Aktivite Alan\u0131&#8221;nda \u00f6\u011frenciler e\u011fitsel oyunlar ve \u00e7e\u015fitli parkurlarla hareketli ya\u015fam al\u0131\u015fkanl\u0131klar\u0131n\u0131 deneyimledi.<\/p>\n\n\n\n<p class=\"wp-block-paragraph\">&#8220;Gl\u00fctensiz Tad\u0131m Stand\u0131&#8221;nda ise gl\u00fctensiz \u00fcr\u00fcnlerin tan\u0131t\u0131m\u0131 ve tad\u0131m\u0131 ger\u00e7ekle\u015ftirildi.<\/p>\n\n\n\n<p class=\"wp-block-paragraph\">\u0130l Milli E\u011fitim M\u00fcd\u00fcr\u00fc Abd\u00fclaziz Yeniyol ve \u0130l Sa\u011fl\u0131k M\u00fcd\u00fcr\u00fc L\u00fctfi \u00c7a\u011fatay Onar stantlar\u0131 gezerek \u00f6\u011frencilerle sohbet etti.<\/p>\n","protected":false},"excerpt":{"rendered":"<p>9 May\u0131s D\u00fcnya \u00c7\u00f6lyak G\u00fcn\u00fc\u2019nde fark\u0131ndal\u0131k etkinli\u011fi, sa\u011fl\u0131kl\u0131 beslenme ve hareketli ya\u015fam\u0131 te\u015fvik etti. Tekirda\u011f&#8217;da&#8230;<\/p>\n","protected":false},"author":1,"featured_media":625,"comment_status":"closed","ping_status":"closed","sticky":false,"template":"","format":"standard","meta":{"footnotes":""},"categories":[1],"tags":[],"ppma_author":[57],"class_list":["post-624","post","type-post","status-publish","format-standard","has-post-thumbnail","hentry","category-tekirdag-gundemi"],"authors":[{"term_id":57,"user_id":1,"is_guest":0,"slug":"admin","display_name":"Alp Aslan","avatar_url":"https:\/\/secure.gravatar.com\/avatar\/07c18c5ad3350b025db8f3328450e071acb435c703e565899c880c63362f137a?s=96&d=mm&r=g","author_category":"1","first_name":"Alp Aslan","last_name":"ER\u0130N","user_url":"http:\/\/www.gundem59.com.tr","job_title":"","description":""}],"_links":{"self":[{"href":"https:\/\/gundem59.com.tr\/index.php?rest_route=\/wp\/v2\/posts\/624","targetHints":{"allow":["GET"]}}],"collection":[{"href":"https:\/\/gundem59.com.tr\/index.php?rest_route=\/wp\/v2\/posts"}],"about":[{"href":"https:\/\/gundem59.com.tr\/index.php?rest_route=\/wp\/v2\/types\/post"}],"author":[{"embeddable":true,"href":"https:\/\/gundem59.com.tr\/index.php?rest_route=\/wp\/v2\/users\/1"}],"replies":[{"embeddable":true,"href":"https:\/\/gundem59.com.tr\/index.php?rest_route=%2Fwp%2Fv2%2Fcomments&post=624"}],"version-history":[{"count":1,"href":"https:\/\/gundem59.com.tr\/index.php?rest_route=\/wp\/v2\/posts\/624\/revisions"}],"predecessor-version":[{"id":626,"href":"https:\/\/gundem59.com.tr\/index.php?rest_route=\/wp\/v2\/posts\/624\/revisions\/626"}],"wp:featuredmedia":[{"embeddable":true,"href":"https:\/\/gundem59.com.tr\/index.php?rest_route=\/wp\/v2\/media\/625"}],"wp:attachment":[{"href":"https:\/\/gundem59.com.tr\/index.php?rest_route=%2Fwp%2Fv2%2Fmedia&parent=624"}],"wp:term":[{"taxonomy":"category","embeddable":true,"href":"https:\/\/gundem59.com.tr\/index.php?rest_route=%2Fwp%2Fv2%2Fcategories&post=624"},{"taxonomy":"post_tag","embeddable":true,"href":"https:\/\/gundem59.com.tr\/index.php?rest_route=%2Fwp%2Fv2%2Ftags&post=624"},{"taxonomy":"author","embeddable":true,"href":"https:\/\/gundem59.com.tr\/index.php?rest_route=%2Fwp%2Fv2%2Fppma_author&post=624"}],"curies":[{"name":"wp","href":"https:\/\/api.w.org\/{rel}","templated":true}]}}