{"id":591,"date":"2026-05-06T02:42:47","date_gmt":"2026-05-06T02:42:47","guid":{"rendered":"https:\/\/gundem59.com.tr\/?p=591"},"modified":"2026-05-06T02:42:47","modified_gmt":"2026-05-06T02:42:47","slug":"tekirdagli-ogrencilerden-buyuk-basari-turkiye-ikincisi-oldular","status":"publish","type":"post","link":"https:\/\/gundem59.com.tr\/?p=591","title":{"rendered":"Tekirda\u011fl\u0131 \u00f6\u011frencilerden b\u00fcy\u00fck ba\u015far\u0131: T\u00fcrkiye ikincisi oldular"},"content":{"rendered":"\n<p class=\"wp-block-paragraph\">Tekirda\u011f\u2019da lise \u00f6\u011frencileri taraf\u0131ndan geli\u015ftirilen &#8220;ALTIME-PRO&#8221; projesi, T\u00fcrkiye finallerinde ikinci olarak \u00f6nemli bir ba\u015far\u0131ya imza att\u0131.<\/p>\n\n\n\n<p class=\"wp-block-paragraph\">Tekirda\u011f Belediyesi Mehmet Serez Sosyal Bilimler Lisesi \u00f6\u011frencileri, bu y\u0131l d\u00fczenlenen lise \u00f6\u011frencileri ara\u015ft\u0131rma proje yar\u0131\u015fmas\u0131n\u0131n T\u00fcrkiye finallerinde psikoloji alan\u0131nda b\u00fcy\u00fck ba\u015far\u0131 elde etti. N\u00f6robilim ve algoritma temelli yakla\u015f\u0131mlar\u0131 bir araya getiren &#8220;ALTIME-PRO&#8221; projesi, T\u00fcrkiye genelinde ikinci se\u00e7ildi.<\/p>\n\n\n\n<p class=\"wp-block-paragraph\">Yakla\u015f\u0131k bir y\u0131l s\u00fcren \u00e7al\u0131\u015fmada \u00f6\u011frenciler, akademik kaynaklar ve \u00fcniversite \u00f6\u011fretim \u00fcyeleriyle yap\u0131lan g\u00f6r\u00fc\u015fmelerle projeyi geli\u015ftirdi. Proje kapsam\u0131nda \u00f6\u011frencilerin zaman y\u00f6netimi ve bili\u015fsel fark\u0131ndal\u0131k becerilerini art\u0131rmaya y\u00f6nelik yapay zek\u00e2 destekli bir model ortaya konuldu.<\/p>\n\n\n\n<p class=\"wp-block-paragraph\">\u0130stanbul Avrupa B\u00f6lgesi\u2019nde birinci olarak finallere kat\u0131lmaya hak kazanan ekip, T\u00fcrkiye genelinde binlerce proje aras\u0131ndan se\u00e7ilen projelerle yar\u0131\u015farak derece elde etti. \u00d6\u011frenciler \u00f6d\u00fcllerini T\u00dcB\u0130TAK Ba\u015fkan\u0131 Orhan Ayd\u0131n\u2019\u0131n elinden ald\u0131.<\/p>\n\n\n\n<p class=\"wp-block-paragraph\">Projede eme\u011fi bulunan \u00f6\u011frenciler R\u00fczgar Tuna, Zeynep Fatma G\u00f6ksel ve Zeynep T\u00fcrkan Ye\u015fil\u00e7imen ile dan\u0131\u015fman \u00f6\u011fretmen Sel\u00e7uk Dalo\u011flu\u2019nun ba\u015far\u0131s\u0131 takdir toplad\u0131.<\/p>\n\n\n\n<p class=\"wp-block-paragraph\">Ba\u015far\u0131l\u0131 \u00f6\u011frencileri Tekirda\u011f Belediyesi Mehmet Serez Sosyal Bilimler Lisesi M\u00fcd\u00fcr\u00fc Mehmet Solak okulda kar\u015f\u0131layarak tebrik etti.<\/p>\n\n\n\n<p class=\"wp-block-paragraph\">Konuyla ilgili a\u00e7\u0131klamalarda bulunan \u00f6\u011frencilerden Zeynep Fatma G\u00f6ksel, &#8220;Projemizin ad\u0131 \u2019ALTIME-PRO\u2019 yani Algoritmik Time Management program, yani algoritmik d\u00fc\u015f\u00fcn, zihni geli\u015ftir, zaman\u0131 y\u00f6net projesi ile yola \u00e7\u0131kt\u0131\u011f\u0131m\u0131z projemizde algoritmik d\u00fc\u015f\u00fcnme yakla\u015f\u0131m\u0131 ile beraber lise \u00f6\u011frencilerinin zaman y\u00f6netim becerilerini analiz etmeye \u00e7al\u0131\u015ft\u0131k biz projemizde. \u0130lk olarak ilimizde bulunan alan\u0131nda uzman \u00fcniversite hocalar\u0131m\u0131zla zaman y\u00f6netimi beynimizin hangi b\u00f6lgesinde ger\u00e7ekle\u015fiyor buna dair m\u00fclakatlar ger\u00e7ekle\u015ftirdik ve beynimizin \u00f6n k\u0131sm\u0131nda bulunan frontal lob ve burada yer alan prefrontal korteks b\u00f6lgelerinde ger\u00e7ekle\u015fti\u011fini \u00f6\u011frendik. Ard\u0131ndan okulumuzda bulunan 9. s\u0131n\u0131f \u00f6\u011frencilerimize acaba zaman y\u00f6netimine ili\u015fkin ihtiya\u00e7lar\u0131 var m\u0131 yok mu bunu analiz etmek i\u00e7in bir ihtiya\u00e7 analiz formu uygulad\u0131k&#8221; ifadelerini kulland\u0131.<\/p>\n\n\n\n<p class=\"wp-block-paragraph\">Zeynep T\u00fcrkan Ye\u015fil\u00e7imen ise &#8220;Bu ihtiya\u00e7 analizinden sonra kat\u0131l\u0131mc\u0131lar zaman\u0131 etkin bir \u015fekilde y\u00f6netebiliyorlar m\u0131, zaman y\u00f6netimini nas\u0131l ger\u00e7ekle\u015ftiriyorlar sorular\u0131na cevap bulabilmek ad\u0131na kat\u0131l\u0131mc\u0131larla bir g\u00f6r\u00fc\u015fme ger\u00e7ekle\u015ftirdik. G\u00f6r\u00fc\u015fmelerin sonras\u0131nda kat\u0131l\u0131mc\u0131lar\u0131n zaman\u0131 etkin bir \u015fekilde y\u00f6netememelerinin nedenlerinin neler oldu\u011funu temalar\u0131na ay\u0131rd\u0131k&#8221; dedi.<\/p>\n\n\n\n<p class=\"wp-block-paragraph\">R\u00fczgar Tuna da, &#8220;Arkada\u015flar\u0131m\u0131n da anlatt\u0131\u011f\u0131 gibi, \u00f6\u011frencilerin zaman y\u00f6netimine y\u00f6nelik sorunlar\u0131n\u0131 analiz edip bir te\u015fhis koyduk ve buna \u00e7\u00f6z\u00fcm olarak \u2019ALTIME-PRO\u2019yu geli\u015ftirdik. \u2019ALTIME-PRO\u2019 algoritmik d\u00fc\u015f\u00fcnme yakla\u015f\u0131m\u0131n\u0131 temel al\u0131yor. Zaman y\u00f6netimi ve zihin y\u00f6netimi olmak \u00fczere iki at\u00f6lyeden olu\u015fuyor. Ki\u015finin prefrontal korteksini aktive ederek zaman y\u00f6netimi becerilerinin geli\u015fimini hedefleyen bir proje \u00e7al\u0131\u015fmas\u0131 yapt\u0131k. Biz burada \u00f6\u011frencilerimizi deney ve kontrol grubu olmak \u00fczere ikiye ay\u0131rd\u0131k ve kendilerine iki ay boyunca beynin yap\u0131s\u0131 ve i\u015flevleri, algoritma, prefrontal korteks, zaman y\u00f6netim teknikleri, zaman\u0131n etkin y\u00f6netimi, sosyal medya gibi dopamin tuzaklar\u0131 ve bunlarla alakal\u0131 \u00e7al\u0131\u015fmalar yapt\u0131rd\u0131k. Bunlar hem sunuma hem de uygulamaya dayal\u0131yd\u0131. \u0130ki ayl\u0131k \u00e7al\u0131\u015fmalar\u0131n sonucunda \u00f6\u011frencilerimiz y\u00fczde 35\u2019lik bir art\u0131\u015f kaydettiler. Bunun yan\u0131nda bir de internet sitemiz ve yapay zekam\u0131z bulunuyor. Bu internet sitesinde proje hakk\u0131nda bilgiler, algoritma, zaman y\u00f6netimi hakk\u0131nda bilgilere ula\u015fabiliyorsunuz. Podcast ve bili\u015fsel oyunlar\u0131m\u0131z bulunuyor. Yapay zekay\u0131 da biz kendimiz e\u011fittik, ki\u015fiselle\u015ftirilmi\u015f bir yapay zeka. Sordu\u011funuz sorulara prefrontal korteks, algoritma ve zaman y\u00f6netimi teknikleri \u00e7er\u00e7evesinde \u00f6zelle\u015ftirilmi\u015f cevaplar verebiliyor. Projemiz bin 500 proje aras\u0131ndan \u0130stanbul\u2019a davet ald\u0131 ve \u0130stanbul Avrupa\u2019da 100 proje aras\u0131ndan psikoloji alan\u0131nda b\u00f6lge birincisi se\u00e7ildi. Sonras\u0131nda Ankara\u2019ya davet ald\u0131k, ve Ankara\u2019da 216 proje aras\u0131ndan psikoloji alan\u0131nda yine T\u00fcrkiye ikincisi olduk. Burada ya\u015fad\u0131\u011f\u0131m\u0131z tecr\u00fcbeler \u00e7ok g\u00fczel, kurdu\u011fumuz arkada\u015fl\u0131klar ve dinledi\u011fimiz insanlar, \u00e7ok de\u011ferli profes\u00f6rler ve j\u00fcrilerin kar\u015f\u0131s\u0131na \u00e7\u0131kt\u0131k. Orada ya\u015fad\u0131\u011f\u0131m\u0131z atmosfer ve tabii ki bakanlar\u0131m\u0131zdan ald\u0131\u011f\u0131m\u0131z \u00f6d\u00fcl hi\u00e7bir \u015feye de\u011fi\u015filmezdi&#8221; dedi.<\/p>\n\n\n\n<p class=\"wp-block-paragraph\">Okulun bili\u015fim teknolojileri \u00f6\u011fretmeni Sel\u00e7uk Dalo\u011flu da \u00f6\u011frencileri tebrik etti.<\/p>\n","protected":false},"excerpt":{"rendered":"<p>Tekirda\u011f\u2019da lise \u00f6\u011frencileri taraf\u0131ndan geli\u015ftirilen &#8220;ALTIME-PRO&#8221; projesi, T\u00fcrkiye finallerinde ikinci olarak \u00f6nemli bir ba\u015far\u0131ya imza&#8230;<\/p>\n","protected":false},"author":1,"featured_media":592,"comment_status":"closed","ping_status":"closed","sticky":false,"template":"","format":"standard","meta":{"footnotes":""},"categories":[1],"tags":[],"ppma_author":[57],"class_list":["post-591","post","type-post","status-publish","format-standard","has-post-thumbnail","hentry","category-tekirdag-gundemi"],"authors":[{"term_id":57,"user_id":1,"is_guest":0,"slug":"admin","display_name":"Alp Aslan","avatar_url":"https:\/\/secure.gravatar.com\/avatar\/07c18c5ad3350b025db8f3328450e071acb435c703e565899c880c63362f137a?s=96&d=mm&r=g","author_category":"1","first_name":"Alp Aslan","last_name":"ER\u0130N","user_url":"http:\/\/www.gundem59.com.tr","job_title":"","description":""}],"_links":{"self":[{"href":"https:\/\/gundem59.com.tr\/index.php?rest_route=\/wp\/v2\/posts\/591","targetHints":{"allow":["GET"]}}],"collection":[{"href":"https:\/\/gundem59.com.tr\/index.php?rest_route=\/wp\/v2\/posts"}],"about":[{"href":"https:\/\/gundem59.com.tr\/index.php?rest_route=\/wp\/v2\/types\/post"}],"author":[{"embeddable":true,"href":"https:\/\/gundem59.com.tr\/index.php?rest_route=\/wp\/v2\/users\/1"}],"replies":[{"embeddable":true,"href":"https:\/\/gundem59.com.tr\/index.php?rest_route=%2Fwp%2Fv2%2Fcomments&post=591"}],"version-history":[{"count":1,"href":"https:\/\/gundem59.com.tr\/index.php?rest_route=\/wp\/v2\/posts\/591\/revisions"}],"predecessor-version":[{"id":593,"href":"https:\/\/gundem59.com.tr\/index.php?rest_route=\/wp\/v2\/posts\/591\/revisions\/593"}],"wp:featuredmedia":[{"embeddable":true,"href":"https:\/\/gundem59.com.tr\/index.php?rest_route=\/wp\/v2\/media\/592"}],"wp:attachment":[{"href":"https:\/\/gundem59.com.tr\/index.php?rest_route=%2Fwp%2Fv2%2Fmedia&parent=591"}],"wp:term":[{"taxonomy":"category","embeddable":true,"href":"https:\/\/gundem59.com.tr\/index.php?rest_route=%2Fwp%2Fv2%2Fcategories&post=591"},{"taxonomy":"post_tag","embeddable":true,"href":"https:\/\/gundem59.com.tr\/index.php?rest_route=%2Fwp%2Fv2%2Ftags&post=591"},{"taxonomy":"author","embeddable":true,"href":"https:\/\/gundem59.com.tr\/index.php?rest_route=%2Fwp%2Fv2%2Fppma_author&post=591"}],"curies":[{"name":"wp","href":"https:\/\/api.w.org\/{rel}","templated":true}]}}