{"id":58,"date":"2026-03-22T07:54:23","date_gmt":"2026-03-22T07:54:23","guid":{"rendered":"https:\/\/gundem59.com.tr\/?p=58"},"modified":"2026-03-22T07:54:23","modified_gmt":"2026-03-22T07:54:23","slug":"bu-koye-gelen-bir-daha-gelmek-istemiyor-misafirler-bile-kisa-surede-kaciyor","status":"publish","type":"post","link":"https:\/\/gundem59.com.tr\/?p=58","title":{"rendered":"Bu k\u00f6ye gelen bir daha gelmek istemiyor: Misafirler bile k\u0131sa s\u00fcrede ka\u00e7\u0131yor"},"content":{"rendered":"\n<p class=\"wp-block-paragraph\">Tekirda\u011f\u2019\u0131n Malkara il\u00e7esine ba\u011fl\u0131 Hask\u00f6y Mahallesi\u2019nde y\u0131llard\u0131r \u00e7\u00f6z\u00fclemeyen \u015febeke sorunu, bayramda bile k\u00f6y\u00fc sessizli\u011fe b\u00fcr\u00fcd\u00fc.<\/p>\n\n\n\n<p class=\"wp-block-paragraph\">Tekirda\u011f\u2019\u0131n Malkara il\u00e7esine ba\u011fl\u0131 Hask\u00f6y Mahallesi\u2019nde ya\u015fayan vatanda\u015flar, y\u0131llard\u0131r devam eden telefon \u015febekesi sorunu nedeniyle adeta ileti\u015fimden kopmu\u015f durumda. Bayramda yak\u0131nlar\u0131yla g\u00f6r\u00fc\u015fmek isteyen mahalle sakinleri, telefonla konu\u015fabilmek i\u00e7in y\u00fcksek tepelere \u00e7\u0131kmak zorunda kal\u0131rken, ya\u015fanan sorun k\u00f6yde ya\u015fam\u0131 her ge\u00e7en g\u00fcn daha da zorla\u015ft\u0131r\u0131yor.<\/p>\n\n\n\n<p class=\"wp-block-paragraph\">Mahallede \u00f6zellikle gen\u00e7 n\u00fcfusun h\u0131zla azald\u0131\u011f\u0131na dikkat \u00e7eken vatanda\u015flar, teknolojinin bu kadar geli\u015fti\u011fi bir d\u00f6nemde ileti\u015fim kuramaman\u0131n kabul edilemez oldu\u011funu belirtiyor. \u015eebeke sorunu nedeniyle k\u00f6yde kalmak istemeyen gen\u00e7ler birer birer g\u00f6\u00e7 ederken, k\u00f6ye gelen misafirlerin de ayn\u0131 sebeple bir daha gelmek istemedi\u011fi ifade ediliyor.<\/p>\n\n\n\n<p class=\"wp-block-paragraph\">Ya\u015fanan ileti\u015fim s\u0131k\u0131nt\u0131s\u0131n\u0131n yaln\u0131zca g\u00fcnl\u00fck hayat\u0131 de\u011fil, sosyal ya\u015fam\u0131 da olumsuz etkiledi\u011fi vurgulan\u0131yor. Bayram gibi \u00f6zel g\u00fcnlerde dahi k\u00f6y\u00fcn eskisi gibi kalabal\u0131k olmad\u0131\u011f\u0131na dikkat \u00e7eken mahalle sakinleri, &#8220;Telefon \u00e7ekmedi\u011fi i\u00e7in kimse gelmek istemiyor&#8221; diyerek duruma tepki g\u00f6steriyor.<\/p>\n\n\n\n<h2 class=\"wp-block-heading\">\u015eehrin yan\u0131ba\u015f\u0131nda \u00e7ekmiyor<\/h2>\n\n\n\n<p class=\"wp-block-paragraph\">Hask\u00f6y Mahallesi Muhtar\u0131 Erol \u00c7elebi de ya\u015fanan soruna sert s\u00f6zlerle tepki g\u00f6sterdi. Y\u0131llard\u0131r \u00e7\u00f6z\u00fcm beklediklerini ifade eden \u00c7elebi, &#8220;Buradan \u015fehir merkezi Malkara\u2019ya 14 kilometre mesafe var. Bir telefon \u00e7ekmez mi? Hangi \u015febekeden hat al\u0131rsak alal\u0131m hi\u00e7bir \u015fekilde \u00e7ekmiyor. Kim gelsin bu k\u00f6ye? Bu hatlara her ay \u00e7uvalla para \u00f6d\u00fcyoruz ama ilgilenen yok. \u0130nsanlar k\u00f6ye gelmez oldu. Misafirlerimiz bile telefonlar \u00e7ekmiyor diye gelmiyor. Vatanda\u015f da zor durumda, biz de zor durumday\u0131z. Bu bayram misafir bile gelmedi. Neden gelmedi? Telefonlar \u00e7ekmedi diye&#8221; ifadelerini kulland\u0131.<\/p>\n\n\n\n<p class=\"wp-block-paragraph\">K\u00f6y halk\u0131, yetkililerden bir an \u00f6nce kal\u0131c\u0131 \u00e7\u00f6z\u00fcm beklediklerini belirterek, ileti\u015fim sorununun giderilmemesi halinde Hask\u00f6y\u2019\u00fcn tamamen bo\u015falma riskiyle kar\u015f\u0131 kar\u015f\u0131ya kalabilece\u011fine dikkat \u00e7ekti.<\/p>\n\n\n\n<p class=\"wp-block-paragraph\"><\/p>\n","protected":false},"excerpt":{"rendered":"<p>Tekirda\u011f\u2019\u0131n Malkara il\u00e7esine ba\u011fl\u0131 Hask\u00f6y Mahallesi\u2019nde y\u0131llard\u0131r \u00e7\u00f6z\u00fclemeyen \u015febeke sorunu, bayramda bile k\u00f6y\u00fc sessizli\u011fe b\u00fcr\u00fcd\u00fc&#8230;.<\/p>\n","protected":false},"author":1,"featured_media":63,"comment_status":"open","ping_status":"open","sticky":false,"template":"","format":"standard","meta":{"footnotes":""},"categories":[1],"tags":[],"ppma_author":[57],"class_list":["post-58","post","type-post","status-publish","format-standard","has-post-thumbnail","hentry","category-tekirdag-gundemi"],"authors":[{"term_id":57,"user_id":1,"is_guest":0,"slug":"admin","display_name":"Alp Aslan","avatar_url":"https:\/\/secure.gravatar.com\/avatar\/07c18c5ad3350b025db8f3328450e071acb435c703e565899c880c63362f137a?s=96&d=mm&r=g","author_category":"1","first_name":"Alp Aslan","last_name":"ER\u0130N","user_url":"http:\/\/www.gundem59.com.tr","job_title":"","description":""}],"_links":{"self":[{"href":"https:\/\/gundem59.com.tr\/index.php?rest_route=\/wp\/v2\/posts\/58","targetHints":{"allow":["GET"]}}],"collection":[{"href":"https:\/\/gundem59.com.tr\/index.php?rest_route=\/wp\/v2\/posts"}],"about":[{"href":"https:\/\/gundem59.com.tr\/index.php?rest_route=\/wp\/v2\/types\/post"}],"author":[{"embeddable":true,"href":"https:\/\/gundem59.com.tr\/index.php?rest_route=\/wp\/v2\/users\/1"}],"replies":[{"embeddable":true,"href":"https:\/\/gundem59.com.tr\/index.php?rest_route=%2Fwp%2Fv2%2Fcomments&post=58"}],"version-history":[{"count":1,"href":"https:\/\/gundem59.com.tr\/index.php?rest_route=\/wp\/v2\/posts\/58\/revisions"}],"predecessor-version":[{"id":64,"href":"https:\/\/gundem59.com.tr\/index.php?rest_route=\/wp\/v2\/posts\/58\/revisions\/64"}],"wp:featuredmedia":[{"embeddable":true,"href":"https:\/\/gundem59.com.tr\/index.php?rest_route=\/wp\/v2\/media\/63"}],"wp:attachment":[{"href":"https:\/\/gundem59.com.tr\/index.php?rest_route=%2Fwp%2Fv2%2Fmedia&parent=58"}],"wp:term":[{"taxonomy":"category","embeddable":true,"href":"https:\/\/gundem59.com.tr\/index.php?rest_route=%2Fwp%2Fv2%2Fcategories&post=58"},{"taxonomy":"post_tag","embeddable":true,"href":"https:\/\/gundem59.com.tr\/index.php?rest_route=%2Fwp%2Fv2%2Ftags&post=58"},{"taxonomy":"author","embeddable":true,"href":"https:\/\/gundem59.com.tr\/index.php?rest_route=%2Fwp%2Fv2%2Fppma_author&post=58"}],"curies":[{"name":"wp","href":"https:\/\/api.w.org\/{rel}","templated":true}]}}