{"id":557,"date":"2026-05-02T15:42:58","date_gmt":"2026-05-02T15:42:58","guid":{"rendered":"https:\/\/gundem59.com.tr\/?p=557"},"modified":"2026-05-02T15:42:58","modified_gmt":"2026-05-02T15:42:58","slug":"balikesirde-devrilen-yolcu-otobusunde-hayatini-kaybedenlerden-elif-kelin-cenazesi-tekirdagda-defnedildi","status":"publish","type":"post","link":"https:\/\/gundem59.com.tr\/?p=557","title":{"rendered":"Bal\u0131kesir&#8217;de devrilen yolcu otob\u00fcs\u00fcnde hayat\u0131n\u0131 kaybedenlerden Elif Kel&#8217;in cenazesi Tekirda\u011f&#8217;da defnedildi"},"content":{"rendered":"\n<p class=\"wp-block-paragraph\">Bal\u0131kesir&#8217;in Band\u0131rma il\u00e7esinde devrilen yolcu otob\u00fcs\u00fcnde hayat\u0131n\u0131 kaybeden Elif Kel&#8217;in cenazesi memleketi Tekirda\u011f&#8217;da son yolculu\u011funa u\u011furland\u0131.<br><br>Kazada ya\u015fam\u0131n\u0131 yitiren Kel&#8217;in cenazesi, yak\u0131nlar\u0131 taraf\u0131ndan \u00c7erkezk\u00f6y il\u00e7esine getirildi.<br><br>Kebir Camisi&#8217;nde \u00f6\u011fle vakti k\u0131l\u0131nan cenaze namaz\u0131n\u0131n ard\u0131ndan Kel&#8217;in naa\u015f\u0131 Velik\u00f6y Mezarl\u0131\u011f\u0131&#8217;nda topra\u011fa verildi.<br><br>D\u00fcn, Mu\u011fla&#8217;ya gitmek i\u00e7in Tekirda\u011f&#8217;dan yola \u00e7\u0131kan Pamukkale firmas\u0131na ait K.U. idaresindeki 35 PK 328 plakal\u0131 yolcu otob\u00fcs\u00fc, Band\u0131rma-\u00c7anakkale kara yolunun K\u00fclefli Mahallesi mevkisinde, kontrolden \u00e7\u0131karak ref\u00fcje \u00e7arpt\u0131ktan sonra devrilmi\u015f, otob\u00fcsteki yolcular Nazire Akova, Elif Kel ve Kemal Can Sert olay yerinde ya\u015fam\u0131n\u0131 yitirmi\u015f, 30 ki\u015fi de yaralanm\u0131\u015ft\u0131.<\/p>\n\n\n\n<figure class=\"wp-block-image\"><img  title=\"\" decoding=\"async\" src=\"https:\/\/im.haberturk.com\/yerel_haber\/2026\/05\/02\/ver1777721050\/41269288_41269295_640x360.jpg\"  alt=\"41269288_41269295_640x360 Bal\u0131kesir&#039;de devrilen yolcu otob\u00fcs\u00fcnde hayat\u0131n\u0131 kaybedenlerden Elif Kel&#039;in cenazesi Tekirda\u011f&#039;da defnedildi\" \/><\/figure>\n","protected":false},"excerpt":{"rendered":"<p>Bal\u0131kesir&#8217;in Band\u0131rma il\u00e7esinde devrilen yolcu otob\u00fcs\u00fcnde hayat\u0131n\u0131 kaybeden Elif Kel&#8217;in cenazesi memleketi Tekirda\u011f&#8217;da son yolculu\u011funa&#8230;<\/p>\n","protected":false},"author":1,"featured_media":0,"comment_status":"closed","ping_status":"closed","sticky":false,"template":"","format":"standard","meta":{"footnotes":""},"categories":[1],"tags":[],"ppma_author":[57],"class_list":["post-557","post","type-post","status-publish","format-standard","hentry","category-tekirdag-gundemi"],"authors":[{"term_id":57,"user_id":1,"is_guest":0,"slug":"admin","display_name":"Alp Aslan","avatar_url":"https:\/\/secure.gravatar.com\/avatar\/07c18c5ad3350b025db8f3328450e071acb435c703e565899c880c63362f137a?s=96&d=mm&r=g","author_category":"1","first_name":"Alp Aslan","last_name":"ER\u0130N","user_url":"http:\/\/www.gundem59.com.tr","job_title":"","description":""}],"_links":{"self":[{"href":"https:\/\/gundem59.com.tr\/index.php?rest_route=\/wp\/v2\/posts\/557","targetHints":{"allow":["GET"]}}],"collection":[{"href":"https:\/\/gundem59.com.tr\/index.php?rest_route=\/wp\/v2\/posts"}],"about":[{"href":"https:\/\/gundem59.com.tr\/index.php?rest_route=\/wp\/v2\/types\/post"}],"author":[{"embeddable":true,"href":"https:\/\/gundem59.com.tr\/index.php?rest_route=\/wp\/v2\/users\/1"}],"replies":[{"embeddable":true,"href":"https:\/\/gundem59.com.tr\/index.php?rest_route=%2Fwp%2Fv2%2Fcomments&post=557"}],"version-history":[{"count":1,"href":"https:\/\/gundem59.com.tr\/index.php?rest_route=\/wp\/v2\/posts\/557\/revisions"}],"predecessor-version":[{"id":558,"href":"https:\/\/gundem59.com.tr\/index.php?rest_route=\/wp\/v2\/posts\/557\/revisions\/558"}],"wp:attachment":[{"href":"https:\/\/gundem59.com.tr\/index.php?rest_route=%2Fwp%2Fv2%2Fmedia&parent=557"}],"wp:term":[{"taxonomy":"category","embeddable":true,"href":"https:\/\/gundem59.com.tr\/index.php?rest_route=%2Fwp%2Fv2%2Fcategories&post=557"},{"taxonomy":"post_tag","embeddable":true,"href":"https:\/\/gundem59.com.tr\/index.php?rest_route=%2Fwp%2Fv2%2Ftags&post=557"},{"taxonomy":"author","embeddable":true,"href":"https:\/\/gundem59.com.tr\/index.php?rest_route=%2Fwp%2Fv2%2Fppma_author&post=557"}],"curies":[{"name":"wp","href":"https:\/\/api.w.org\/{rel}","templated":true}]}}