{"id":545,"date":"2026-05-01T11:44:10","date_gmt":"2026-05-01T11:44:10","guid":{"rendered":"https:\/\/gundem59.com.tr\/?p=545"},"modified":"2026-05-01T11:44:11","modified_gmt":"2026-05-01T11:44:11","slug":"candan-baskandan-1-mayis-emek-ve-dayanisma-gunu-mesaji","status":"publish","type":"post","link":"https:\/\/gundem59.com.tr\/?p=545","title":{"rendered":"CANDAN BA\u015eKAN&#8217;DAN 1 MAYIS EMEK VE DAYANI\u015eMA G\u00dcN\u00dc MESAJI"},"content":{"rendered":"\n<p class=\"wp-block-paragraph\">Tekirda\u011f B\u00fcy\u00fck\u015fehir Belediye Ba\u015fkan\u0131 Dr. Candan Y\u00fcceer, 1 May\u0131s Emek ve Dayan\u0131\u015fma G\u00fcn\u00fc dolay\u0131s\u0131yla yay\u0131mlad\u0131\u011f\u0131 mesajda, eme\u011fin tarihsel m\u00fccadelesine, al\u0131n terinin toplumsal de\u011ferine ve emek\u00e7ilerin adalet aray\u0131\u015f\u0131na dikkat \u00e7ekti. Candan Ba\u015fkan, mesaj\u0131nda \u015fu ifadelere yer verdi:<\/p>\n\n\n\n<p class=\"wp-block-paragraph\">\u201cK\u0131ymetli hem\u015fehrilerim, de\u011ferli emek\u00e7i karde\u015flerim;<\/p>\n\n\n\n<p class=\"wp-block-paragraph\">Al\u0131n terinin, dayan\u0131\u015fman\u0131n, hak aray\u0131\u015f\u0131n\u0131n ve insanca ya\u015fam m\u00fccadelesinin g\u00fcn\u00fc olan 1 May\u0131s&#8217;\u0131n co\u015fkusuyla, Tekirda\u011f&#8217;daki t\u00fcm emek\u00e7ileri y\u00fcrekten selaml\u0131yorum. Hayat\u0131m\u0131z, her g\u00fcn tarlada, fabrikada, at\u00f6lyede, ofiste ve soka\u011f\u0131n her alan\u0131nda \u00e7al\u0131\u015fan milyonlarca insan\u0131n eme\u011fiyle y\u00fckseliyor ve y\u00fcceliyor.<\/p>\n\n\n\n<p class=\"wp-block-paragraph\">Tekirda\u011f, \u00f6z\u00fcnde bir emek kentidir. \u015eehrimizin genelinde sanayiden tar\u0131ma, hizmet sekt\u00f6r\u00fcnden ev i\u00e7indeki g\u00f6r\u00fcnmeyen emek alanlar\u0131na kadar ter d\u00f6ken t\u00fcm yurtta\u015flar\u0131m\u0131z\u0131n yan\u0131nda oldu\u011fumuzu bir kez daha ifade etmek isterim. Tekirda\u011f&#8217;\u0131m\u0131z\u0131n ger\u00e7ek g\u00fcc\u00fc, \u00fcreten insan\u0131n\u0131n \u00e7al\u0131\u015fkanl\u0131\u011f\u0131ndan ve dayan\u0131\u015fmas\u0131ndan gelmektedir. \u015eehrimizin, ba\u015fta mesai arkada\u015flar\u0131m olan Tekirda\u011f B\u00fcy\u00fck\u015fehir Belediyesi \u00e7al\u0131\u015fanlar\u0131 olmak \u00fczere, t\u00fcm emek\u00e7ilerin elleri \u00fczerinde \u015fekillendi\u011fini biliyoruz.<\/p>\n\n\n\n<p class=\"wp-block-paragraph\">Bizim belediyecilik anlay\u0131\u015f\u0131m\u0131z, kamusal yarar\u0131, sosyal adaleti ve eme\u011fin hakk\u0131n\u0131 \u00f6nceleyen bir vizyona dayanmaktad\u0131r. \u015eunu a\u00e7\u0131k\u00e7a ifade etmeliyim ki emek\u00e7inin y\u00fcz\u00fc g\u00fclmeden bir \u015fehir ger\u00e7ek anlamda kalk\u0131namaz, al\u0131n teri ger\u00e7ek de\u011ferini bulmadan toplumsal refah b\u00fcy\u00fcyemez. Bu nedenle eme\u011fi y\u00fccelten, dayan\u0131\u015fmay\u0131 b\u00fcy\u00fcten ve hi\u00e7bir yurtta\u015f\u0131m\u0131z\u0131 geride b\u0131rakmayan bir y\u00f6netim anlay\u0131\u015f\u0131yla \u00e7al\u0131\u015fmalar\u0131m\u0131z\u0131 kararl\u0131l\u0131kla s\u00fcrd\u00fcr\u00fcyoruz.<\/p>\n\n\n\n<p class=\"wp-block-paragraph\">D\u00fcn oldu\u011fu gibi yar\u0131nlarda da eme\u011fin hakk\u0131n\u0131, insan onurunu ve adalet m\u00fccadelesini savunmaya, daha e\u015fit, daha \u00f6zg\u00fcr ve daha insanca bir gelecek i\u00e7in dayan\u0131\u015fmay\u0131 b\u00fcy\u00fctmeye devam edece\u011fiz.<\/p>\n\n\n\n<p class=\"wp-block-paragraph\">Bu duygu ve d\u00fc\u015f\u00fcncelerle ba\u015fta Tekirda\u011f B\u00fcy\u00fck\u015fehir Belediyesi \u00e7at\u0131s\u0131 alt\u0131nda omuz omuza \u00e7al\u0131\u015ft\u0131\u011f\u0131m\u0131z mesai arkada\u015flar\u0131m olmak \u00fczere, hayat\u0131n her alan\u0131nda daha g\u00fczel bir d\u00fcnya i\u00e7in ya\u015fam\u0131n t\u00fcm y\u00fck\u00fcn\u00fc omuzlayan emek\u00e7ilerin 1 May\u0131s Emek ve Dayan\u0131\u015fma G\u00fcn\u00fc\u2019n\u00fc y\u00fcrekten kutluyorum.\u201d<\/p>\n\n\n\n<p class=\"wp-block-paragraph\">&nbsp; &nbsp; &nbsp; &nbsp; &nbsp; &nbsp; &nbsp; &nbsp; &nbsp; &nbsp; &nbsp; &nbsp; &nbsp; &nbsp; &nbsp; &nbsp; &nbsp; &nbsp; &nbsp; &nbsp; &nbsp; &nbsp; &nbsp; &nbsp; &nbsp; &nbsp; &nbsp; &nbsp; &nbsp; &nbsp; &nbsp; &nbsp; &nbsp; &nbsp; &nbsp; &nbsp; &nbsp; &nbsp; &nbsp; &nbsp; &nbsp; &nbsp; &nbsp; &nbsp; &nbsp; &nbsp; &nbsp; &nbsp; &nbsp; &nbsp; &nbsp; &nbsp; &nbsp; &nbsp; &nbsp; &nbsp; &nbsp; &nbsp; &nbsp; &nbsp; &nbsp;Dr. Candan Y\u00fcceer<\/p>\n\n\n\n<p class=\"wp-block-paragraph\">&nbsp; &nbsp; &nbsp; &nbsp; &nbsp; &nbsp; &nbsp; &nbsp; &nbsp; &nbsp; &nbsp; &nbsp; &nbsp; &nbsp; &nbsp; &nbsp; &nbsp; &nbsp; &nbsp; &nbsp; &nbsp; &nbsp; &nbsp; &nbsp; &nbsp; &nbsp; &nbsp; &nbsp; &nbsp; &nbsp; &nbsp; &nbsp; &nbsp; &nbsp; &nbsp; &nbsp; &nbsp; &nbsp; &nbsp; &nbsp; &nbsp; &nbsp; &nbsp; &nbsp; &nbsp; &nbsp; &nbsp; &nbsp; &nbsp; &nbsp; &nbsp; &nbsp; Tekirda\u011f B\u00fcy\u00fck\u015fehir Belediye Ba\u015fkan\u0131<\/p>\n","protected":false},"excerpt":{"rendered":"<p>Tekirda\u011f B\u00fcy\u00fck\u015fehir Belediye Ba\u015fkan\u0131 Dr. Candan Y\u00fcceer, 1 May\u0131s Emek ve Dayan\u0131\u015fma G\u00fcn\u00fc dolay\u0131s\u0131yla yay\u0131mlad\u0131\u011f\u0131&#8230;<\/p>\n","protected":false},"author":1,"featured_media":546,"comment_status":"closed","ping_status":"closed","sticky":false,"template":"","format":"standard","meta":{"footnotes":""},"categories":[29,1],"tags":[],"ppma_author":[57],"class_list":["post-545","post","type-post","status-publish","format-standard","has-post-thumbnail","hentry","category-gundem","category-tekirdag-gundemi"],"authors":[{"term_id":57,"user_id":1,"is_guest":0,"slug":"admin","display_name":"Alp Aslan","avatar_url":"https:\/\/secure.gravatar.com\/avatar\/07c18c5ad3350b025db8f3328450e071acb435c703e565899c880c63362f137a?s=96&d=mm&r=g","author_category":"1","first_name":"Alp Aslan","last_name":"ER\u0130N","user_url":"http:\/\/www.gundem59.com.tr","job_title":"","description":""}],"_links":{"self":[{"href":"https:\/\/gundem59.com.tr\/index.php?rest_route=\/wp\/v2\/posts\/545","targetHints":{"allow":["GET"]}}],"collection":[{"href":"https:\/\/gundem59.com.tr\/index.php?rest_route=\/wp\/v2\/posts"}],"about":[{"href":"https:\/\/gundem59.com.tr\/index.php?rest_route=\/wp\/v2\/types\/post"}],"author":[{"embeddable":true,"href":"https:\/\/gundem59.com.tr\/index.php?rest_route=\/wp\/v2\/users\/1"}],"replies":[{"embeddable":true,"href":"https:\/\/gundem59.com.tr\/index.php?rest_route=%2Fwp%2Fv2%2Fcomments&post=545"}],"version-history":[{"count":1,"href":"https:\/\/gundem59.com.tr\/index.php?rest_route=\/wp\/v2\/posts\/545\/revisions"}],"predecessor-version":[{"id":547,"href":"https:\/\/gundem59.com.tr\/index.php?rest_route=\/wp\/v2\/posts\/545\/revisions\/547"}],"wp:featuredmedia":[{"embeddable":true,"href":"https:\/\/gundem59.com.tr\/index.php?rest_route=\/wp\/v2\/media\/546"}],"wp:attachment":[{"href":"https:\/\/gundem59.com.tr\/index.php?rest_route=%2Fwp%2Fv2%2Fmedia&parent=545"}],"wp:term":[{"taxonomy":"category","embeddable":true,"href":"https:\/\/gundem59.com.tr\/index.php?rest_route=%2Fwp%2Fv2%2Fcategories&post=545"},{"taxonomy":"post_tag","embeddable":true,"href":"https:\/\/gundem59.com.tr\/index.php?rest_route=%2Fwp%2Fv2%2Ftags&post=545"},{"taxonomy":"author","embeddable":true,"href":"https:\/\/gundem59.com.tr\/index.php?rest_route=%2Fwp%2Fv2%2Fppma_author&post=545"}],"curies":[{"name":"wp","href":"https:\/\/api.w.org\/{rel}","templated":true}]}}