{"id":541,"date":"2026-05-01T11:41:23","date_gmt":"2026-05-01T11:41:23","guid":{"rendered":"https:\/\/gundem59.com.tr\/?p=541"},"modified":"2026-05-01T11:41:24","modified_gmt":"2026-05-01T11:41:24","slug":"candan-baskan-yeniden-trakyanin-baskani-olarak-secildi-birlikte-gucluyuz-birlikte-trakyayiz","status":"publish","type":"post","link":"https:\/\/gundem59.com.tr\/?p=541","title":{"rendered":"CANDAN BA\u015eKAN YEN\u0130DEN TRAKYA&#8217;NIN BA\u015eKANI OLARAK SE\u00c7\u0130LD\u0130: &#8220;B\u0130RL\u0130KTE G\u00dc\u00c7L\u00dcY\u00dcZ, B\u0130RL\u0130KTE TRAKYA&#8217;YIZ&#8221;"},"content":{"rendered":"\n<p class=\"wp-block-paragraph\">Trakya Belediyeler Birli\u011fi\u2019nin Nisan Ay\u0131 Meclis Toplant\u0131s\u0131\u2019nda yeniden ba\u015fkanl\u0131\u011fa se\u00e7ilen Ba\u015fkan Dr. Candan Y\u00fcceer, \u201cTrakya bir b\u00fct\u00fcnd\u00fcr ve sorunlar\u0131m\u0131z ortak, \u00e7\u00f6z\u00fcm\u00fcm\u00fcz de ortak olmak zorunda&#8230; Birlikte g\u00fc\u00e7l\u00fcy\u00fcz, birlikte Trakya\u2019y\u0131z\u201d mesaj\u0131yla b\u00f6lgeyi tehdit eden n\u00fckleer santral ve su krizi gibi kritik konularda dayan\u0131\u015fma vurgusu yapt\u0131.<\/p>\n\n\n\n<p class=\"wp-block-paragraph\"><br>Trakya Belediyeler Birli\u011fi\u2019nin 2026 Y\u0131l\u0131 Nisan D\u00f6nemi Ola\u011fan Meclis Toplant\u0131s\u0131 Tekirda\u011f\u2019da yo\u011fun kat\u0131l\u0131mla ger\u00e7ekle\u015ftirildi. Toplant\u0131da yap\u0131lan se\u00e7imler sonucunda Tekirda\u011f B\u00fcy\u00fck\u015fehir Belediye Ba\u015fkan\u0131 Dr. Candan Y\u00fcceer, ikinci kez Trakya Belediyeler Birli\u011fi Ba\u015fkanl\u0131\u011f\u0131\u2019na se\u00e7ilerek g\u00fcven tazeledi.<\/p>\n\n\n\n<p class=\"wp-block-paragraph\"><br>Nisan D\u00f6nemi Meclis Toplant\u0131s\u0131 \u00f6ncesinde \u00f6nceki d\u00f6nemin son enc\u00fcmen toplant\u0131s\u0131 yap\u0131l\u0131rken, ard\u0131ndan ger\u00e7ekle\u015ftirilen meclis toplant\u0131s\u0131nda birlik y\u00f6netim organlar\u0131 yeniden belirlendi. Gizli oylama ile yap\u0131lan se\u00e7imlerde birlik ba\u015fkanl\u0131\u011f\u0131n\u0131n yan\u0131 s\u0131ra meclis birinci ve ikinci ba\u015fkan vekillikleri, k\u00e2tip \u00fcyelikleri, enc\u00fcmen \u00fcyeleri ile plan ve b\u00fct\u00e7e komisyonu \u00fcyeleri se\u00e7ildi. Yeni d\u00f6nemde birlik y\u00f6netim yap\u0131s\u0131 \u015fekillenirken, g\u00fcndemde yer alan maddeler de g\u00f6r\u00fc\u015f\u00fclerek karara ba\u011fland\u0131.<\/p>\n\n\n\n<p class=\"wp-block-paragraph\"><br><strong>G\u00dcNDEM MADDELER\u0130 VE \u0130\u015eB\u0130RL\u0130KLER\u0130<\/strong><\/p>\n\n\n\n<p class=\"wp-block-paragraph\"><br>Toplant\u0131da ayr\u0131ca Trakya Belediyeler Birli\u011fi\u2019nin 2025 y\u0131l\u0131 faaliyet raporu ve kesin hesaplar\u0131 meclisin onay\u0131na sunulurken, Trakya Kalk\u0131nma Ajans\u0131 ile i\u015fbirli\u011fi yap\u0131lmas\u0131na y\u00f6nelik protokol i\u00e7in birlik ba\u015fkan\u0131na yetki verilmesi ve uluslararas\u0131 i\u015fbirliklerine ili\u015fkin ad\u0131mlar da ele al\u0131nd\u0131. T\u00fcrkiye\u2019den Trakya Belediyeler Birli\u011fi ile Bulgaristan, Romanya ve Kuzey Makedonya\u2019daki yerel y\u00f6netim birlikleri aras\u0131nda planlanan d\u00f6rt tarafl\u0131 i\u015fbirli\u011fi protokol\u00fc de g\u00fcndemde yer ald\u0131.<\/p>\n\n\n\n<p class=\"wp-block-paragraph\"><br><strong>\u00dcYE SAYISI 43\u2019E Y\u00dcKSELD\u0130<\/strong><\/p>\n\n\n\n<p class=\"wp-block-paragraph\"><br>Birli\u011fin b\u00fcy\u00fcmesini s\u00fcrd\u00fcrd\u00fc\u011f\u00fc toplant\u0131da yeni \u00fcyelikler de dikkat \u00e7ekti. Daha \u00f6nce birlikten ayr\u0131lan Bal\u0131kesir Marmara Adalar Belediyesi yeniden \u00fcye olurken, \u00c7anakkale Kepez Belediyesi\u2019nin de kat\u0131l\u0131m\u0131yla \u00fcye say\u0131s\u0131 43\u2019e y\u00fckseldi.<\/p>\n\n\n\n<p class=\"wp-block-paragraph\"><br><strong>SUNUMLAR GER\u00c7EKLE\u015eT\u0130R\u0130LD\u0130<\/strong><\/p>\n\n\n\n<p class=\"wp-block-paragraph\"><br>Toplant\u0131 kapsam\u0131nda \u00e7e\u015fitli sunumlar da ger\u00e7ekle\u015ftirildi. Tekirda\u011f B\u00fcy\u00fck\u015fehir Belediyesi E\u011fitim \u015eube M\u00fcd\u00fcr\u00fc Erkan Ilgaz, birlik b\u00fcnyesinde y\u00fcr\u00fct\u00fclen e\u011fitim faaliyetlerine ili\u015fkin bilgi payla\u015f\u0131m\u0131nda bulundu. Afet \u0130\u015fleri ve Risk Y\u00f6netimi Daire Ba\u015fkan\u0131 Sevim Avc\u0131 Yener, \u0130klim ve Afet Platformu \u00e7al\u0131\u015fmalar\u0131 kapsam\u0131nda afet y\u00f6netimine ili\u015fkin mevcut durum ve yap\u0131lmas\u0131 gerekenler hakk\u0131nda de\u011ferlendirmeler yaparken, \u0130klim Platformu Ba\u015fkan\u0131 Nilg\u00fcn Erkmen G\u00f6kta\u015f da iklim konusu hakk\u0131nda kapsaml\u0131 bir sunum ger\u00e7ekle\u015ftirdi. Trakya Kalk\u0131nma Ajans\u0131 uzman\u0131 Berkay Habibo\u011flu ise Avrupa Birli\u011fi fonlar\u0131 ve di\u011fer finansman kaynaklar\u0131na ili\u015fkin bilgiler vererek, belediyelerin bu fonlardan yararlanabilmesi i\u00e7in g\u00fc\u00e7l\u00fc proje ekiplerinin \u00f6nemine dikkat \u00e7ekti. \u00c7orlu Belediye Ba\u015fkan Yard\u0131mc\u0131s\u0131 G\u00fcner \u00c7etin de uluslararas\u0131 i\u015fbirli\u011fi perspektifinde d\u00f6rt \u00fclkeyi kapsayan protokol s\u00fcrecine ili\u015fkin sunum yapt\u0131.<\/p>\n\n\n\n<p class=\"wp-block-paragraph\"><br><strong>CANDAN BA\u015eKAN: \u201cTRAKYA\u2019NIN MESELES\u0130 SADECE TRAKYA\u2019NIN DE\u011e\u0130L, T\u00dcRK\u0130YE\u2019N\u0130N MESELES\u0130D\u0130R\u201d<\/strong><\/p>\n\n\n\n<p class=\"wp-block-paragraph\"><br>Toplant\u0131da konu\u015fan B\u00fcy\u00fck\u015fehir Belediye Ba\u015fkan\u0131 ve Trakya Belediyeler Birli\u011fi Ba\u015fkan\u0131 Dr. Candan Y\u00fcceer, Trakya B\u00f6lgesi\u2019nin T\u00fcrkiye a\u00e7\u0131s\u0131ndan \u00f6nemine de\u011finerek, \u201cTrakya, k\u00f6kl\u00fc tarihi, g\u00fc\u00e7l\u00fc \u00fcretim k\u00fclt\u00fcr\u00fc ve stratejik konumuyla \u00fclkemizin en k\u0131ymetli b\u00f6lgelerinden biridir. Ayn\u0131 anda hem sanayiyi hem tar\u0131m\u0131 hem ticareti ta\u015f\u0131yan, \u00fcretimiyle, ihracat\u0131yla, \u00f6dedi\u011fi vergilerle T\u00fcrkiye\u2019ye b\u00fcy\u00fck katma de\u011fer sa\u011flayan bir b\u00f6lgedir. Bu nedenle Trakya\u2019n\u0131n meselesi sadece Trakya\u2019n\u0131n de\u011fil, T\u00fcrkiye\u2019nin meselesidir\u201d \u015feklinde konu\u015ftu.<\/p>\n\n\n\n<p class=\"wp-block-paragraph\"><br><strong>\u201cTRAKYA B\u0130R B\u00dcT\u00dcND\u00dcR\u201d<\/strong><\/p>\n\n\n\n<p class=\"wp-block-paragraph\"><br>B\u00f6lgenin b\u00fct\u00fcnc\u00fcl bir yakla\u015f\u0131mla ele al\u0131nmas\u0131 gerekti\u011fini vurgulayan Ba\u015fkan Y\u00fcceer, \u201cBiz Trakya\u2019ya bir b\u00fct\u00fcn olarak bak\u0131yoruz. Sanayisiyle, tar\u0131m\u0131yla, limanlar\u0131yla, \u00fcniversiteleriyle Trakya bir b\u00fct\u00fcnd\u00fcr. Ve bu b\u00fct\u00fcnl\u00fc\u011f\u00fc koruyarak, hi\u00e7bir alan\u0131 ihmal etmeden yol y\u00fcr\u00fcmek zorunday\u0131z\u201d dedi.<\/p>\n\n\n\n<p class=\"wp-block-paragraph\"><br><strong>\u201cN\u00dcFUS VE \u0130HT\u0130YA\u00c7LAR \u00c7OK HIZLI B\u00dcY\u00dcYOR ANCAK KAYNAKLARIMIZ AYNI HIZDA B\u00dcY\u00dcM\u00dcYOR\u201d<\/strong><\/p>\n\n\n\n<p class=\"wp-block-paragraph\"><br>Trakya\u2019n\u0131n kar\u015f\u0131 kar\u015f\u0131ya oldu\u011fu sorunlara dikkat \u00e7eken Candan Ba\u015fkan, \u201cBug\u00fcn b\u00f6lgemiz \u00e7ok ciddi bir bask\u0131 alt\u0131nda. Trakya, \u00f6zellikle Tekirda\u011f\u2019\u0131m\u0131z yo\u011fun bir g\u00f6\u00e7 al\u0131yor. N\u00fcfus h\u0131zla art\u0131yor, sanayi b\u00fcy\u00fcyor, t\u00fcketim art\u0131yor ama kaynaklar\u0131m\u0131z ayn\u0131 h\u0131zda b\u00fcy\u00fcm\u00fcyor. En ba\u015fta da su\u2026 Yer alt\u0131 sular\u0131na ba\u011f\u0131ml\u0131l\u0131\u011f\u0131m\u0131z her ge\u00e7en g\u00fcn art\u0131yor ve bu durum s\u00fcrd\u00fcr\u00fclebilir de\u011fil\u201d ifadelerini kulland\u0131.<\/p>\n\n\n\n<p class=\"wp-block-paragraph\"><br><strong>N\u00dcKLEER SANTRAL VURGUSU<\/strong><\/p>\n\n\n\n<p class=\"wp-block-paragraph\"><br>Trakya B\u00f6lgesi\u2019nde in\u015fa edilmesi planlanan n\u00fckleer santral konusuna da de\u011finen Ba\u015fkan Y\u00fcceer, n\u00fckleer santralin b\u00f6lgeyi felakete s\u00fcr\u00fckleyece\u011fini ifade ederek, \u201c\u0130\u015fte tam da bu noktada, b\u00f6lgemizin ta\u015f\u0131ma kapasitesini zorlayacak ad\u0131mlara \u00e7ok dikkat etmek zorunday\u0131z. \u00d6zellikle n\u00fckleer santral gibi su t\u00fcketimi, \u00e7evresel etkileri ve uzun vadeli riskleri son derece y\u00fcksek olan projelerin Trakya\u2019n\u0131n ger\u00e7ekleriyle uyumlu olmad\u0131\u011f\u0131n\u0131 a\u00e7\u0131k\u00e7a ifade etmek durumunday\u0131z. Bu mesele sadece bir enerji meselesi de\u011fil; suyun, tar\u0131m\u0131n, do\u011fan\u0131n ve gelecek nesillerimizin meselesidir\u201d dedi.<\/p>\n\n\n\n<p class=\"wp-block-paragraph\"><br><strong>\u201cSORUNLARIN&nbsp;<\/strong><strong>H\u0130\u00c7B\u0130R\u0130 \u0130L YA DA \u0130L\u00c7E SINIRI TANIMIYOR\u201d<\/strong><\/p>\n\n\n\n<p class=\"wp-block-paragraph\"><br>Ba\u015fkan Y\u00fcceer, b\u00f6lgenin ortak sorunlar\u0131na da de\u011finerek, \u201cBug\u00fcn kar\u015f\u0131 kar\u015f\u0131ya oldu\u011fumuz sorunlar da ortak. \u0130klim krizi, kurakl\u0131k, \u00e7evre sorunlar\u0131, ekonomik zorluklar\u2026 Bunlar\u0131n hi\u00e7biri il ya da il\u00e7e s\u0131n\u0131r\u0131 tan\u0131m\u0131yor. O y\u00fczden bu sorunlara verilecek cevap da ortak olmak zorunda\u201d diye konu\u015ftu.<\/p>\n\n\n\n<p class=\"wp-block-paragraph\"><br><strong>\u201cB\u0130RL\u0130KTE G\u00dc\u00c7L\u00dcY\u00dcZ, B\u0130RL\u0130KTE TRAKYA\u2019YIZ\u201d<\/strong><\/p>\n\n\n\n<p class=\"wp-block-paragraph\"><br>Trakya Belediyeler Birli\u011fi\u2019nin \u00f6nemine vurgu yapan Candan Ba\u015fkan, \u201c\u0130\u015fte tam da bu noktada Trakya Belediyeler Birli\u011fi\u2019nin varl\u0131\u011f\u0131 \u00e7ok k\u0131ymetli. Bu birli\u011fin en temel amac\u0131; dayan\u0131\u015fmay\u0131 kurumsalla\u015ft\u0131rmak, bilgi ve deneyimi payla\u015fmak, ortak akl\u0131 b\u00fcy\u00fctmektir. \u00c7\u00fcnk\u00fc biz biliyoruz ki; birlikte g\u00fc\u00e7l\u00fcy\u00fcz, birlikte Trakya\u2019y\u0131z\u201d ifadelerini kulland\u0131.<\/p>\n\n\n\n<p class=\"wp-block-paragraph\"><br><strong>\u201cORTAK SORUMLULUKLA HAREKET ETMEL\u0130Y\u0130Z\u201d<\/strong><\/p>\n\n\n\n<p class=\"wp-block-paragraph\"><br>Konu\u015fmas\u0131n\u0131n devam\u0131nda birlik ruhuna dikkat \u00e7eken Y\u00fcceer, \u201cHi\u00e7bir belediyemizin kendini yaln\u0131z hissetmedi\u011fi, her birimizin birbirine omuz verdi\u011fi bir anlay\u0131\u015f\u0131 b\u00fcy\u00fctmek zorunday\u0131z. Farkl\u0131l\u0131klar\u0131m\u0131z olabilir ama bizi bir araya getiren ortak sorumlulu\u011fumuzdur, ortak sevdam\u0131zd\u0131r\u201d dedi.<\/p>\n\n\n\n<p class=\"wp-block-paragraph\"><strong>\u201cTRAKYA\u2019NIN YARINI AYDINLIK OLSUN\u201c<\/strong><\/p>\n\n\n\n<p class=\"wp-block-paragraph\"><br>Ba\u015fkan Y\u00fcceer, s\u00f6zlerini \u015fu ifadelerle tamamlad\u0131:<\/p>\n\n\n\n<p class=\"wp-block-paragraph\"><br>\u201cBizim meselemiz; Trakya\u2019n\u0131n sesini daha g\u00fc\u00e7l\u00fc duyurmak, potansiyelini ortaya \u00e7\u0131karmak ve bunu s\u00fcrd\u00fcr\u00fclebilir k\u0131lmakt\u0131r. \u0130nan\u0131yorum ki, bu birlik \u00e7at\u0131s\u0131 alt\u0131nda dayan\u0131\u015fmam\u0131z\u0131 b\u00fcy\u00fcterek, ortak akl\u0131 g\u00fc\u00e7lendirerek ve birlikte hareket ederek Trakya\u2019n\u0131n gelece\u011fini \u00e7ok daha g\u00fc\u00e7l\u00fc \u015fekilde in\u015fa edece\u011fiz. Bu duygularla bug\u00fcne kadar emek veren herkese te\u015fekk\u00fcr ediyor, bundan sonra g\u00f6rev alacak arkada\u015flar\u0131m\u0131za ba\u015far\u0131lar diliyorum. Birli\u011fimiz daim olsun, Trakya\u2019n\u0131n yar\u0131n\u0131 ayd\u0131nl\u0131k olsun. Hepinize sayg\u0131lar sunuyorum.\u201d<\/p>\n\n\n\n<p class=\"wp-block-paragraph\">Se\u00e7im sonu\u00e7lar\u0131na g\u00f6re birlik y\u00f6netiminde de g\u00fc\u00e7l\u00fc bir yap\u0131 olu\u015fturuldu; Meclis Birinci Ba\u015fkan Vekilli\u011fi\u2019ne Edirne Belediye Ba\u015fkan\u0131 Av. Filiz Gencan, \u0130kinci Ba\u015fkan Vekilli\u011fi\u2019ne ise Ahmetbey Belediye Ba\u015fkan\u0131 Mustafa Alt\u0131nta\u015f getirildi. Birli\u011fin yeni Enc\u00fcmen \u00fcyeleri; Edirne Belediye Ba\u015fkan\u0131 Av. Filiz Gencan, Malkara Belediye Ba\u015fkan\u0131 Nergiz Karaa\u011fa\u00e7l\u0131 \u00d6zt\u00fcrk, Alpullu Belediye Ba\u015fkan\u0131 Orhan Salt\u0131k, Silivri Belediye Ba\u015fkan\u0131 Bora Balc\u0131o\u011flu, \u00c7orlu Belediye Ba\u015fkan\u0131 Ahmet Sar\u0131kurt ve Pehlivank\u00f6y Belediye Ba\u015fkan\u0131 G\u00fcnd\u00fcz Ho\u015fg\u00f6r\u2019den olu\u015ftu. K\u00e2tip \u00fcyelik se\u00e7imlerinde asil \u00fcyeliklere Silivri Belediyesi Meclis \u00dcyesi Ebru Onur ve Babaeski Belediyesi Meclis \u00dcyesi Aykut Tapar se\u00e7ilirken; B\u00fcy\u00fck\u00e7ekmece Belediyesi Meclis \u00dcyesi Kerem Ereke ve Ergene Belediyesi Meclis \u00dcyesi Ersin \u00c7abuker yedek k\u00e2tip \u00fcyeler olarak belirlendi. Ayr\u0131ca Kaynarca Belediye Ba\u015fkan\u0131 Ne\u015fe \u00c7evikba\u015f, Edirne Belediyesi Meclis \u00dcyesi Duygu \u015eener, Sar\u0131yer Belediyesi Meclis \u00dcyesi Ayhan Gedik, Demirk\u00f6y Belediyesi Meclis \u00dcyesi Hamdi G\u00fclsoy ve Saray Belediyesi Meclis \u00dcyesi Av. Erkan Koru Plan ve B\u00fct\u00e7e Komisyonu \u00fcyeliklerine se\u00e7ildi.<\/p>\n\n\n\n<p class=\"wp-block-paragraph\"><br>Toplant\u0131, yeni d\u00f6nemde g\u00f6rev alacak \u00fcyelere ba\u015far\u0131 dilekleri ve Trakya\u2019n\u0131n ortak gelece\u011fine vurgu yap\u0131lan mesajlarla sona erdi.<\/p>\n","protected":false},"excerpt":{"rendered":"<p>Trakya Belediyeler Birli\u011fi\u2019nin Nisan Ay\u0131 Meclis Toplant\u0131s\u0131\u2019nda yeniden ba\u015fkanl\u0131\u011fa se\u00e7ilen Ba\u015fkan Dr. Candan Y\u00fcceer, \u201cTrakya&#8230;<\/p>\n","protected":false},"author":1,"featured_media":542,"comment_status":"closed","ping_status":"closed","sticky":false,"template":"","format":"standard","meta":{"footnotes":""},"categories":[29,1],"tags":[],"ppma_author":[57],"class_list":["post-541","post","type-post","status-publish","format-standard","has-post-thumbnail","hentry","category-gundem","category-tekirdag-gundemi"],"authors":[{"term_id":57,"user_id":1,"is_guest":0,"slug":"admin","display_name":"Alp Aslan","avatar_url":"https:\/\/secure.gravatar.com\/avatar\/07c18c5ad3350b025db8f3328450e071acb435c703e565899c880c63362f137a?s=96&d=mm&r=g","author_category":"1","first_name":"Alp Aslan","last_name":"ER\u0130N","user_url":"http:\/\/www.gundem59.com.tr","job_title":"","description":""}],"_links":{"self":[{"href":"https:\/\/gundem59.com.tr\/index.php?rest_route=\/wp\/v2\/posts\/541","targetHints":{"allow":["GET"]}}],"collection":[{"href":"https:\/\/gundem59.com.tr\/index.php?rest_route=\/wp\/v2\/posts"}],"about":[{"href":"https:\/\/gundem59.com.tr\/index.php?rest_route=\/wp\/v2\/types\/post"}],"author":[{"embeddable":true,"href":"https:\/\/gundem59.com.tr\/index.php?rest_route=\/wp\/v2\/users\/1"}],"replies":[{"embeddable":true,"href":"https:\/\/gundem59.com.tr\/index.php?rest_route=%2Fwp%2Fv2%2Fcomments&post=541"}],"version-history":[{"count":1,"href":"https:\/\/gundem59.com.tr\/index.php?rest_route=\/wp\/v2\/posts\/541\/revisions"}],"predecessor-version":[{"id":543,"href":"https:\/\/gundem59.com.tr\/index.php?rest_route=\/wp\/v2\/posts\/541\/revisions\/543"}],"wp:featuredmedia":[{"embeddable":true,"href":"https:\/\/gundem59.com.tr\/index.php?rest_route=\/wp\/v2\/media\/542"}],"wp:attachment":[{"href":"https:\/\/gundem59.com.tr\/index.php?rest_route=%2Fwp%2Fv2%2Fmedia&parent=541"}],"wp:term":[{"taxonomy":"category","embeddable":true,"href":"https:\/\/gundem59.com.tr\/index.php?rest_route=%2Fwp%2Fv2%2Fcategories&post=541"},{"taxonomy":"post_tag","embeddable":true,"href":"https:\/\/gundem59.com.tr\/index.php?rest_route=%2Fwp%2Fv2%2Ftags&post=541"},{"taxonomy":"author","embeddable":true,"href":"https:\/\/gundem59.com.tr\/index.php?rest_route=%2Fwp%2Fv2%2Fppma_author&post=541"}],"curies":[{"name":"wp","href":"https:\/\/api.w.org\/{rel}","templated":true}]}}