{"id":512,"date":"2026-04-23T14:51:51","date_gmt":"2026-04-23T14:51:51","guid":{"rendered":"https:\/\/gundem59.com.tr\/?p=512"},"modified":"2026-04-23T14:51:51","modified_gmt":"2026-04-23T14:51:51","slug":"23-nisan-ulusal-egemenlik-ve-cocuk-bayraminda-defne-engin-temsili-kaymakam-oldu","status":"publish","type":"post","link":"https:\/\/gundem59.com.tr\/?p=512","title":{"rendered":"23 Nisan Ulusal Egemenlik ve \u00c7ocuk Bayram\u0131\u2019nda Defne ENG\u0130N Temsili Kaymakam Oldu"},"content":{"rendered":"\n<p class=\"wp-block-paragraph\">23 Nisan Ulusal Egemenlik ve \u00c7ocuk Bayram\u0131 m\u00fcnasebetiyle her y\u0131l d\u00fczenlenen temsili makam devri kapsam\u0131nda, bu y\u0131l il\u00e7emiz Kaymakaml\u0131\u011f\u0131n\u0131 H\u00fcseyin Pehlivan \u0130lkokulu \u00f6\u011frencisi Defne ENG\u0130N temsil etti.<\/p>\n\n\n\n<p class=\"wp-block-paragraph\">Kaymakam\u0131m\u0131z Say\u0131n Mahmut Nedim TUN\u00c7ER, 23 Nisan Ulusal Egemenlik ve \u00c7ocuk Bayram\u0131\u2019n\u0131n 106. y\u0131l d\u00f6n\u00fcm\u00fc m\u00fcnasebetiyle d\u00fczenlenen etkinlikler \u00e7er\u00e7evesinde; H\u00fcseyin Pehlivan \u0130lkokulu \u00f6\u011frencisi Defne ENG\u0130N, ailesi, S\u00fcleymanpa\u015fa \u0130l\u00e7e Mill\u00ee E\u011fitim M\u00fcd\u00fcr\u00fc Fahri KIRMIZI, Okul M\u00fcd\u00fcr\u00fc Serkan KOM\u0130T ve S\u0131n\u0131f \u00d6\u011fretmeni Mehmet B\u00d6L\u00dcKBA\u015eI\u2019n\u0131n ziyaretini makam\u0131nda kabul etti.<\/p>\n\n\n\n<p class=\"wp-block-paragraph\">Kaymakam\u0131m\u0131z Say\u0131n Mahmut Nedim TUN\u00c7ER, temsili Kaymakam Defne ENG\u0130N\u2019in \u015fahs\u0131nda, t\u00fcm d\u00fcnya \u00e7ocuklar\u0131na arma\u011fan edilen tek bayram olan 23 Nisan Ulusal Egemenlik ve \u00c7ocuk Bayram\u0131\u2019n\u0131 kutlad\u0131.<\/p>\n\n\n\n<figure class=\"wp-block-image size-full\"><img  title=\"\" loading=\"lazy\" decoding=\"async\" width=\"800\" height=\"566\" src=\"https:\/\/gundem59.com.tr\/wp-content\/uploads\/2026\/04\/MAKAM6.jpg\"  alt=\"MAKAM6 23 Nisan Ulusal Egemenlik ve \u00c7ocuk Bayram\u0131\u2019nda Defne ENG\u0130N Temsili Kaymakam Oldu\"  class=\"wp-image-513\" srcset=\"https:\/\/gundem59.com.tr\/wp-content\/uploads\/2026\/04\/MAKAM6.jpg 800w, https:\/\/gundem59.com.tr\/wp-content\/uploads\/2026\/04\/MAKAM6-300x212.jpg 300w, https:\/\/gundem59.com.tr\/wp-content\/uploads\/2026\/04\/MAKAM6-768x543.jpg 768w\" sizes=\"auto, (max-width: 800px) 100vw, 800px\" \/><\/figure>\n\n\n\n<figure class=\"wp-block-image size-full\"><img  title=\"\" loading=\"lazy\" decoding=\"async\" width=\"800\" height=\"600\" src=\"https:\/\/gundem59.com.tr\/wp-content\/uploads\/2026\/04\/MAKAM3.jpg\"  alt=\"MAKAM3 23 Nisan Ulusal Egemenlik ve \u00c7ocuk Bayram\u0131\u2019nda Defne ENG\u0130N Temsili Kaymakam Oldu\"  class=\"wp-image-514\" srcset=\"https:\/\/gundem59.com.tr\/wp-content\/uploads\/2026\/04\/MAKAM3.jpg 800w, https:\/\/gundem59.com.tr\/wp-content\/uploads\/2026\/04\/MAKAM3-300x225.jpg 300w, https:\/\/gundem59.com.tr\/wp-content\/uploads\/2026\/04\/MAKAM3-768x576.jpg 768w\" sizes=\"auto, (max-width: 800px) 100vw, 800px\" \/><\/figure>\n\n\n\n<figure class=\"wp-block-image size-large\"><img  title=\"\" loading=\"lazy\" decoding=\"async\" width=\"1024\" height=\"768\" src=\"https:\/\/gundem59.com.tr\/wp-content\/uploads\/2026\/04\/MAKAM1-1024x768.jpg\"  alt=\"MAKAM1-1024x768 23 Nisan Ulusal Egemenlik ve \u00c7ocuk Bayram\u0131\u2019nda Defne ENG\u0130N Temsili Kaymakam Oldu\"  class=\"wp-image-515\" srcset=\"https:\/\/gundem59.com.tr\/wp-content\/uploads\/2026\/04\/MAKAM1-1024x768.jpg 1024w, https:\/\/gundem59.com.tr\/wp-content\/uploads\/2026\/04\/MAKAM1-300x225.jpg 300w, https:\/\/gundem59.com.tr\/wp-content\/uploads\/2026\/04\/MAKAM1-768x576.jpg 768w, https:\/\/gundem59.com.tr\/wp-content\/uploads\/2026\/04\/MAKAM1-1536x1152.jpg 1536w, https:\/\/gundem59.com.tr\/wp-content\/uploads\/2026\/04\/MAKAM1.jpg 2048w\" sizes=\"auto, (max-width: 1024px) 100vw, 1024px\" \/><\/figure>\n","protected":false},"excerpt":{"rendered":"<p>23 Nisan Ulusal Egemenlik ve \u00c7ocuk Bayram\u0131 m\u00fcnasebetiyle her y\u0131l d\u00fczenlenen temsili makam devri kapsam\u0131nda,&#8230;<\/p>\n","protected":false},"author":1,"featured_media":516,"comment_status":"closed","ping_status":"closed","sticky":false,"template":"","format":"standard","meta":{"footnotes":""},"categories":[14],"tags":[],"ppma_author":[57],"class_list":["post-512","post","type-post","status-publish","format-standard","has-post-thumbnail","hentry","category-suleymanpasa"],"authors":[{"term_id":57,"user_id":1,"is_guest":0,"slug":"admin","display_name":"Alp Aslan","avatar_url":"https:\/\/secure.gravatar.com\/avatar\/07c18c5ad3350b025db8f3328450e071acb435c703e565899c880c63362f137a?s=96&d=mm&r=g","author_category":"1","first_name":"Alp Aslan","last_name":"ER\u0130N","user_url":"http:\/\/www.gundem59.com.tr","job_title":"","description":""}],"_links":{"self":[{"href":"https:\/\/gundem59.com.tr\/index.php?rest_route=\/wp\/v2\/posts\/512","targetHints":{"allow":["GET"]}}],"collection":[{"href":"https:\/\/gundem59.com.tr\/index.php?rest_route=\/wp\/v2\/posts"}],"about":[{"href":"https:\/\/gundem59.com.tr\/index.php?rest_route=\/wp\/v2\/types\/post"}],"author":[{"embeddable":true,"href":"https:\/\/gundem59.com.tr\/index.php?rest_route=\/wp\/v2\/users\/1"}],"replies":[{"embeddable":true,"href":"https:\/\/gundem59.com.tr\/index.php?rest_route=%2Fwp%2Fv2%2Fcomments&post=512"}],"version-history":[{"count":1,"href":"https:\/\/gundem59.com.tr\/index.php?rest_route=\/wp\/v2\/posts\/512\/revisions"}],"predecessor-version":[{"id":517,"href":"https:\/\/gundem59.com.tr\/index.php?rest_route=\/wp\/v2\/posts\/512\/revisions\/517"}],"wp:featuredmedia":[{"embeddable":true,"href":"https:\/\/gundem59.com.tr\/index.php?rest_route=\/wp\/v2\/media\/516"}],"wp:attachment":[{"href":"https:\/\/gundem59.com.tr\/index.php?rest_route=%2Fwp%2Fv2%2Fmedia&parent=512"}],"wp:term":[{"taxonomy":"category","embeddable":true,"href":"https:\/\/gundem59.com.tr\/index.php?rest_route=%2Fwp%2Fv2%2Fcategories&post=512"},{"taxonomy":"post_tag","embeddable":true,"href":"https:\/\/gundem59.com.tr\/index.php?rest_route=%2Fwp%2Fv2%2Ftags&post=512"},{"taxonomy":"author","embeddable":true,"href":"https:\/\/gundem59.com.tr\/index.php?rest_route=%2Fwp%2Fv2%2Fppma_author&post=512"}],"curies":[{"name":"wp","href":"https:\/\/api.w.org\/{rel}","templated":true}]}}