{"id":508,"date":"2026-04-23T14:35:51","date_gmt":"2026-04-23T14:35:51","guid":{"rendered":"https:\/\/gundem59.com.tr\/?p=508"},"modified":"2026-04-23T14:35:51","modified_gmt":"2026-04-23T14:35:51","slug":"ilce-kaymakami-gokhan-gurbuzerolun-23-nisan-ulusal-egemenlik-ve-cocuk-bayrami-mesaji","status":"publish","type":"post","link":"https:\/\/gundem59.com.tr\/?p=508","title":{"rendered":"\u0130l\u00e7e Kaymakam\u0131 G\u00f6khan G\u00dcRB\u00dcZEROL\u2019un 23 Nisan Ulusal Egemenlik ve \u00c7ocuk Bayram\u0131 Mesaj\u0131"},"content":{"rendered":"\n<p class=\"wp-block-paragraph\">\u201cBug\u00fcn, millet iradesinin tecelli etti\u011fi, demokrasimizin \u00e7at\u0131s\u0131 olan T\u00fcrkiye B\u00fcy\u00fck Millet Meclisimizin kurulu\u015funun 106. y\u0131ld\u00f6n\u00fcm\u00fcn\u00fc kutluyoruz. Ayr\u0131ca, Gazi Mustafa Kemal ATAT\u00dcRK taraf\u0131ndan t\u00fcm d\u00fcnya \u00e7ocuklar\u0131na arma\u011fan edilen ilk ve tek \u00e7ocuk bayram\u0131 olan 23 Nisan Ulusal Egemenlik ve \u00c7ocuk Bayram\u0131\u2019n\u0131 kutlaman\u0131n, bu bayram\u0131n nesilden nesile aktar\u0131lmas\u0131n\u0131n teminat\u0131 olan \u00e7ocuklar\u0131m\u0131zla bir araya gelmenin mutlulu\u011funu ya\u015f\u0131yoruz.<\/p>\n\n\n\n<p class=\"wp-block-paragraph\">Gelece\u011fimizin teminat\u0131 olan en k\u0131ymetli hazinemiz \u00e7ocuklar\u0131m\u0131z\u0131; \u00fclkesini ve milletini seven, vatan\u0131 i\u00e7in \u00e7al\u0131\u015f\u0131p \u00fcreten insanlar olarak yeti\u015ftirmek; kendine g\u00fcvenen, hayat\u0131n g\u00fc\u00e7l\u00fckleri ile ba\u015f edebilecek \u00f6l\u00e7\u00fcde donan\u0131ml\u0131, giri\u015fimci, ufku geni\u015f, milli ve manevi de\u011ferlerine ba\u011fl\u0131 gen\u00e7ler olarak yeti\u015ftirilmelerini sa\u011flamak hepimizin ortak sorumlulu\u011fu ve en b\u00fcy\u00fck \u00fclk\u00fcs\u00fcd\u00fcr.<\/p>\n\n\n\n<p class=\"wp-block-paragraph\">Bu duygu ve d\u00fc\u015f\u00fcncelerle; ba\u015fta Cumhuriyetimizin ve T\u00fcrkiye B\u00fcy\u00fck Millet Meclisimizin Kurucusu Gazi Mustafa Kemal ATAT\u00dcRK&#8217;\u00fc, silah arkada\u015flar\u0131n\u0131, aziz \u015fehit ve gazilerimizi, minnet ve \u015f\u00fckranla an\u0131yor, t\u00fcm \u00e7ocuklar\u0131m\u0131z\u0131n 23 Nisan Ulusal Egemenlik ve \u00c7ocuk Bayram\u0131n\u0131 kutluyorum.\u201d<\/p>\n\n\n\n<p class=\"wp-block-paragraph\">&nbsp;&nbsp;&nbsp;&nbsp;&nbsp;&nbsp;&nbsp;&nbsp;&nbsp;&nbsp;&nbsp;&nbsp;&nbsp;&nbsp;&nbsp;&nbsp;&nbsp;&nbsp;&nbsp;&nbsp;&nbsp;&nbsp;&nbsp;&nbsp;&nbsp;&nbsp;&nbsp;&nbsp;&nbsp;&nbsp;&nbsp;&nbsp;&nbsp;&nbsp;&nbsp;&nbsp;&nbsp;&nbsp;&nbsp;&nbsp;&nbsp;&nbsp;&nbsp;&nbsp;&nbsp;&nbsp;&nbsp;&nbsp;&nbsp;&nbsp;&nbsp;&nbsp;&nbsp;&nbsp;&nbsp;&nbsp;&nbsp;&nbsp;&nbsp;&nbsp;&nbsp;&nbsp;&nbsp;&nbsp;&nbsp;&nbsp;&nbsp;&nbsp;&nbsp;&nbsp;&nbsp;&nbsp;&nbsp;&nbsp;&nbsp;&nbsp;&nbsp;&nbsp;&nbsp;&nbsp;&nbsp; &nbsp;&nbsp;&nbsp;&nbsp; &nbsp;&nbsp;&nbsp;&nbsp;&nbsp;G\u00f6khan G\u00dcRB\u00dcZEROL<\/p>\n\n\n\n<p class=\"wp-block-paragraph\">&nbsp; &nbsp; &nbsp; &nbsp; &nbsp; &nbsp; &nbsp; &nbsp; &nbsp; &nbsp; &nbsp; &nbsp; &nbsp; &nbsp; &nbsp; &nbsp; &nbsp; &nbsp; &nbsp; &nbsp; &nbsp; &nbsp; &nbsp; &nbsp; &nbsp; &nbsp; &nbsp; &nbsp; &nbsp; &nbsp; &nbsp; &nbsp; &nbsp; &nbsp; &nbsp; &nbsp; &nbsp; &nbsp; &nbsp; &nbsp; &nbsp; &nbsp; Marmaraere\u011flisi Kaymakam\u0131<\/p>\n","protected":false},"excerpt":{"rendered":"<p>\u201cBug\u00fcn, millet iradesinin tecelli etti\u011fi, demokrasimizin \u00e7at\u0131s\u0131 olan T\u00fcrkiye B\u00fcy\u00fck Millet Meclisimizin kurulu\u015funun 106. y\u0131ld\u00f6n\u00fcm\u00fcn\u00fc&#8230;<\/p>\n","protected":false},"author":1,"featured_media":509,"comment_status":"closed","ping_status":"closed","sticky":false,"template":"","format":"standard","meta":{"footnotes":""},"categories":[8],"tags":[],"ppma_author":[57],"class_list":["post-508","post","type-post","status-publish","format-standard","has-post-thumbnail","hentry","category-marmara-eregilisi"],"authors":[{"term_id":57,"user_id":1,"is_guest":0,"slug":"admin","display_name":"Alp Aslan","avatar_url":"https:\/\/secure.gravatar.com\/avatar\/07c18c5ad3350b025db8f3328450e071acb435c703e565899c880c63362f137a?s=96&d=mm&r=g","author_category":"1","first_name":"Alp Aslan","last_name":"ER\u0130N","user_url":"http:\/\/www.gundem59.com.tr","job_title":"","description":""}],"_links":{"self":[{"href":"https:\/\/gundem59.com.tr\/index.php?rest_route=\/wp\/v2\/posts\/508","targetHints":{"allow":["GET"]}}],"collection":[{"href":"https:\/\/gundem59.com.tr\/index.php?rest_route=\/wp\/v2\/posts"}],"about":[{"href":"https:\/\/gundem59.com.tr\/index.php?rest_route=\/wp\/v2\/types\/post"}],"author":[{"embeddable":true,"href":"https:\/\/gundem59.com.tr\/index.php?rest_route=\/wp\/v2\/users\/1"}],"replies":[{"embeddable":true,"href":"https:\/\/gundem59.com.tr\/index.php?rest_route=%2Fwp%2Fv2%2Fcomments&post=508"}],"version-history":[{"count":1,"href":"https:\/\/gundem59.com.tr\/index.php?rest_route=\/wp\/v2\/posts\/508\/revisions"}],"predecessor-version":[{"id":510,"href":"https:\/\/gundem59.com.tr\/index.php?rest_route=\/wp\/v2\/posts\/508\/revisions\/510"}],"wp:featuredmedia":[{"embeddable":true,"href":"https:\/\/gundem59.com.tr\/index.php?rest_route=\/wp\/v2\/media\/509"}],"wp:attachment":[{"href":"https:\/\/gundem59.com.tr\/index.php?rest_route=%2Fwp%2Fv2%2Fmedia&parent=508"}],"wp:term":[{"taxonomy":"category","embeddable":true,"href":"https:\/\/gundem59.com.tr\/index.php?rest_route=%2Fwp%2Fv2%2Fcategories&post=508"},{"taxonomy":"post_tag","embeddable":true,"href":"https:\/\/gundem59.com.tr\/index.php?rest_route=%2Fwp%2Fv2%2Ftags&post=508"},{"taxonomy":"author","embeddable":true,"href":"https:\/\/gundem59.com.tr\/index.php?rest_route=%2Fwp%2Fv2%2Fppma_author&post=508"}],"curies":[{"name":"wp","href":"https:\/\/api.w.org\/{rel}","templated":true}]}}