{"id":505,"date":"2026-04-23T14:32:31","date_gmt":"2026-04-23T14:32:31","guid":{"rendered":"https:\/\/gundem59.com.tr\/?p=505"},"modified":"2026-04-23T14:38:13","modified_gmt":"2026-04-23T14:38:13","slug":"hayrabolu-kaymakami-eyup-firat-koltugunu-cerkezmusellim-ilkokulu-ucuncu-sinif-ogrencisi-ela-tokata-devretti","status":"publish","type":"post","link":"https:\/\/gundem59.com.tr\/?p=505","title":{"rendered":"Hayrabolu Kaymakam\u0131 Ey\u00fcp F\u0131rat koltu\u011funu \u00c7erkezm\u00fcsellim ilkokulu \u00fc\u00e7\u00fcnc\u00fc s\u0131n\u0131f \u00f6\u011frencisi Ela Tokat\u2018a devretti"},"content":{"rendered":"\n<p class=\"wp-block-paragraph\">\u00c7erkezm\u00fcellim ilkokul okulu m\u00fcd\u00fcr\u00fc Y\u0131ld\u0131ray \u00c7\u0131nar ve s\u0131n\u0131f \u00f6\u011fretmeni Hilal Kaytaz ile birlikte Kaymakaml\u0131\u011f\u0131 ziyaret eden \u00fc\u00e7\u00fcnc\u00fc s\u0131n\u0131f \u00f6\u011frencisi Ela Tokat kaymakam koltu\u011funa oturdu. Ziyaretten duydu\u011fu memnuniyeti dile getiren Kaymakam F\u0131rat, \u00f6\u011frencimiz Ela Tokat&#8217;a ba\u015far\u0131lar diledi.<\/p>\n\n\n\n<figure class=\"wp-block-image\"><a href=\"https:\/\/www.hayrabolu.gov.tr\/kurumlar\/hayrabolu.gov.tr\/2026\/230401\/o1.jpg?mode=resize&amp;width=1200\"><img decoding=\"async\" src=\"https:\/\/www.hayrabolu.gov.tr\/kurumlar\/hayrabolu.gov.tr\/2026\/230401\/o1.jpg\"  alt=\"o1 Hayrabolu Kaymakam\u0131 Ey\u00fcp F\u0131rat koltu\u011funu \u00c7erkezm\u00fcsellim ilkokulu \u00fc\u00e7\u00fcnc\u00fc s\u0131n\u0131f \u00f6\u011frencisi Ela Tokat\u2018a devretti\"   title=\"\" \/><\/a><\/figure>\n\n\n\n<figure class=\"wp-block-image\"><a href=\"https:\/\/www.hayrabolu.gov.tr\/kurumlar\/hayrabolu.gov.tr\/2026\/230401\/o2.jpg?mode=resize&amp;width=1200\"><img decoding=\"async\" src=\"https:\/\/www.hayrabolu.gov.tr\/kurumlar\/hayrabolu.gov.tr\/2026\/230401\/o2.jpg\"  alt=\"o2 Hayrabolu Kaymakam\u0131 Ey\u00fcp F\u0131rat koltu\u011funu \u00c7erkezm\u00fcsellim ilkokulu \u00fc\u00e7\u00fcnc\u00fc s\u0131n\u0131f \u00f6\u011frencisi Ela Tokat\u2018a devretti\"   title=\"\" \/><\/a><\/figure>\n\n\n\n<figure class=\"wp-block-image\"><a href=\"https:\/\/www.hayrabolu.gov.tr\/kurumlar\/hayrabolu.gov.tr\/2026\/230401\/o3.jpg?mode=resize&amp;width=1200\"><img decoding=\"async\" src=\"https:\/\/www.hayrabolu.gov.tr\/kurumlar\/hayrabolu.gov.tr\/2026\/230401\/o3.jpg\"  alt=\"o3 Hayrabolu Kaymakam\u0131 Ey\u00fcp F\u0131rat koltu\u011funu \u00c7erkezm\u00fcsellim ilkokulu \u00fc\u00e7\u00fcnc\u00fc s\u0131n\u0131f \u00f6\u011frencisi Ela Tokat\u2018a devretti\"   title=\"\" \/><\/a><\/figure>\n\n\n\n<figure class=\"wp-block-image\"><a href=\"https:\/\/www.hayrabolu.gov.tr\/kurumlar\/hayrabolu.gov.tr\/2026\/230401\/o4.jpg?mode=resize&amp;width=1200\"><img decoding=\"async\" src=\"https:\/\/www.hayrabolu.gov.tr\/kurumlar\/hayrabolu.gov.tr\/2026\/230401\/o4.jpg\"  alt=\"o4 Hayrabolu Kaymakam\u0131 Ey\u00fcp F\u0131rat koltu\u011funu \u00c7erkezm\u00fcsellim ilkokulu \u00fc\u00e7\u00fcnc\u00fc s\u0131n\u0131f \u00f6\u011frencisi Ela Tokat\u2018a devretti\"   title=\"\" \/><\/a><\/figure>\n","protected":false},"excerpt":{"rendered":"<p>\u00c7erkezm\u00fcellim ilkokul okulu m\u00fcd\u00fcr\u00fc Y\u0131ld\u0131ray \u00c7\u0131nar ve s\u0131n\u0131f \u00f6\u011fretmeni Hilal Kaytaz ile birlikte Kaymakaml\u0131\u011f\u0131 ziyaret&#8230;<\/p>\n","protected":false},"author":1,"featured_media":506,"comment_status":"closed","ping_status":"closed","sticky":false,"template":"","format":"standard","meta":{"footnotes":""},"categories":[13],"tags":[],"ppma_author":[57],"class_list":["post-505","post","type-post","status-publish","format-standard","has-post-thumbnail","hentry","category-hayrabolu"],"authors":[{"term_id":57,"user_id":1,"is_guest":0,"slug":"admin","display_name":"Alp Aslan","avatar_url":"https:\/\/secure.gravatar.com\/avatar\/07c18c5ad3350b025db8f3328450e071acb435c703e565899c880c63362f137a?s=96&d=mm&r=g","author_category":"1","first_name":"Alp Aslan","last_name":"ER\u0130N","user_url":"http:\/\/www.gundem59.com.tr","job_title":"","description":""}],"_links":{"self":[{"href":"https:\/\/gundem59.com.tr\/index.php?rest_route=\/wp\/v2\/posts\/505","targetHints":{"allow":["GET"]}}],"collection":[{"href":"https:\/\/gundem59.com.tr\/index.php?rest_route=\/wp\/v2\/posts"}],"about":[{"href":"https:\/\/gundem59.com.tr\/index.php?rest_route=\/wp\/v2\/types\/post"}],"author":[{"embeddable":true,"href":"https:\/\/gundem59.com.tr\/index.php?rest_route=\/wp\/v2\/users\/1"}],"replies":[{"embeddable":true,"href":"https:\/\/gundem59.com.tr\/index.php?rest_route=%2Fwp%2Fv2%2Fcomments&post=505"}],"version-history":[{"count":1,"href":"https:\/\/gundem59.com.tr\/index.php?rest_route=\/wp\/v2\/posts\/505\/revisions"}],"predecessor-version":[{"id":507,"href":"https:\/\/gundem59.com.tr\/index.php?rest_route=\/wp\/v2\/posts\/505\/revisions\/507"}],"wp:featuredmedia":[{"embeddable":true,"href":"https:\/\/gundem59.com.tr\/index.php?rest_route=\/wp\/v2\/media\/506"}],"wp:attachment":[{"href":"https:\/\/gundem59.com.tr\/index.php?rest_route=%2Fwp%2Fv2%2Fmedia&parent=505"}],"wp:term":[{"taxonomy":"category","embeddable":true,"href":"https:\/\/gundem59.com.tr\/index.php?rest_route=%2Fwp%2Fv2%2Fcategories&post=505"},{"taxonomy":"post_tag","embeddable":true,"href":"https:\/\/gundem59.com.tr\/index.php?rest_route=%2Fwp%2Fv2%2Ftags&post=505"},{"taxonomy":"author","embeddable":true,"href":"https:\/\/gundem59.com.tr\/index.php?rest_route=%2Fwp%2Fv2%2Fppma_author&post=505"}],"curies":[{"name":"wp","href":"https:\/\/api.w.org\/{rel}","templated":true}]}}