{"id":491,"date":"2026-04-23T13:07:33","date_gmt":"2026-04-23T13:07:33","guid":{"rendered":"https:\/\/gundem59.com.tr\/?p=491"},"modified":"2026-04-23T14:39:22","modified_gmt":"2026-04-23T14:39:22","slug":"23-nisan-ulusal-egemenlik-ve-cocuk-bayraminin-106-yildonumu-ilcemizde-kutlandi","status":"publish","type":"post","link":"https:\/\/gundem59.com.tr\/?p=491","title":{"rendered":"23 N\u0130SAN ULUSAL EGEMENL\u0130K VE \u00c7OCUK BAYRAMININ 106. YILD\u00d6N\u00dcM\u00dc \u0130L\u00c7EM\u0130ZDE KUTLANDI"},"content":{"rendered":"\n<p class=\"wp-block-paragraph\">\u00a0\u00a0 \u00a023 Nisan Ulusal Egemenlik ve \u00c7ocuk Bayram\u0131 \u00a0il\u00e7emizde kutland\u0131.\u00a0<br>\u00a0<br>\u00a0 \u00a0 \u00a0 Kutlamalar saat 09:30`da Kapakl\u0131 Belediye Meydan\u0131nda bulunan Atat\u00fcrk An\u0131t\u0131 \u00f6n\u00fcnde \u00c7elenk Sunma T\u00f6reni, Sayg\u0131 duru\u015fu ve \u0130stiklal Mar\u015f\u0131m\u0131z\u0131n okunmas\u0131 ile ba\u015flad\u0131. \u00c7elenk koyma t\u00f6renine Kaymakam Mustafa G\u00dcRDAL&#8217;\u0131n yan\u0131 s\u0131ra Kaymakam Refiki Alper USLU, 3.Z\u0131rhl\u0131 Tugay Komutanl\u0131\u011f\u0131 Top\u00e7u Binba\u015f\u0131 Cem \u00c7\u0130\u011eDEM, Belediye Ba\u015fkan\u0131 Mustafa \u00c7ET\u0130N, \u0130l\u00e7e Milli E\u011fitim M\u00fcd\u00fcr\u00fc Halil VARDI, il\u00e7e protokol\u00fc ve vatanda\u015flar kat\u0131ld\u0131.\u00a0<br>\u00a0<br>\u00a0 \u00a0 \u00a0 \u00a0 \u00a0Kutlama etkinliklerine saat 10.00&#8217;da Kapakl\u0131 Stad\u0131nda devam edildi.<\/p>\n\n\n\n<figure class=\"wp-block-image size-large\"><img  title=\"\" loading=\"lazy\" decoding=\"async\" width=\"1024\" height=\"682\" src=\"https:\/\/gundem59.com.tr\/wp-content\/uploads\/2026\/04\/2-_1_-1024x682.jpeg\"  alt=\"2-_1_-1024x682 23 N\u0130SAN ULUSAL EGEMENL\u0130K VE \u00c7OCUK BAYRAMININ 106. YILD\u00d6N\u00dcM\u00dc \u0130L\u00c7EM\u0130ZDE KUTLANDI\"  class=\"wp-image-492\" srcset=\"https:\/\/gundem59.com.tr\/wp-content\/uploads\/2026\/04\/2-_1_-1024x682.jpeg 1024w, https:\/\/gundem59.com.tr\/wp-content\/uploads\/2026\/04\/2-_1_-300x200.jpeg 300w, https:\/\/gundem59.com.tr\/wp-content\/uploads\/2026\/04\/2-_1_-768x512.jpeg 768w, https:\/\/gundem59.com.tr\/wp-content\/uploads\/2026\/04\/2-_1_-1536x1023.jpeg 1536w, https:\/\/gundem59.com.tr\/wp-content\/uploads\/2026\/04\/2-_1_.jpeg 1600w\" sizes=\"auto, (max-width: 1024px) 100vw, 1024px\" \/><\/figure>\n\n\n\n<figure class=\"wp-block-image size-large\"><img  title=\"\" loading=\"lazy\" decoding=\"async\" width=\"1024\" height=\"682\" src=\"https:\/\/gundem59.com.tr\/wp-content\/uploads\/2026\/04\/2-_1_-1-1024x682.jpeg\"  alt=\"2-_1_-1-1024x682 23 N\u0130SAN ULUSAL EGEMENL\u0130K VE \u00c7OCUK BAYRAMININ 106. YILD\u00d6N\u00dcM\u00dc \u0130L\u00c7EM\u0130ZDE KUTLANDI\"  class=\"wp-image-493\" srcset=\"https:\/\/gundem59.com.tr\/wp-content\/uploads\/2026\/04\/2-_1_-1-1024x682.jpeg 1024w, https:\/\/gundem59.com.tr\/wp-content\/uploads\/2026\/04\/2-_1_-1-300x200.jpeg 300w, https:\/\/gundem59.com.tr\/wp-content\/uploads\/2026\/04\/2-_1_-1-768x512.jpeg 768w, https:\/\/gundem59.com.tr\/wp-content\/uploads\/2026\/04\/2-_1_-1-1536x1023.jpeg 1536w, https:\/\/gundem59.com.tr\/wp-content\/uploads\/2026\/04\/2-_1_-1.jpeg 1600w\" sizes=\"auto, (max-width: 1024px) 100vw, 1024px\" \/><\/figure>\n\n\n\n<figure class=\"wp-block-image size-full\"><img  title=\"\" loading=\"lazy\" decoding=\"async\" width=\"800\" height=\"533\" src=\"https:\/\/gundem59.com.tr\/wp-content\/uploads\/2026\/04\/3.jpeg\"  alt=\"3 23 N\u0130SAN ULUSAL EGEMENL\u0130K VE \u00c7OCUK BAYRAMININ 106. YILD\u00d6N\u00dcM\u00dc \u0130L\u00c7EM\u0130ZDE KUTLANDI\"  class=\"wp-image-494\" srcset=\"https:\/\/gundem59.com.tr\/wp-content\/uploads\/2026\/04\/3.jpeg 800w, https:\/\/gundem59.com.tr\/wp-content\/uploads\/2026\/04\/3-300x200.jpeg 300w, https:\/\/gundem59.com.tr\/wp-content\/uploads\/2026\/04\/3-768x512.jpeg 768w\" sizes=\"auto, (max-width: 800px) 100vw, 800px\" \/><\/figure>\n\n\n\n<figure class=\"wp-block-image size-full\"><img  title=\"\" loading=\"lazy\" decoding=\"async\" width=\"800\" height=\"533\" src=\"https:\/\/gundem59.com.tr\/wp-content\/uploads\/2026\/04\/4.jpeg\"  alt=\"4 23 N\u0130SAN ULUSAL EGEMENL\u0130K VE \u00c7OCUK BAYRAMININ 106. YILD\u00d6N\u00dcM\u00dc \u0130L\u00c7EM\u0130ZDE KUTLANDI\"  class=\"wp-image-495\" srcset=\"https:\/\/gundem59.com.tr\/wp-content\/uploads\/2026\/04\/4.jpeg 800w, https:\/\/gundem59.com.tr\/wp-content\/uploads\/2026\/04\/4-300x200.jpeg 300w, https:\/\/gundem59.com.tr\/wp-content\/uploads\/2026\/04\/4-768x512.jpeg 768w\" sizes=\"auto, (max-width: 800px) 100vw, 800px\" \/><\/figure>\n","protected":false},"excerpt":{"rendered":"<p>\u00a0\u00a0 \u00a023 Nisan Ulusal Egemenlik ve \u00c7ocuk Bayram\u0131 \u00a0il\u00e7emizde kutland\u0131.\u00a0\u00a0\u00a0 \u00a0 \u00a0 Kutlamalar saat 09:30`da&#8230;<\/p>\n","protected":false},"author":1,"featured_media":496,"comment_status":"closed","ping_status":"closed","sticky":false,"template":"","format":"standard","meta":{"footnotes":""},"categories":[7],"tags":[],"ppma_author":[57],"class_list":["post-491","post","type-post","status-publish","format-standard","has-post-thumbnail","hentry","category-kapakli"],"authors":[{"term_id":57,"user_id":1,"is_guest":0,"slug":"admin","display_name":"Alp Aslan","avatar_url":"https:\/\/secure.gravatar.com\/avatar\/07c18c5ad3350b025db8f3328450e071acb435c703e565899c880c63362f137a?s=96&d=mm&r=g","author_category":"1","first_name":"Alp Aslan","last_name":"ER\u0130N","user_url":"http:\/\/www.gundem59.com.tr","job_title":"","description":""}],"_links":{"self":[{"href":"https:\/\/gundem59.com.tr\/index.php?rest_route=\/wp\/v2\/posts\/491","targetHints":{"allow":["GET"]}}],"collection":[{"href":"https:\/\/gundem59.com.tr\/index.php?rest_route=\/wp\/v2\/posts"}],"about":[{"href":"https:\/\/gundem59.com.tr\/index.php?rest_route=\/wp\/v2\/types\/post"}],"author":[{"embeddable":true,"href":"https:\/\/gundem59.com.tr\/index.php?rest_route=\/wp\/v2\/users\/1"}],"replies":[{"embeddable":true,"href":"https:\/\/gundem59.com.tr\/index.php?rest_route=%2Fwp%2Fv2%2Fcomments&post=491"}],"version-history":[{"count":1,"href":"https:\/\/gundem59.com.tr\/index.php?rest_route=\/wp\/v2\/posts\/491\/revisions"}],"predecessor-version":[{"id":497,"href":"https:\/\/gundem59.com.tr\/index.php?rest_route=\/wp\/v2\/posts\/491\/revisions\/497"}],"wp:featuredmedia":[{"embeddable":true,"href":"https:\/\/gundem59.com.tr\/index.php?rest_route=\/wp\/v2\/media\/496"}],"wp:attachment":[{"href":"https:\/\/gundem59.com.tr\/index.php?rest_route=%2Fwp%2Fv2%2Fmedia&parent=491"}],"wp:term":[{"taxonomy":"category","embeddable":true,"href":"https:\/\/gundem59.com.tr\/index.php?rest_route=%2Fwp%2Fv2%2Fcategories&post=491"},{"taxonomy":"post_tag","embeddable":true,"href":"https:\/\/gundem59.com.tr\/index.php?rest_route=%2Fwp%2Fv2%2Ftags&post=491"},{"taxonomy":"author","embeddable":true,"href":"https:\/\/gundem59.com.tr\/index.php?rest_route=%2Fwp%2Fv2%2Fppma_author&post=491"}],"curies":[{"name":"wp","href":"https:\/\/api.w.org\/{rel}","templated":true}]}}