{"id":483,"date":"2026-04-23T13:02:21","date_gmt":"2026-04-23T13:02:21","guid":{"rendered":"https:\/\/gundem59.com.tr\/?p=483"},"modified":"2026-04-23T14:41:58","modified_gmt":"2026-04-23T14:41:58","slug":"23-nisan-ulusal-egemenlik-cocuk-bayraminda-kaymakamimiz-aysima-gelir-oldu","status":"publish","type":"post","link":"https:\/\/gundem59.com.tr\/?p=483","title":{"rendered":"23 Nisan Ulusal Egemenlik \u00c7ocuk Bayram\u0131nda Kaymakam\u0131m\u0131z Aysima GEL\u0130R Oldu"},"content":{"rendered":"\n<p class=\"wp-block-paragraph\">23 Nisan Ulusal Egemenlik \u00c7ocuk Bayram\u0131\u2019n\u0131n 106.&nbsp;y\u0131l d\u00f6n\u00fcm\u00fc kutlama program\u0131 kapsam\u0131nda;&nbsp; B\u00fcy\u00fck\u015fehir Belediyesi Atat\u00fcrk&nbsp; ilkokulu&nbsp;&nbsp;4.s\u0131n\u0131f \u00f6\u011frencilerinden&nbsp; Aysima GEL\u0130R,&nbsp;Kaymakam\u0131m\u0131z&nbsp;Say\u0131n Dr. Ahmet Naci HELVACI&#8217; y\u0131&nbsp;&nbsp;makam\u0131nda ziyaret ettiler.. 23&nbsp;Nisan 2026&nbsp;Per\u015fembe&nbsp; g\u00fcn\u00fc Kaymakaml\u0131k makam\u0131nda ger\u00e7ekle\u015fen ziyaret esnas\u0131nda,&nbsp;Kaymakam\u0131m\u0131z Say\u0131n Dr. Ahmet Naci HELVACI,&nbsp;23 Nisan Ulusal Egemenlik &nbsp;\u00c7ocuk Bayram\u0131 m\u00fcnasebetiyle makam koltu\u011funu 4.S\u0131n\u0131f \u00f6\u011frencisi Aysima GEL\u0130R&#8217; e&nbsp;devretti. Kaymakam makam\u0131n\u0131 devralan,&nbsp;Kaymakam Aysima GEL\u0130R,&nbsp;makam koltu\u011funu kendisine devreden Kaymakam\u0131m\u0131za&nbsp; te\u015fekk\u00fcr ederek, Milli E\u011fitim M\u00fcd\u00fcr\u00fc Bar\u0131\u015f ELMA &#8216;dan 23 Nisan Ulusal Egemenlik \u00c7ocuk Bayram\u0131 kutlama haz\u0131rl\u0131klar\u0131 hakk\u0131nda telefon ile bilgiler ald\u0131.<\/p>\n\n\n\n<p class=\"wp-block-paragraph\">Kaymakam\u0131m\u0131z Say\u0131n Dr. Ahmet Naci HELVACI,&nbsp;bu g\u00fczel ziyaretlerinden dolay\u0131 \u00f6\u011frencimize&nbsp;te\u015fekk\u00fcr ederek, bu vesileyle&nbsp;\u201cB\u00fcy\u00fck \u00d6nder Mustafa Kemal Atat\u00fcrk ba\u015fta olmak \u00fczere, milli m\u00fccadelenin t\u00fcm kahramanlar\u0131n\u0131, aziz \u015fehitlerimizi ve kahraman gazilerimizi sayg\u0131, \u015f\u00fckran ve minnetle an\u0131yor, sevgi dolu y\u00fcrekleri ve g\u00fclen y\u00fczleriyle bug\u00fcne anlam katan t\u00fcm d\u00fcnya \u00e7ocuklar\u0131n\u0131n ve aziz milletimizin \u201cUlusal Egemenlik ve \u00c7ocuk Bayram\u0131\u201dn\u0131 en i\u00e7ten duygularla kutluyor, \u00e7ocuklar\u0131m\u0131z\u0131n gelece\u011fe haz\u0131rlanmas\u0131nda onlara verdi\u011fi destek ve y\u00f6nlendirmeleriyle b\u00fcy\u00fck katk\u0131larda bulunan \u00e7ok de\u011ferli \u00f6\u011fretmenlerimiz ile k\u0131ymetli velilerimize de ayr\u0131ca te\u015fekk\u00fcrlerimi iletiyorum\u201d dedi.<\/p>\n\n\n\n<p class=\"wp-block-paragraph\"><a href=\"javascript:void(0);\"><\/a><\/p>\n\n\n\n<figure class=\"wp-block-image\"><img decoding=\"async\" src=\"https:\/\/www.sarkoy.gov.tr\/kurumlar\/sarkoy.gov.tr\/0haberler\/makam-2026\/WhatsApp-Image-2026_04_23-at-093248.jpeg\"  alt=\"WhatsApp-Image-2026_04_23-at-093248 23 Nisan Ulusal Egemenlik \u00c7ocuk Bayram\u0131nda Kaymakam\u0131m\u0131z Aysima GEL\u0130R Oldu\"   title=\"\" \/><\/figure>\n\n\n\n<figure class=\"wp-block-image size-full\"><img  title=\"\" loading=\"lazy\" decoding=\"async\" width=\"800\" height=\"600\" src=\"https:\/\/gundem59.com.tr\/wp-content\/uploads\/2026\/04\/WhatsApp-Image-2026_04_23-at-093248-_3_.jpeg\"  alt=\"WhatsApp-Image-2026_04_23-at-093248-_3_ 23 Nisan Ulusal Egemenlik \u00c7ocuk Bayram\u0131nda Kaymakam\u0131m\u0131z Aysima GEL\u0130R Oldu\"  class=\"wp-image-484\" srcset=\"https:\/\/gundem59.com.tr\/wp-content\/uploads\/2026\/04\/WhatsApp-Image-2026_04_23-at-093248-_3_.jpeg 800w, https:\/\/gundem59.com.tr\/wp-content\/uploads\/2026\/04\/WhatsApp-Image-2026_04_23-at-093248-_3_-300x225.jpeg 300w, https:\/\/gundem59.com.tr\/wp-content\/uploads\/2026\/04\/WhatsApp-Image-2026_04_23-at-093248-_3_-768x576.jpeg 768w\" sizes=\"auto, (max-width: 800px) 100vw, 800px\" \/><\/figure>\n\n\n","protected":false},"excerpt":{"rendered":"<p>23 Nisan Ulusal Egemenlik \u00c7ocuk Bayram\u0131\u2019n\u0131n 106.&nbsp;y\u0131l d\u00f6n\u00fcm\u00fc kutlama program\u0131 kapsam\u0131nda;&nbsp; B\u00fcy\u00fck\u015fehir Belediyesi Atat\u00fcrk&nbsp; ilkokulu&nbsp;&nbsp;4.s\u0131n\u0131f&#8230;<\/p>\n","protected":false},"author":1,"featured_media":485,"comment_status":"closed","ping_status":"closed","sticky":false,"template":"","format":"standard","meta":{"footnotes":""},"categories":[11],"tags":[],"ppma_author":[57],"class_list":["post-483","post","type-post","status-publish","format-standard","has-post-thumbnail","hentry","category-sarkoy"],"authors":[{"term_id":57,"user_id":1,"is_guest":0,"slug":"admin","display_name":"Alp Aslan","avatar_url":"https:\/\/secure.gravatar.com\/avatar\/07c18c5ad3350b025db8f3328450e071acb435c703e565899c880c63362f137a?s=96&d=mm&r=g","author_category":"1","first_name":"Alp Aslan","last_name":"ER\u0130N","user_url":"http:\/\/www.gundem59.com.tr","job_title":"","description":""}],"_links":{"self":[{"href":"https:\/\/gundem59.com.tr\/index.php?rest_route=\/wp\/v2\/posts\/483","targetHints":{"allow":["GET"]}}],"collection":[{"href":"https:\/\/gundem59.com.tr\/index.php?rest_route=\/wp\/v2\/posts"}],"about":[{"href":"https:\/\/gundem59.com.tr\/index.php?rest_route=\/wp\/v2\/types\/post"}],"author":[{"embeddable":true,"href":"https:\/\/gundem59.com.tr\/index.php?rest_route=\/wp\/v2\/users\/1"}],"replies":[{"embeddable":true,"href":"https:\/\/gundem59.com.tr\/index.php?rest_route=%2Fwp%2Fv2%2Fcomments&post=483"}],"version-history":[{"count":1,"href":"https:\/\/gundem59.com.tr\/index.php?rest_route=\/wp\/v2\/posts\/483\/revisions"}],"predecessor-version":[{"id":486,"href":"https:\/\/gundem59.com.tr\/index.php?rest_route=\/wp\/v2\/posts\/483\/revisions\/486"}],"wp:featuredmedia":[{"embeddable":true,"href":"https:\/\/gundem59.com.tr\/index.php?rest_route=\/wp\/v2\/media\/485"}],"wp:attachment":[{"href":"https:\/\/gundem59.com.tr\/index.php?rest_route=%2Fwp%2Fv2%2Fmedia&parent=483"}],"wp:term":[{"taxonomy":"category","embeddable":true,"href":"https:\/\/gundem59.com.tr\/index.php?rest_route=%2Fwp%2Fv2%2Fcategories&post=483"},{"taxonomy":"post_tag","embeddable":true,"href":"https:\/\/gundem59.com.tr\/index.php?rest_route=%2Fwp%2Fv2%2Ftags&post=483"},{"taxonomy":"author","embeddable":true,"href":"https:\/\/gundem59.com.tr\/index.php?rest_route=%2Fwp%2Fv2%2Fppma_author&post=483"}],"curies":[{"name":"wp","href":"https:\/\/api.w.org\/{rel}","templated":true}]}}