{"id":4822,"date":"2026-08-24T23:59:21","date_gmt":"2026-08-24T23:59:21","guid":{"rendered":"https:\/\/gundem59.com.tr\/?p=4822"},"modified":"2026-08-24T23:59:22","modified_gmt":"2026-08-24T23:59:22","slug":"tuzun-tekirdagda-5-belediye-baskani-yeni-partiye-katildi","status":"publish","type":"post","link":"https:\/\/gundem59.com.tr\/?p=4822","title":{"rendered":"T\u00fcz\u00fcn: Tekirda\u011f&#8217;da 5 belediye ba\u015fkan\u0131 YEN\u0130 Parti&#8217;ye kat\u0131ld\u0131"},"content":{"rendered":"\n<p class=\"wp-block-paragraph\">YEN\u0130 Parti Genel Ba\u015fkan Yard\u0131mc\u0131s\u0131 ve Bilecik Milletvekili Ya\u015far T\u00fcz\u00fcn, Tekirda\u011f B\u00fcy\u00fck\u015fehir Belediye Ba\u015fkan\u0131 Candan Y\u00fcceer ile S\u00fcleymanpa\u015fa, \u015eark\u00f6y, \u00c7orlu ve Malkara belediye ba\u015fkanlar\u0131n\u0131n YEN\u0130 Parti&#8217;ye kat\u0131ld\u0131\u011f\u0131n\u0131 a\u00e7\u0131klad\u0131.<\/p>\n\n\n\n<p class=\"wp-block-paragraph\">T\u00fcz\u00fcn, sosyal medya hesab\u0131ndan yapt\u0131\u011f\u0131 payla\u015f\u0131mda, \u201cTekirda\u011f B\u00fcy\u00fck\u015fehir Belediye Ba\u015fkan\u0131m\u0131z Candan Y\u00fcceer ile S\u00fcleymanpa\u015fa, \u015eark\u00f6y, \u00c7orlu ve Malkara Belediye Ba\u015fkanlar\u0131m\u0131z\u0131 YEN\u0130 Parti \u00e7at\u0131s\u0131 alt\u0131nda g\u00f6rmekten b\u00fcy\u00fck bir mutluluk duyuyoruz. Tekirda\u011f&#8217;\u0131n be\u015f belediyesiyle aram\u0131za katt\u0131\u011f\u0131 g\u00fc\u00e7, iktidar yolculu\u011fumuzdaki kararl\u0131l\u0131\u011f\u0131m\u0131z\u0131 daha da b\u00fcy\u00fct\u00fcyor. Ba\u015fkanlar\u0131m\u0131za ho\u015f geldiniz diyor, Tekirda\u011f&#8217;a ve \u00fclkemize hay\u0131rl\u0131 olmas\u0131n\u0131 diliyorum. Pusulam\u0131z millet, rotam\u0131z iktidar!\u201d ifadelerini kulland\u0131.<\/p>\n","protected":false},"excerpt":{"rendered":"<p>YEN\u0130 Parti Genel Ba\u015fkan Yard\u0131mc\u0131s\u0131 ve Bilecik Milletvekili Ya\u015far T\u00fcz\u00fcn, Tekirda\u011f B\u00fcy\u00fck\u015fehir Belediye Ba\u015fkan\u0131 Candan&#8230;<\/p>\n","protected":false},"author":1,"featured_media":4823,"comment_status":"open","ping_status":"open","sticky":false,"template":"","format":"standard","meta":{"footnotes":""},"categories":[52],"tags":[],"ppma_author":[57],"class_list":["post-4822","post","type-post","status-publish","format-standard","has-post-thumbnail","hentry","category-politika"],"authors":[{"term_id":57,"user_id":1,"is_guest":0,"slug":"admin","display_name":"Alp Aslan","avatar_url":"https:\/\/secure.gravatar.com\/avatar\/07c18c5ad3350b025db8f3328450e071acb435c703e565899c880c63362f137a?s=96&d=mm&r=g","author_category":"1","first_name":"Alp Aslan","last_name":"ER\u0130N","user_url":"http:\/\/www.gundem59.com.tr","job_title":"","description":""}],"_links":{"self":[{"href":"https:\/\/gundem59.com.tr\/index.php?rest_route=\/wp\/v2\/posts\/4822","targetHints":{"allow":["GET"]}}],"collection":[{"href":"https:\/\/gundem59.com.tr\/index.php?rest_route=\/wp\/v2\/posts"}],"about":[{"href":"https:\/\/gundem59.com.tr\/index.php?rest_route=\/wp\/v2\/types\/post"}],"author":[{"embeddable":true,"href":"https:\/\/gundem59.com.tr\/index.php?rest_route=\/wp\/v2\/users\/1"}],"replies":[{"embeddable":true,"href":"https:\/\/gundem59.com.tr\/index.php?rest_route=%2Fwp%2Fv2%2Fcomments&post=4822"}],"version-history":[{"count":1,"href":"https:\/\/gundem59.com.tr\/index.php?rest_route=\/wp\/v2\/posts\/4822\/revisions"}],"predecessor-version":[{"id":4824,"href":"https:\/\/gundem59.com.tr\/index.php?rest_route=\/wp\/v2\/posts\/4822\/revisions\/4824"}],"wp:featuredmedia":[{"embeddable":true,"href":"https:\/\/gundem59.com.tr\/index.php?rest_route=\/wp\/v2\/media\/4823"}],"wp:attachment":[{"href":"https:\/\/gundem59.com.tr\/index.php?rest_route=%2Fwp%2Fv2%2Fmedia&parent=4822"}],"wp:term":[{"taxonomy":"category","embeddable":true,"href":"https:\/\/gundem59.com.tr\/index.php?rest_route=%2Fwp%2Fv2%2Fcategories&post=4822"},{"taxonomy":"post_tag","embeddable":true,"href":"https:\/\/gundem59.com.tr\/index.php?rest_route=%2Fwp%2Fv2%2Ftags&post=4822"},{"taxonomy":"author","embeddable":true,"href":"https:\/\/gundem59.com.tr\/index.php?rest_route=%2Fwp%2Fv2%2Fppma_author&post=4822"}],"curies":[{"name":"wp","href":"https:\/\/api.w.org\/{rel}","templated":true}]}}