{"id":4776,"date":"2026-08-24T16:24:46","date_gmt":"2026-08-24T16:24:46","guid":{"rendered":"https:\/\/gundem59.com.tr\/?p=4776"},"modified":"2026-08-24T16:24:46","modified_gmt":"2026-08-24T16:24:46","slug":"cumhurbaskani-erdogandan-firat-kalkani-yil-donumu-mesaji","status":"publish","type":"post","link":"https:\/\/gundem59.com.tr\/?p=4776","title":{"rendered":"Cumhurba\u015fkan\u0131 Erdo\u011fan&#8217;dan F\u0131rat Kalkan\u0131 Y\u0131l D\u00f6n\u00fcm\u00fc Mesaj\u0131"},"content":{"rendered":"\n<p class=\"wp-block-paragraph\">Cumhurba\u015fkan\u0131 Recep Tayyip Erdo\u011fan, F\u0131rat Kalkan\u0131 Harekat\u0131&#8217;n\u0131n y\u0131l d\u00f6n\u00fcm\u00fc dolay\u0131s\u0131yla sosyal medya hesab\u0131ndan mesaj yay\u0131mlad\u0131. Erdo\u011fan, harekatta hayat\u0131n\u0131 kaybeden \u015fehitleri rahmetle, gazileri ise \u015f\u00fckranla and\u0131.<\/p>\n\n\n\n<h2 class=\"wp-block-heading\">&#8220;T\u00fcrk Ordusunun G\u00fcc\u00fcn\u00fc T\u00fcm D\u00fcnyaya G\u00f6sterdik&#8221;<\/h2>\n\n\n\n<p class=\"wp-block-paragraph\">Erdo\u011fan mesaj\u0131nda, F\u0131rat Kalkan\u0131 Harekat\u0131&#8217;n\u0131n T\u00fcrkiye&#8217;nin s\u0131n\u0131r g\u00fcvenli\u011fi ve b\u00f6lgedeki ter\u00f6r tehdidine kar\u015f\u0131 kararl\u0131 duru\u015funun \u00f6nemli g\u00f6stergelerinden biri oldu\u011funu belirtti.<\/p>\n\n\n\n<p class=\"wp-block-paragraph\">Harekat\u0131n T\u00fcrk Silahl\u0131 Kuvvetleri&#8217;nin g\u00fcc\u00fcn\u00fc ortaya koydu\u011funu ifade eden Erdo\u011fan, T\u00fcrkiye&#8217;nin b\u00f6lgede ter\u00f6r, \u00e7at\u0131\u015fma ve istikrars\u0131zl\u0131\u011fa izin vermeyece\u011fi mesaj\u0131n\u0131 verdi.<\/p>\n\n\n\n<figure class=\"wp-block-image size-large\"><img  title=\"\" loading=\"lazy\" decoding=\"async\" width=\"819\" height=\"1024\" src=\"https:\/\/gundem59.com.tr\/wp-content\/uploads\/2026\/08\/cumhurbaskani-erdogan-firat-kalkani-harekati-20171588_amp-819x1024.jpg\"  alt=\"cumhurbaskani-erdogan-firat-kalkani-harekati-20171588_amp-819x1024 Cumhurba\u015fkan\u0131 Erdo\u011fan&#039;dan F\u0131rat Kalkan\u0131 Y\u0131l D\u00f6n\u00fcm\u00fc Mesaj\u0131\"  class=\"wp-image-4778\" srcset=\"https:\/\/gundem59.com.tr\/wp-content\/uploads\/2026\/08\/cumhurbaskani-erdogan-firat-kalkani-harekati-20171588_amp-819x1024.jpg 819w, https:\/\/gundem59.com.tr\/wp-content\/uploads\/2026\/08\/cumhurbaskani-erdogan-firat-kalkani-harekati-20171588_amp-240x300.jpg 240w, https:\/\/gundem59.com.tr\/wp-content\/uploads\/2026\/08\/cumhurbaskani-erdogan-firat-kalkani-harekati-20171588_amp-768x960.jpg 768w, https:\/\/gundem59.com.tr\/wp-content\/uploads\/2026\/08\/cumhurbaskani-erdogan-firat-kalkani-harekati-20171588_amp-1024x1280.jpg 1024w, https:\/\/gundem59.com.tr\/wp-content\/uploads\/2026\/08\/cumhurbaskani-erdogan-firat-kalkani-harekati-20171588_amp.jpg 1200w\" sizes=\"auto, (max-width: 819px) 100vw, 819px\" \/><\/figure>\n\n\n\n<h2 class=\"wp-block-heading\">\u015eehitler ve Gaziler An\u0131ld\u0131<\/h2>\n\n\n\n<p class=\"wp-block-paragraph\">Cumhurba\u015fkan\u0131 Erdo\u011fan, F\u0131rat Kalkan\u0131 Harekat\u0131&#8217;n\u0131n y\u0131l d\u00f6n\u00fcm\u00fcnde \u015fehitleri rahmetle and\u0131\u011f\u0131n\u0131, gazilere ise \u015f\u00fckranlar\u0131n\u0131 sundu\u011funu belirtti.<\/p>\n\n\n\n<p class=\"wp-block-paragraph\">Erdo\u011fan&#8217;\u0131n mesaj\u0131nda, harekat\u0131n T\u00fcrkiye&#8217;nin b\u00f6lgesel g\u00fcvenlik politikalar\u0131 a\u00e7\u0131s\u0131ndan ta\u015f\u0131d\u0131\u011f\u0131 \u00f6neme de vurgu yap\u0131ld\u0131.<\/p>\n\n\n\n<p class=\"wp-block-paragraph\">F\u0131rat Kalkan\u0131 Harekat\u0131, Suriye&#8217;nin kuzeyinde ter\u00f6r tehdidini ortadan kald\u0131rmak ve T\u00fcrkiye&#8217;nin s\u0131n\u0131r g\u00fcvenli\u011fini g\u00fc\u00e7lendirmek amac\u0131yla T\u00fcrk Silahl\u0131 Kuvvetleri taraf\u0131ndan ba\u015flat\u0131lm\u0131\u015ft\u0131.<\/p>\n","protected":false},"excerpt":{"rendered":"<p>Cumhurba\u015fkan\u0131 Recep Tayyip Erdo\u011fan, F\u0131rat Kalkan\u0131 Harekat\u0131&#8217;n\u0131n y\u0131l d\u00f6n\u00fcm\u00fc dolay\u0131s\u0131yla sosyal medya hesab\u0131ndan mesaj yay\u0131mlad\u0131&#8230;.<\/p>\n","protected":false},"author":1,"featured_media":4777,"comment_status":"open","ping_status":"open","sticky":false,"template":"","format":"standard","meta":{"footnotes":""},"categories":[56],"tags":[],"ppma_author":[57],"class_list":["post-4776","post","type-post","status-publish","format-standard","has-post-thumbnail","hentry","category-guncel"],"authors":[{"term_id":57,"user_id":1,"is_guest":0,"slug":"admin","display_name":"Alp Aslan","avatar_url":"https:\/\/secure.gravatar.com\/avatar\/07c18c5ad3350b025db8f3328450e071acb435c703e565899c880c63362f137a?s=96&d=mm&r=g","author_category":"1","first_name":"Alp Aslan","last_name":"ER\u0130N","user_url":"http:\/\/www.gundem59.com.tr","job_title":"","description":""}],"_links":{"self":[{"href":"https:\/\/gundem59.com.tr\/index.php?rest_route=\/wp\/v2\/posts\/4776","targetHints":{"allow":["GET"]}}],"collection":[{"href":"https:\/\/gundem59.com.tr\/index.php?rest_route=\/wp\/v2\/posts"}],"about":[{"href":"https:\/\/gundem59.com.tr\/index.php?rest_route=\/wp\/v2\/types\/post"}],"author":[{"embeddable":true,"href":"https:\/\/gundem59.com.tr\/index.php?rest_route=\/wp\/v2\/users\/1"}],"replies":[{"embeddable":true,"href":"https:\/\/gundem59.com.tr\/index.php?rest_route=%2Fwp%2Fv2%2Fcomments&post=4776"}],"version-history":[{"count":1,"href":"https:\/\/gundem59.com.tr\/index.php?rest_route=\/wp\/v2\/posts\/4776\/revisions"}],"predecessor-version":[{"id":4779,"href":"https:\/\/gundem59.com.tr\/index.php?rest_route=\/wp\/v2\/posts\/4776\/revisions\/4779"}],"wp:featuredmedia":[{"embeddable":true,"href":"https:\/\/gundem59.com.tr\/index.php?rest_route=\/wp\/v2\/media\/4777"}],"wp:attachment":[{"href":"https:\/\/gundem59.com.tr\/index.php?rest_route=%2Fwp%2Fv2%2Fmedia&parent=4776"}],"wp:term":[{"taxonomy":"category","embeddable":true,"href":"https:\/\/gundem59.com.tr\/index.php?rest_route=%2Fwp%2Fv2%2Fcategories&post=4776"},{"taxonomy":"post_tag","embeddable":true,"href":"https:\/\/gundem59.com.tr\/index.php?rest_route=%2Fwp%2Fv2%2Ftags&post=4776"},{"taxonomy":"author","embeddable":true,"href":"https:\/\/gundem59.com.tr\/index.php?rest_route=%2Fwp%2Fv2%2Fppma_author&post=4776"}],"curies":[{"name":"wp","href":"https:\/\/api.w.org\/{rel}","templated":true}]}}