{"id":474,"date":"2026-04-23T12:53:09","date_gmt":"2026-04-23T12:53:09","guid":{"rendered":"https:\/\/gundem59.com.tr\/?p=474"},"modified":"2026-04-23T14:43:35","modified_gmt":"2026-04-23T14:43:35","slug":"mevlana-ilkokulu-ogrencisi-23-nisanda-kaymakam-makamina-oturdu","status":"publish","type":"post","link":"https:\/\/gundem59.com.tr\/?p=474","title":{"rendered":"Mevlana \u0130lkokulu \u00d6\u011frencisi 23 Nisan\u2019da Kaymakam Makam\u0131na Oturdu"},"content":{"rendered":"\n<p class=\"wp-block-paragraph\"><strong>Mevlana \u0130lkokulu \u00d6\u011frencisi 23 Nisan\u2019da Kaymakam Makam\u0131na Oturdu<\/strong><\/p>\n\n\n\n<p class=\"wp-block-paragraph\">Kaymakam\u0131m\u0131z Say\u0131n Nazmi G\u00fcnl\u00fc, 23 Nisan Ulusal Egemenlik ve \u00c7ocuk Bayram\u0131 m\u00fcnasebetiyle koltu\u011funu Mevl\u00e2na \u0130lkokulu \u00f6\u011frencisi G\u00fcne\u015f Pehlivan\u2019a b\u0131rakt\u0131.<br>23 Nisan Ulusal Egemenlik ve \u00c7ocuk Bayram\u0131 etkinli\u011fi kapsam\u0131nda Mevl\u00e2na \u0130lkokulu \u00f6\u011frencileri, Okul M\u00fcd\u00fcr\u00fc ve \u00d6\u011fretmenleri, Kaymakam\u0131m\u0131z Say\u0131n Nazmi G\u00fcnl\u00fc\u2019y\u00fc makam\u0131nda ziyaret etti.<\/p>\n\n\n\n<p class=\"wp-block-paragraph\">Kendisine ziyarete gelen \u00f6\u011frencilerinden birini makam koltu\u011funa oturtan Kaymakam Nazmi G\u00fcnl\u00fc, t\u00fcm \u00e7ocuklar\u0131n g\u00fcn\u00fcn\u00fc kutlad\u0131.<br>Temsili Kaymakam G\u00fcne\u015f Pehlivan, Kaymakam\u0131m\u0131z\u0131n Say\u0131n Nazmi G\u00fcnl\u00fc\u2019n\u00fcn 23 Nisan Ulusal Egemenlik ve \u00c7ocuk Bayram\u0131\u2019n\u0131 kutlayarak \u00e7i\u00e7ek takdim etti.&nbsp;<br>Kaymakaml\u0131k Makam\u0131na temsil olarak oturan G\u00fcne\u015f Pehlivan ile Kaymakam\u0131m\u0131z Say\u0131n Nazmi G\u00fcnl\u00fc, Kaymakaml\u0131\u011f\u0131n g\u00f6rev ve yetkileri konusunda sohbetler ederek misafirlerine ikramlarda bulundular.&nbsp;<br>Temsili Kaymakam ve beraberindeki heyet, kendilerine g\u00f6sterilen ilgi ve alakadan dolay\u0131 Kaymakam\u0131m\u0131za te\u015fekk\u00fcr ederek, Kaymakaml\u0131k makam\u0131ndan memnun bir \u015fekilde ayr\u0131ld\u0131lar.<\/p>\n\n\n\n<p class=\"wp-block-paragraph\">Kaymakam\u0131m\u0131z Say\u0131n Nazmi G\u00fcnl\u00fc, 23 Nisan Ulusal Egemenlik ve \u00c7ocuk Bayram\u0131 m\u00fcnasebetiyle koltu\u011funu b\u0131rakt\u0131\u011f\u0131 Mevl\u00e2na \u0130lkokulu \u00f6\u011frencisi G\u00fcne\u015f Pehlivan ile birlikte 23 Nisan &nbsp;konulu resim sergisini a\u00e7t\u0131.<\/p>\n\n\n\n<figure class=\"wp-block-image size-large\"><img  title=\"\" loading=\"lazy\" decoding=\"async\" width=\"768\" height=\"1024\" src=\"https:\/\/gundem59.com.tr\/wp-content\/uploads\/2026\/04\/17282165_8bf7_4c34_82e2_c5533b49db1d-768x1024.jpg\"  alt=\"17282165_8bf7_4c34_82e2_c5533b49db1d-768x1024 Mevlana \u0130lkokulu \u00d6\u011frencisi 23 Nisan\u2019da Kaymakam Makam\u0131na Oturdu\"  class=\"wp-image-475\" srcset=\"https:\/\/gundem59.com.tr\/wp-content\/uploads\/2026\/04\/17282165_8bf7_4c34_82e2_c5533b49db1d-768x1024.jpg 768w, https:\/\/gundem59.com.tr\/wp-content\/uploads\/2026\/04\/17282165_8bf7_4c34_82e2_c5533b49db1d-225x300.jpg 225w, https:\/\/gundem59.com.tr\/wp-content\/uploads\/2026\/04\/17282165_8bf7_4c34_82e2_c5533b49db1d-1152x1536.jpg 1152w, https:\/\/gundem59.com.tr\/wp-content\/uploads\/2026\/04\/17282165_8bf7_4c34_82e2_c5533b49db1d.jpg 1200w\" sizes=\"auto, (max-width: 768px) 100vw, 768px\" \/><\/figure>\n\n\n\n<figure class=\"wp-block-image size-large\"><img  title=\"\" loading=\"lazy\" decoding=\"async\" width=\"768\" height=\"1024\" src=\"https:\/\/gundem59.com.tr\/wp-content\/uploads\/2026\/04\/196606fb_fd65_4d49_b045_8eb1b43bff04-768x1024.jpg\"  alt=\"196606fb_fd65_4d49_b045_8eb1b43bff04-768x1024 Mevlana \u0130lkokulu \u00d6\u011frencisi 23 Nisan\u2019da Kaymakam Makam\u0131na Oturdu\"  class=\"wp-image-476\" srcset=\"https:\/\/gundem59.com.tr\/wp-content\/uploads\/2026\/04\/196606fb_fd65_4d49_b045_8eb1b43bff04-768x1024.jpg 768w, https:\/\/gundem59.com.tr\/wp-content\/uploads\/2026\/04\/196606fb_fd65_4d49_b045_8eb1b43bff04-225x300.jpg 225w, https:\/\/gundem59.com.tr\/wp-content\/uploads\/2026\/04\/196606fb_fd65_4d49_b045_8eb1b43bff04-1152x1536.jpg 1152w, https:\/\/gundem59.com.tr\/wp-content\/uploads\/2026\/04\/196606fb_fd65_4d49_b045_8eb1b43bff04.jpg 1200w\" sizes=\"auto, (max-width: 768px) 100vw, 768px\" \/><\/figure>\n\n\n\n<figure class=\"wp-block-image size-large\"><img  title=\"\" loading=\"lazy\" decoding=\"async\" width=\"1024\" height=\"768\" src=\"https:\/\/gundem59.com.tr\/wp-content\/uploads\/2026\/04\/7ab83f86_51f0_4d98_8ec4_aa492600a422-1024x768.jpg\"  alt=\"7ab83f86_51f0_4d98_8ec4_aa492600a422-1024x768 Mevlana \u0130lkokulu \u00d6\u011frencisi 23 Nisan\u2019da Kaymakam Makam\u0131na Oturdu\"  class=\"wp-image-477\" srcset=\"https:\/\/gundem59.com.tr\/wp-content\/uploads\/2026\/04\/7ab83f86_51f0_4d98_8ec4_aa492600a422-1024x768.jpg 1024w, https:\/\/gundem59.com.tr\/wp-content\/uploads\/2026\/04\/7ab83f86_51f0_4d98_8ec4_aa492600a422-300x225.jpg 300w, https:\/\/gundem59.com.tr\/wp-content\/uploads\/2026\/04\/7ab83f86_51f0_4d98_8ec4_aa492600a422-768x576.jpg 768w, https:\/\/gundem59.com.tr\/wp-content\/uploads\/2026\/04\/7ab83f86_51f0_4d98_8ec4_aa492600a422-1536x1152.jpg 1536w, https:\/\/gundem59.com.tr\/wp-content\/uploads\/2026\/04\/7ab83f86_51f0_4d98_8ec4_aa492600a422.jpg 1600w\" sizes=\"auto, (max-width: 1024px) 100vw, 1024px\" \/><\/figure>\n\n\n\n<figure class=\"wp-block-image size-large\"><img  title=\"\" loading=\"lazy\" decoding=\"async\" width=\"1024\" height=\"768\" src=\"https:\/\/gundem59.com.tr\/wp-content\/uploads\/2026\/04\/324293ae_5536_44c0_964c_67097804a39c-1024x768.jpg\"  alt=\"324293ae_5536_44c0_964c_67097804a39c-1024x768 Mevlana \u0130lkokulu \u00d6\u011frencisi 23 Nisan\u2019da Kaymakam Makam\u0131na Oturdu\"  class=\"wp-image-478\" srcset=\"https:\/\/gundem59.com.tr\/wp-content\/uploads\/2026\/04\/324293ae_5536_44c0_964c_67097804a39c-1024x768.jpg 1024w, https:\/\/gundem59.com.tr\/wp-content\/uploads\/2026\/04\/324293ae_5536_44c0_964c_67097804a39c-300x225.jpg 300w, https:\/\/gundem59.com.tr\/wp-content\/uploads\/2026\/04\/324293ae_5536_44c0_964c_67097804a39c-768x576.jpg 768w, https:\/\/gundem59.com.tr\/wp-content\/uploads\/2026\/04\/324293ae_5536_44c0_964c_67097804a39c-1536x1152.jpg 1536w, https:\/\/gundem59.com.tr\/wp-content\/uploads\/2026\/04\/324293ae_5536_44c0_964c_67097804a39c.jpg 1600w\" sizes=\"auto, (max-width: 1024px) 100vw, 1024px\" \/><\/figure>\n\n\n\n<figure class=\"wp-block-image size-large\"><img  title=\"\" loading=\"lazy\" decoding=\"async\" width=\"768\" height=\"1024\" src=\"https:\/\/gundem59.com.tr\/wp-content\/uploads\/2026\/04\/cbf20579_6db4_48f0_b2d2_582a11e460c2-768x1024.jpg\"  alt=\"cbf20579_6db4_48f0_b2d2_582a11e460c2-768x1024 Mevlana \u0130lkokulu \u00d6\u011frencisi 23 Nisan\u2019da Kaymakam Makam\u0131na Oturdu\"  class=\"wp-image-480\" srcset=\"https:\/\/gundem59.com.tr\/wp-content\/uploads\/2026\/04\/cbf20579_6db4_48f0_b2d2_582a11e460c2-768x1024.jpg 768w, https:\/\/gundem59.com.tr\/wp-content\/uploads\/2026\/04\/cbf20579_6db4_48f0_b2d2_582a11e460c2-225x300.jpg 225w, https:\/\/gundem59.com.tr\/wp-content\/uploads\/2026\/04\/cbf20579_6db4_48f0_b2d2_582a11e460c2-1152x1536.jpg 1152w, https:\/\/gundem59.com.tr\/wp-content\/uploads\/2026\/04\/cbf20579_6db4_48f0_b2d2_582a11e460c2.jpg 1200w\" sizes=\"auto, (max-width: 768px) 100vw, 768px\" \/><\/figure>\n","protected":false},"excerpt":{"rendered":"<p>Mevlana \u0130lkokulu \u00d6\u011frencisi 23 Nisan\u2019da Kaymakam Makam\u0131na Oturdu Kaymakam\u0131m\u0131z Say\u0131n Nazmi G\u00fcnl\u00fc, 23 Nisan Ulusal&#8230;<\/p>\n","protected":false},"author":1,"featured_media":481,"comment_status":"closed","ping_status":"closed","sticky":false,"template":"","format":"standard","meta":{"footnotes":""},"categories":[6],"tags":[],"ppma_author":[57],"class_list":["post-474","post","type-post","status-publish","format-standard","has-post-thumbnail","hentry","category-cerkezkoy"],"authors":[{"term_id":57,"user_id":1,"is_guest":0,"slug":"admin","display_name":"Alp Aslan","avatar_url":"https:\/\/secure.gravatar.com\/avatar\/07c18c5ad3350b025db8f3328450e071acb435c703e565899c880c63362f137a?s=96&d=mm&r=g","author_category":"1","first_name":"Alp Aslan","last_name":"ER\u0130N","user_url":"http:\/\/www.gundem59.com.tr","job_title":"","description":""}],"_links":{"self":[{"href":"https:\/\/gundem59.com.tr\/index.php?rest_route=\/wp\/v2\/posts\/474","targetHints":{"allow":["GET"]}}],"collection":[{"href":"https:\/\/gundem59.com.tr\/index.php?rest_route=\/wp\/v2\/posts"}],"about":[{"href":"https:\/\/gundem59.com.tr\/index.php?rest_route=\/wp\/v2\/types\/post"}],"author":[{"embeddable":true,"href":"https:\/\/gundem59.com.tr\/index.php?rest_route=\/wp\/v2\/users\/1"}],"replies":[{"embeddable":true,"href":"https:\/\/gundem59.com.tr\/index.php?rest_route=%2Fwp%2Fv2%2Fcomments&post=474"}],"version-history":[{"count":1,"href":"https:\/\/gundem59.com.tr\/index.php?rest_route=\/wp\/v2\/posts\/474\/revisions"}],"predecessor-version":[{"id":482,"href":"https:\/\/gundem59.com.tr\/index.php?rest_route=\/wp\/v2\/posts\/474\/revisions\/482"}],"wp:featuredmedia":[{"embeddable":true,"href":"https:\/\/gundem59.com.tr\/index.php?rest_route=\/wp\/v2\/media\/481"}],"wp:attachment":[{"href":"https:\/\/gundem59.com.tr\/index.php?rest_route=%2Fwp%2Fv2%2Fmedia&parent=474"}],"wp:term":[{"taxonomy":"category","embeddable":true,"href":"https:\/\/gundem59.com.tr\/index.php?rest_route=%2Fwp%2Fv2%2Fcategories&post=474"},{"taxonomy":"post_tag","embeddable":true,"href":"https:\/\/gundem59.com.tr\/index.php?rest_route=%2Fwp%2Fv2%2Ftags&post=474"},{"taxonomy":"author","embeddable":true,"href":"https:\/\/gundem59.com.tr\/index.php?rest_route=%2Fwp%2Fv2%2Fppma_author&post=474"}],"curies":[{"name":"wp","href":"https:\/\/api.w.org\/{rel}","templated":true}]}}