{"id":471,"date":"2026-04-23T12:49:16","date_gmt":"2026-04-23T12:49:16","guid":{"rendered":"https:\/\/gundem59.com.tr\/?p=471"},"modified":"2026-04-23T12:49:18","modified_gmt":"2026-04-23T12:49:18","slug":"kaymakamimiz-sayin-nazmi-gunlunun-23-nisan-ulusal-egemenlik-ve-cocuk-bayrami-mesaji","status":"publish","type":"post","link":"https:\/\/gundem59.com.tr\/?p=471","title":{"rendered":"Kaymakam\u0131m\u0131z Say\u0131n Nazmi G\u00fcnl\u00fc&#8217;n\u00fcn\u00a023 Nisan Ulusal Egemenlik ve \u00c7ocuk Bayram\u0131 Mesaj\u0131"},"content":{"rendered":"\n<p class=\"wp-block-paragraph\">Kaymakam\u0131m\u0131z Say\u0131n Nazmi G\u00fcnl\u00fc&#8217;n\u00fcn&nbsp;23 Nisan Ulusal Egemenlik ve \u00c7ocuk Bayram\u0131 Mesaj\u0131<\/p>\n\n\n\n<p class=\"wp-block-paragraph\">&nbsp; &nbsp; &nbsp; Bug\u00fcn, Milli egemenli\u011fimizin, ba\u011f\u0131ms\u0131zl\u0131k m\u00fccadelemizin ve demokrasimizin sembol\u00fc T\u00fcrkiye B\u00fcy\u00fck Millet Meclisi\u2019nin a\u00e7\u0131l\u0131\u015f\u0131n\u0131n 106. y\u0131ld\u00f6n\u00fcm\u00fcn\u00fc ve 23 Nisan Ulusal Egemenlik ve \u00c7ocuk Bayram\u0131m\u0131z\u0131 kutlaman\u0131n sevincini ya\u015f\u0131yoruz.<\/p>\n\n\n\n<p class=\"wp-block-paragraph\">&nbsp;&nbsp;&nbsp;&nbsp; B\u00fcy\u00fck \u00d6nder Mustafa Kemal Atat\u00fcrk, gelecek nesillere verdi\u011fi \u00f6nemi \u015fu s\u00f6zleriyle ifade etmektedir; \u201cK\u00fc\u00e7\u00fck han\u0131mlar, K\u00fc\u00e7\u00fck beyler! Sizler hepiniz gelece\u011fin bir g\u00fcl\u00fc, y\u0131ld\u0131z\u0131 ve ikbal \u0131\u015f\u0131\u011f\u0131s\u0131n\u0131z. Memleketi as\u0131l \u0131\u015f\u0131\u011fa bo\u011facak olan sizsiniz.&nbsp; &nbsp; &nbsp; &nbsp; &nbsp;Kendinizin ne kadar \u00f6nemli, de\u011ferli oldu\u011funuzu d\u00fc\u015f\u00fcnerek ona g\u00f6re \u00e7al\u0131\u015f\u0131n\u0131z. Sizlerden \u00e7ok \u015fey bekliyoruz.\u201d S\u00f6zleriyle \u00e7ocuklar\u0131m\u0131z\u0131n gelece\u011fin umudu ve mimar\u0131 olduklar\u0131n\u0131 belirtmi\u015ftir.<\/p>\n\n\n\n<p class=\"wp-block-paragraph\">&nbsp;&nbsp; Sevgili \u00e7ocuklar, kahraman milletimizin evlatlar\u0131 olarak, sizler \u00fclkemizin yar\u0131nlar\u0131s\u0131n\u0131z.<\/p>\n\n\n\n<p class=\"wp-block-paragraph\">&nbsp;&nbsp; Bu duygu ve d\u00fc\u015f\u00fcncelerle Meclisimizin Kurucusu Gazi Mustafa Kemal Atat\u00fcrk\u2019\u00fc ve dava arkada\u015flar\u0131n\u0131 rahmet ve \u00f6zlemle yad ediyor, t\u00fcm vatanda\u015flar\u0131m\u0131z\u0131n ve sevgili \u00e7ocuklar\u0131m\u0131z\u0131n 23 Nisan Ulusal Egemenlik ve \u00c7ocuk Bayram\u0131n\u0131 en i\u00e7ten dileklerimle kutluyorum<\/p>\n","protected":false},"excerpt":{"rendered":"<p>Kaymakam\u0131m\u0131z Say\u0131n Nazmi G\u00fcnl\u00fc&#8217;n\u00fcn&nbsp;23 Nisan Ulusal Egemenlik ve \u00c7ocuk Bayram\u0131 Mesaj\u0131 &nbsp; &nbsp; &nbsp; Bug\u00fcn,&#8230;<\/p>\n","protected":false},"author":1,"featured_media":472,"comment_status":"closed","ping_status":"closed","sticky":false,"template":"","format":"standard","meta":{"footnotes":""},"categories":[6],"tags":[],"ppma_author":[57],"class_list":["post-471","post","type-post","status-publish","format-standard","has-post-thumbnail","hentry","category-cerkezkoy"],"authors":[{"term_id":57,"user_id":1,"is_guest":0,"slug":"admin","display_name":"Alp Aslan","avatar_url":"https:\/\/secure.gravatar.com\/avatar\/07c18c5ad3350b025db8f3328450e071acb435c703e565899c880c63362f137a?s=96&d=mm&r=g","author_category":"1","first_name":"Alp Aslan","last_name":"ER\u0130N","user_url":"http:\/\/www.gundem59.com.tr","job_title":"","description":""}],"_links":{"self":[{"href":"https:\/\/gundem59.com.tr\/index.php?rest_route=\/wp\/v2\/posts\/471","targetHints":{"allow":["GET"]}}],"collection":[{"href":"https:\/\/gundem59.com.tr\/index.php?rest_route=\/wp\/v2\/posts"}],"about":[{"href":"https:\/\/gundem59.com.tr\/index.php?rest_route=\/wp\/v2\/types\/post"}],"author":[{"embeddable":true,"href":"https:\/\/gundem59.com.tr\/index.php?rest_route=\/wp\/v2\/users\/1"}],"replies":[{"embeddable":true,"href":"https:\/\/gundem59.com.tr\/index.php?rest_route=%2Fwp%2Fv2%2Fcomments&post=471"}],"version-history":[{"count":1,"href":"https:\/\/gundem59.com.tr\/index.php?rest_route=\/wp\/v2\/posts\/471\/revisions"}],"predecessor-version":[{"id":473,"href":"https:\/\/gundem59.com.tr\/index.php?rest_route=\/wp\/v2\/posts\/471\/revisions\/473"}],"wp:featuredmedia":[{"embeddable":true,"href":"https:\/\/gundem59.com.tr\/index.php?rest_route=\/wp\/v2\/media\/472"}],"wp:attachment":[{"href":"https:\/\/gundem59.com.tr\/index.php?rest_route=%2Fwp%2Fv2%2Fmedia&parent=471"}],"wp:term":[{"taxonomy":"category","embeddable":true,"href":"https:\/\/gundem59.com.tr\/index.php?rest_route=%2Fwp%2Fv2%2Fcategories&post=471"},{"taxonomy":"post_tag","embeddable":true,"href":"https:\/\/gundem59.com.tr\/index.php?rest_route=%2Fwp%2Fv2%2Ftags&post=471"},{"taxonomy":"author","embeddable":true,"href":"https:\/\/gundem59.com.tr\/index.php?rest_route=%2Fwp%2Fv2%2Fppma_author&post=471"}],"curies":[{"name":"wp","href":"https:\/\/api.w.org\/{rel}","templated":true}]}}