{"id":4706,"date":"2026-08-24T02:35:33","date_gmt":"2026-08-24T02:35:33","guid":{"rendered":"https:\/\/gundem59.com.tr\/?p=4706"},"modified":"2026-08-24T02:35:34","modified_gmt":"2026-08-24T02:35:34","slug":"zafer-partisi-saraydan-cerceve-yasa-aciklamasi","status":"publish","type":"post","link":"https:\/\/gundem59.com.tr\/?p=4706","title":{"rendered":"Zafer Partisi Saray&#8217;dan &#8216;\u00c7er\u00e7eve Yasa&#8217; a\u00e7\u0131klamas\u0131"},"content":{"rendered":"\n<p class=\"wp-block-paragraph\">Zafer Partisi Saray \u0130l\u00e7e Ba\u015fkan\u0131 Atilla Y\u0131lmaz ve Zafer Partisi Tekirda\u011f \u0130l Ba\u015fkan\u0131 Fatih Alt\u0131nta\u015f, partililer ve vatanda\u015flar\u0131n kat\u0131l\u0131m\u0131yla d\u00fczenlenen a\u00e7\u0131klamada, Meclis g\u00fcndemine getirilen \u00c7er\u00e7eve Yasa d\u00fczenlemesine ili\u015fkin partilerinin g\u00f6r\u00fc\u015flerini kamuoyuyla payla\u015ft\u0131.<\/p>\n\n\n\n<p class=\"wp-block-paragraph\">Yo\u011fun kat\u0131l\u0131m\u0131n oldu\u011fu a\u00e7\u0131klamada, s\u00f6z konusu d\u00fczenlemenin T\u00fcrkiye&#8217;nin milli yap\u0131s\u0131, hukuki b\u00fct\u00fcnl\u00fc\u011f\u00fc ve gelece\u011fi a\u00e7\u0131s\u0131ndan riskler bar\u0131nd\u0131rd\u0131\u011f\u0131 ifade edildi.<\/p>\n\n\n\n<p class=\"wp-block-paragraph\">Zafer Partisi ad\u0131na yap\u0131lan a\u00e7\u0131klamada, \u0130stiklal Mar\u015f\u0131 ve Gen\u00e7li\u011fe Hitabe&#8217;den al\u0131nan sorumlulukla hareket edildi\u011fi belirtilerek, yasan\u0131n do\u011furabilece\u011fi risklerin kamuoyuna aktar\u0131lmas\u0131 gerekti\u011fi vurguland\u0131.<\/p>\n\n\n\n<figure class=\"wp-block-video\"><video height=\"850\" style=\"aspect-ratio: 478 \/ 850;\" width=\"478\" controls src=\"https:\/\/gundem59.com.tr\/wp-content\/uploads\/2026\/08\/WhatsApp-Video-2026-08-23-at-20.14.17.mp4\"><\/video><\/figure>\n\n\n\n<p class=\"wp-block-paragraph\">A\u00e7\u0131klamada, Zafer Partisi&#8217;nin d\u00fczenlemeye kar\u015f\u0131 duru\u015funun ilk g\u00fcnden itibaren s\u00fcrd\u00fc\u011f\u00fc belirtilerek, &#8220;Milletimize \u015firin g\u00f6sterilmeye ve t\u00fcrl\u00fc alg\u0131larla kabul ettirilmeye \u00e7al\u0131\u015f\u0131lan bu yasa, hi\u00e7bir zaman milletimizin vicdan\u0131nda yer bulamayacakt\u0131r&#8221; ifadeleri kullan\u0131ld\u0131.<\/p>\n\n\n\n<p class=\"wp-block-paragraph\">Ter\u00f6rle m\u00fccadele konusunda da de\u011ferlendirmelerin yer ald\u0131\u011f\u0131 a\u00e7\u0131klamada, ter\u00f6r\u00fcn sona erdirilmesi i\u00e7in m\u00fczakere yerine m\u00fccadele y\u00f6nteminin benimsenmesi gerekti\u011fi savunuldu.<\/p>\n\n\n\n<p class=\"wp-block-paragraph\">A\u00e7\u0131klamada, &#8220;Y\u00f6ntem, ter\u00f6r\u00fc bitirmek i\u00e7in eline kan bula\u015fm\u0131\u015f ter\u00f6ristle m\u00fczakere etmek de\u011fil, kesin sonu\u00e7 niyetiyle m\u00fccadele ederek ter\u00f6r\u00fc bu topraklardan s\u00f6k\u00fcp atmakt\u0131r&#8221; denildi.<\/p>\n\n\n\n<p class=\"wp-block-paragraph\">\u00c7er\u00e7eve Yasa&#8217;n\u0131n milletin onay\u0131 olmadan hayata ge\u00e7irilmemesi gerekti\u011fi belirtilen a\u00e7\u0131klamada, T\u00fcrkiye&#8217;nin kaderinin kapal\u0131 kap\u0131lar ard\u0131nda haz\u0131rlanacak veya oldu bittiye getirilecek yasalarla belirlenemeyece\u011fi ifade edildi.<\/p>\n\n\n\n<p class=\"wp-block-paragraph\">Zafer Partisi&#8217;nin milli birlik ve beraberlik ile Cumhuriyet&#8217;in temel de\u011ferlerini koruma m\u00fccadelesini s\u00fcrd\u00fcrece\u011fi belirtilirken, vatanda\u015flar ve kamuoyu partinin duru\u015funa destek vermeye davet edildi.<\/p>\n\n\n\n<p class=\"wp-block-paragraph\">A\u00e7\u0131klamaya Zafer Partisi Saray \u0130l\u00e7e Ba\u015fkan\u0131 Atilla Y\u0131lmaz, Zafer Partisi Tekirda\u011f \u0130l Ba\u015fkan\u0131 Fatih Alt\u0131nta\u015f, Zafer Partisi \u00fcyeleri ve \u00e7ok say\u0131da vatanda\u015f kat\u0131ld\u0131.<\/p>\n\n\n\n<figure class=\"wp-block-image size-large\"><img  title=\"\" loading=\"lazy\" decoding=\"async\" width=\"768\" height=\"1024\" src=\"https:\/\/gundem59.com.tr\/wp-content\/uploads\/2026\/08\/WhatsApp-Image-2026-08-23-at-20.15.00-768x1024-1.jpeg\"  alt=\"WhatsApp-Image-2026-08-23-at-20.15.00-768x1024-1 Zafer Partisi Saray&#039;dan &#039;\u00c7er\u00e7eve Yasa&#039; a\u00e7\u0131klamas\u0131\"  class=\"wp-image-4708\" srcset=\"https:\/\/gundem59.com.tr\/wp-content\/uploads\/2026\/08\/WhatsApp-Image-2026-08-23-at-20.15.00-768x1024-1.jpeg 768w, https:\/\/gundem59.com.tr\/wp-content\/uploads\/2026\/08\/WhatsApp-Image-2026-08-23-at-20.15.00-225x300.jpeg 225w, https:\/\/gundem59.com.tr\/wp-content\/uploads\/2026\/08\/WhatsApp-Image-2026-08-23-at-20.15.00-1152x1536.jpeg 1152w, https:\/\/gundem59.com.tr\/wp-content\/uploads\/2026\/08\/WhatsApp-Image-2026-08-23-at-20.15.00-1024x1365.jpeg 1024w, https:\/\/gundem59.com.tr\/wp-content\/uploads\/2026\/08\/WhatsApp-Image-2026-08-23-at-20.15.00.jpeg 1200w\" sizes=\"auto, (max-width: 768px) 100vw, 768px\" \/><\/figure>\n","protected":false},"excerpt":{"rendered":"<p>Zafer Partisi Saray \u0130l\u00e7e Ba\u015fkan\u0131 Atilla Y\u0131lmaz ve Zafer Partisi Tekirda\u011f \u0130l Ba\u015fkan\u0131 Fatih Alt\u0131nta\u015f,&#8230;<\/p>\n","protected":false},"author":1,"featured_media":4707,"comment_status":"open","ping_status":"open","sticky":false,"template":"","format":"standard","meta":{"footnotes":""},"categories":[52,4],"tags":[],"ppma_author":[57],"class_list":["post-4706","post","type-post","status-publish","format-standard","has-post-thumbnail","hentry","category-politika","category-saray"],"authors":[{"term_id":57,"user_id":1,"is_guest":0,"slug":"admin","display_name":"Alp Aslan","avatar_url":"https:\/\/secure.gravatar.com\/avatar\/07c18c5ad3350b025db8f3328450e071acb435c703e565899c880c63362f137a?s=96&d=mm&r=g","author_category":"1","first_name":"Alp Aslan","last_name":"ER\u0130N","user_url":"http:\/\/www.gundem59.com.tr","job_title":"","description":""}],"_links":{"self":[{"href":"https:\/\/gundem59.com.tr\/index.php?rest_route=\/wp\/v2\/posts\/4706","targetHints":{"allow":["GET"]}}],"collection":[{"href":"https:\/\/gundem59.com.tr\/index.php?rest_route=\/wp\/v2\/posts"}],"about":[{"href":"https:\/\/gundem59.com.tr\/index.php?rest_route=\/wp\/v2\/types\/post"}],"author":[{"embeddable":true,"href":"https:\/\/gundem59.com.tr\/index.php?rest_route=\/wp\/v2\/users\/1"}],"replies":[{"embeddable":true,"href":"https:\/\/gundem59.com.tr\/index.php?rest_route=%2Fwp%2Fv2%2Fcomments&post=4706"}],"version-history":[{"count":1,"href":"https:\/\/gundem59.com.tr\/index.php?rest_route=\/wp\/v2\/posts\/4706\/revisions"}],"predecessor-version":[{"id":4710,"href":"https:\/\/gundem59.com.tr\/index.php?rest_route=\/wp\/v2\/posts\/4706\/revisions\/4710"}],"wp:featuredmedia":[{"embeddable":true,"href":"https:\/\/gundem59.com.tr\/index.php?rest_route=\/wp\/v2\/media\/4707"}],"wp:attachment":[{"href":"https:\/\/gundem59.com.tr\/index.php?rest_route=%2Fwp%2Fv2%2Fmedia&parent=4706"}],"wp:term":[{"taxonomy":"category","embeddable":true,"href":"https:\/\/gundem59.com.tr\/index.php?rest_route=%2Fwp%2Fv2%2Fcategories&post=4706"},{"taxonomy":"post_tag","embeddable":true,"href":"https:\/\/gundem59.com.tr\/index.php?rest_route=%2Fwp%2Fv2%2Ftags&post=4706"},{"taxonomy":"author","embeddable":true,"href":"https:\/\/gundem59.com.tr\/index.php?rest_route=%2Fwp%2Fv2%2Fppma_author&post=4706"}],"curies":[{"name":"wp","href":"https:\/\/api.w.org\/{rel}","templated":true}]}}