{"id":457,"date":"2026-04-23T12:41:33","date_gmt":"2026-04-23T12:41:33","guid":{"rendered":"https:\/\/gundem59.com.tr\/?p=457"},"modified":"2026-04-23T12:42:04","modified_gmt":"2026-04-23T12:42:04","slug":"23-nisan-ulusal-egemenlik-ve-cocuk-bayraminda-deniz-kosar-temsili-vali-oldu","status":"publish","type":"post","link":"https:\/\/gundem59.com.tr\/?p=457","title":{"rendered":"23 Nisan Ulusal Egemenlik ve \u00c7ocuk Bayram\u0131\u2019nda Deniz Ko\u015far Temsili Vali Oldu"},"content":{"rendered":"\n<p class=\"wp-block-paragraph\">23 Nisan Ulusal Egemenlik ve \u00c7ocuk Bayram\u0131 kutlamalar\u0131 kapsam\u0131nda Cumhuriyet \u0130lkokulu 4. s\u0131n\u0131f \u00f6\u011frencisi Deniz Ko\u015far, ailesi ve \u0130l Milli E\u011fitim M\u00fcd\u00fcr\u00fc Dr. Abd\u00fclaziz Yeniyol ile birlikte, Valimiz Say\u0131n Recep Soyt\u00fcrk\u2019\u00fc makam\u0131nda ziyaret etti.<\/p>\n\n\n\n<p class=\"wp-block-paragraph\">G\u00fcn\u00fcn an\u0131s\u0131na temsilen Vali olarak Valilik makam koltu\u011funa oturan \u00f6\u011frenci Deniz Ko\u015far \u201cB\u00fct\u00fcn d\u00fcnya \u00e7ocuklar\u0131n\u0131n 23 Nisan Ulusal Egemenlik ve \u00c7ocuk Bayram\u0131\u2019n\u0131 kutluyor, bu anlaml\u0131 g\u00fcn\u00fc t\u00fcm d\u00fcnya \u00e7ocuklar\u0131na arma\u011fan eden Gazi Mustafa Kemal Atat\u00fcrk\u2019\u00fc minnet ve sayg\u0131yla an\u0131yorum.\u201d dedi.<\/p>\n\n\n\n<p class=\"wp-block-paragraph\">Ard\u0131ndan Vali koltu\u011funa oturman\u0131n heyecan\u0131n\u0131 ya\u015fayan Deniz Ko\u015far, \u015fehirle ilgili \u00e7e\u015fitli taleplerini dile getirdi.<\/p>\n\n\n\n<p class=\"wp-block-paragraph\">Vali Soyt\u00fcrk\u2019\u00fcn Deniz Ko\u015far\u2019a hediye takdim etmesi ve g\u00fcn\u00fcn an\u0131s\u0131na hat\u0131ra foto\u011fraf\u0131 \u00e7ekilmesinin ard\u0131ndan ziyaret sona erdi.<\/p>\n\n\n\n<figure class=\"wp-block-image size-large\"><img  title=\"\" loading=\"lazy\" decoding=\"async\" width=\"1024\" height=\"682\" src=\"https:\/\/gundem59.com.tr\/wp-content\/uploads\/2026\/04\/WhatsApp-Image-2026_04_23-at-104947-_1_-1024x682.jpeg\"  alt=\"WhatsApp-Image-2026_04_23-at-104947-_1_-1024x682 23 Nisan Ulusal Egemenlik ve \u00c7ocuk Bayram\u0131\u2019nda Deniz Ko\u015far Temsili Vali Oldu\"  class=\"wp-image-458\" srcset=\"https:\/\/gundem59.com.tr\/wp-content\/uploads\/2026\/04\/WhatsApp-Image-2026_04_23-at-104947-_1_-1024x682.jpeg 1024w, https:\/\/gundem59.com.tr\/wp-content\/uploads\/2026\/04\/WhatsApp-Image-2026_04_23-at-104947-_1_-300x200.jpeg 300w, https:\/\/gundem59.com.tr\/wp-content\/uploads\/2026\/04\/WhatsApp-Image-2026_04_23-at-104947-_1_-768x512.jpeg 768w, https:\/\/gundem59.com.tr\/wp-content\/uploads\/2026\/04\/WhatsApp-Image-2026_04_23-at-104947-_1_-1536x1023.jpeg 1536w, https:\/\/gundem59.com.tr\/wp-content\/uploads\/2026\/04\/WhatsApp-Image-2026_04_23-at-104947-_1_.jpeg 1600w\" sizes=\"auto, (max-width: 1024px) 100vw, 1024px\" \/><\/figure>\n\n\n\n<figure class=\"wp-block-image size-full\"><img  title=\"\" loading=\"lazy\" decoding=\"async\" width=\"800\" height=\"533\" src=\"https:\/\/gundem59.com.tr\/wp-content\/uploads\/2026\/04\/WhatsApp-Image-2026_04_23-at-104947-_2_.jpeg\"  alt=\"WhatsApp-Image-2026_04_23-at-104947-_2_ 23 Nisan Ulusal Egemenlik ve \u00c7ocuk Bayram\u0131\u2019nda Deniz Ko\u015far Temsili Vali Oldu\"  class=\"wp-image-459\" srcset=\"https:\/\/gundem59.com.tr\/wp-content\/uploads\/2026\/04\/WhatsApp-Image-2026_04_23-at-104947-_2_.jpeg 800w, https:\/\/gundem59.com.tr\/wp-content\/uploads\/2026\/04\/WhatsApp-Image-2026_04_23-at-104947-_2_-300x200.jpeg 300w, https:\/\/gundem59.com.tr\/wp-content\/uploads\/2026\/04\/WhatsApp-Image-2026_04_23-at-104947-_2_-768x512.jpeg 768w\" sizes=\"auto, (max-width: 800px) 100vw, 800px\" \/><\/figure>\n\n\n\n<figure class=\"wp-block-image size-full\"><img  title=\"\" loading=\"lazy\" decoding=\"async\" width=\"800\" height=\"533\" src=\"https:\/\/gundem59.com.tr\/wp-content\/uploads\/2026\/04\/WhatsApp-Image-2026_04_23-at-104948.jpeg\"  alt=\"WhatsApp-Image-2026_04_23-at-104948 23 Nisan Ulusal Egemenlik ve \u00c7ocuk Bayram\u0131\u2019nda Deniz Ko\u015far Temsili Vali Oldu\"  class=\"wp-image-460\" srcset=\"https:\/\/gundem59.com.tr\/wp-content\/uploads\/2026\/04\/WhatsApp-Image-2026_04_23-at-104948.jpeg 800w, https:\/\/gundem59.com.tr\/wp-content\/uploads\/2026\/04\/WhatsApp-Image-2026_04_23-at-104948-300x200.jpeg 300w, https:\/\/gundem59.com.tr\/wp-content\/uploads\/2026\/04\/WhatsApp-Image-2026_04_23-at-104948-768x512.jpeg 768w\" sizes=\"auto, (max-width: 800px) 100vw, 800px\" \/><\/figure>\n\n\n\n<figure class=\"wp-block-image size-full\"><img  title=\"\" loading=\"lazy\" decoding=\"async\" width=\"800\" height=\"538\" src=\"https:\/\/gundem59.com.tr\/wp-content\/uploads\/2026\/04\/WhatsApp-Image-2026_04_23-at-104948-_1_.jpeg\"  alt=\"WhatsApp-Image-2026_04_23-at-104948-_1_ 23 Nisan Ulusal Egemenlik ve \u00c7ocuk Bayram\u0131\u2019nda Deniz Ko\u015far Temsili Vali Oldu\"  class=\"wp-image-465\" srcset=\"https:\/\/gundem59.com.tr\/wp-content\/uploads\/2026\/04\/WhatsApp-Image-2026_04_23-at-104948-_1_.jpeg 800w, https:\/\/gundem59.com.tr\/wp-content\/uploads\/2026\/04\/WhatsApp-Image-2026_04_23-at-104948-_1_-300x202.jpeg 300w, https:\/\/gundem59.com.tr\/wp-content\/uploads\/2026\/04\/WhatsApp-Image-2026_04_23-at-104948-_1_-768x516.jpeg 768w\" sizes=\"auto, (max-width: 800px) 100vw, 800px\" \/><\/figure>\n","protected":false},"excerpt":{"rendered":"<p>23 Nisan Ulusal Egemenlik ve \u00c7ocuk Bayram\u0131 kutlamalar\u0131 kapsam\u0131nda Cumhuriyet \u0130lkokulu 4. s\u0131n\u0131f \u00f6\u011frencisi Deniz&#8230;<\/p>\n","protected":false},"author":1,"featured_media":462,"comment_status":"closed","ping_status":"closed","sticky":false,"template":"","format":"standard","meta":{"footnotes":""},"categories":[1],"tags":[],"ppma_author":[57],"class_list":["post-457","post","type-post","status-publish","format-standard","has-post-thumbnail","hentry","category-tekirdag-gundemi"],"authors":[{"term_id":57,"user_id":1,"is_guest":0,"slug":"admin","display_name":"Alp Aslan","avatar_url":"https:\/\/secure.gravatar.com\/avatar\/07c18c5ad3350b025db8f3328450e071acb435c703e565899c880c63362f137a?s=96&d=mm&r=g","author_category":"1","first_name":"Alp Aslan","last_name":"ER\u0130N","user_url":"http:\/\/www.gundem59.com.tr","job_title":"","description":""}],"_links":{"self":[{"href":"https:\/\/gundem59.com.tr\/index.php?rest_route=\/wp\/v2\/posts\/457","targetHints":{"allow":["GET"]}}],"collection":[{"href":"https:\/\/gundem59.com.tr\/index.php?rest_route=\/wp\/v2\/posts"}],"about":[{"href":"https:\/\/gundem59.com.tr\/index.php?rest_route=\/wp\/v2\/types\/post"}],"author":[{"embeddable":true,"href":"https:\/\/gundem59.com.tr\/index.php?rest_route=\/wp\/v2\/users\/1"}],"replies":[{"embeddable":true,"href":"https:\/\/gundem59.com.tr\/index.php?rest_route=%2Fwp%2Fv2%2Fcomments&post=457"}],"version-history":[{"count":2,"href":"https:\/\/gundem59.com.tr\/index.php?rest_route=\/wp\/v2\/posts\/457\/revisions"}],"predecessor-version":[{"id":466,"href":"https:\/\/gundem59.com.tr\/index.php?rest_route=\/wp\/v2\/posts\/457\/revisions\/466"}],"wp:featuredmedia":[{"embeddable":true,"href":"https:\/\/gundem59.com.tr\/index.php?rest_route=\/wp\/v2\/media\/462"}],"wp:attachment":[{"href":"https:\/\/gundem59.com.tr\/index.php?rest_route=%2Fwp%2Fv2%2Fmedia&parent=457"}],"wp:term":[{"taxonomy":"category","embeddable":true,"href":"https:\/\/gundem59.com.tr\/index.php?rest_route=%2Fwp%2Fv2%2Fcategories&post=457"},{"taxonomy":"post_tag","embeddable":true,"href":"https:\/\/gundem59.com.tr\/index.php?rest_route=%2Fwp%2Fv2%2Ftags&post=457"},{"taxonomy":"author","embeddable":true,"href":"https:\/\/gundem59.com.tr\/index.php?rest_route=%2Fwp%2Fv2%2Fppma_author&post=457"}],"curies":[{"name":"wp","href":"https:\/\/api.w.org\/{rel}","templated":true}]}}