{"id":4538,"date":"2026-08-20T22:00:52","date_gmt":"2026-08-20T22:00:52","guid":{"rendered":"https:\/\/gundem59.com.tr\/?p=4538"},"modified":"2026-08-20T22:00:52","modified_gmt":"2026-08-20T22:00:52","slug":"34-aycicegi-festivali-hayraboluda-basladi","status":"publish","type":"post","link":"https:\/\/gundem59.com.tr\/?p=4538","title":{"rendered":"34. Ay\u00e7i\u00e7e\u011fi Festivali Hayrabolu&#8217;da Ba\u015flad\u0131"},"content":{"rendered":"\n<p class=\"wp-block-paragraph\">Tekirda\u011f&#8217;\u0131n Hayrabolu il\u00e7esinde bu y\u0131l 34&#8217;\u00fcnc\u00fcs\u00fc d\u00fczenlenen Ay\u00e7i\u00e7e\u011fi Festivali ba\u015flad\u0131. D\u00f6rt g\u00fcn s\u00fcrecek festivalin a\u00e7\u0131l\u0131\u015f program\u0131 H\u00fck\u00fcmet Kona\u011f\u0131 \u00f6n\u00fcnde ger\u00e7ekle\u015ftirildi.<\/p>\n\n\n\n<p class=\"wp-block-paragraph\">Programda Atat\u00fcrk An\u0131t\u0131&#8217;na \u00e7elenk sunulmas\u0131n\u0131n ard\u0131ndan sayg\u0131 duru\u015funda bulunuldu ve \u0130stiklal Mar\u015f\u0131 okundu.<\/p>\n\n\n\n<p class=\"wp-block-paragraph\">Tekirda\u011f Valisi Recep Soyt\u00fcrk, t\u00f6rende yapt\u0131\u011f\u0131 konu\u015fmada Tekirda\u011f&#8217;\u0131n \u00f6nemli bir tar\u0131m kenti oldu\u011funu belirtti. Bu y\u0131l iklim ko\u015fullar\u0131n\u0131n tar\u0131msal \u00fcretim a\u00e7\u0131s\u0131ndan elveri\u015fli ge\u00e7ti\u011fini ifade eden Soyt\u00fcrk, baz\u0131 b\u00f6lgelerde bu\u011fday veriminin dekarda 1150 kilograma ula\u015ft\u0131\u011f\u0131n\u0131 s\u00f6yledi.<\/p>\n\n\n\n<p class=\"wp-block-paragraph\">Tekirda\u011f&#8217;\u0131n ay\u00e7i\u00e7e\u011fi \u00fcretiminde de \u00f6nemli bir yere sahip oldu\u011funu belirten Soyt\u00fcrk, T\u00fcrkiye&#8217;deki ay\u00e7i\u00e7e\u011fi \u00fcretiminin yakla\u015f\u0131k yar\u0131s\u0131n\u0131n Trakya&#8217;da ger\u00e7ekle\u015ftirildi\u011fini, bunun \u00f6nemli b\u00f6l\u00fcm\u00fcn\u00fcn Tekirda\u011f&#8217;dan kar\u015f\u0131land\u0131\u011f\u0131n\u0131 kaydetti. Soyt\u00fcrk, kentteki topraklar\u0131n yakla\u015f\u0131k y\u00fczde 40&#8217;\u0131nda ay\u00e7i\u00e7e\u011fi ekimi yap\u0131ld\u0131\u011f\u0131n\u0131 ve \u00fcr\u00fcn\u00fcn kent ile \u00fclke ekonomisine \u00f6nemli katk\u0131 sa\u011flad\u0131\u011f\u0131n\u0131 ifade etti.<\/p>\n\n\n\n<p class=\"wp-block-paragraph\">Hayrabolu Belediye Ba\u015fkan\u0131 Tuncer Ba\u015fo\u011flu ise festivallerin karde\u015flik, birlik ve beraberli\u011fi peki\u015ftirdi\u011fini belirtti. Ay\u00e7i\u00e7e\u011fi Festivali&#8217;nin Trakya&#8217;n\u0131n en eski festivallerinden biri oldu\u011funu s\u00f6yleyen Ba\u015fo\u011flu, etkinli\u011fin y\u0131llard\u0131r s\u00fcrd\u00fcr\u00fclen bir gelene\u011fi gelecek nesillere aktard\u0131\u011f\u0131n\u0131 dile getirdi.<\/p>\n\n\n\n<p class=\"wp-block-paragraph\">Ay\u00e7i\u00e7e\u011finin b\u00f6lge i\u00e7in yaln\u0131zca bir tar\u0131m \u00fcr\u00fcn\u00fc olmad\u0131\u011f\u0131n\u0131 belirten Ba\u015fo\u011flu, \u00fcr\u00fcn\u00fcn \u00e7ift\u00e7inin eme\u011fini ve Trakya&#8217;n\u0131n simgelerinden birini temsil etti\u011fini s\u00f6yledi.<\/p>\n\n\n\n<p class=\"wp-block-paragraph\">Konu\u015fmalar\u0131n ard\u0131ndan protokol \u00fcyeleri, Edirne Belediye Bandosu, halk oyunlar\u0131 ekipleri, \u00f6\u011frenciler ve vatanda\u015flar\u0131n kat\u0131l\u0131m\u0131yla kortej y\u00fcr\u00fcy\u00fc\u015f\u00fc ger\u00e7ekle\u015ftirildi. Y\u00fcr\u00fcy\u00fc\u015f\u00fcn ard\u0131ndan festivalin a\u00e7\u0131l\u0131\u015f kurdelesi AK Parti Tekirda\u011f Milletvekili Mestan \u00d6zcan, Belediye Ba\u015fkan\u0131 Tuncer Ba\u015fo\u011flu, AK Parti Tekirda\u011f \u0130l Ba\u015fkan\u0131 Ali G\u00fcm\u00fc\u015f ve il\u00e7e belediye ba\u015fkanlar\u0131 taraf\u0131ndan kesildi.<\/p>\n\n\n\n<p class=\"wp-block-paragraph\">Festival kapsam\u0131nda konserler, ay\u00e7i\u00e7e\u011fi lezzet yar\u0131\u015fmas\u0131, T\u00fcrkiye Motokros \u015eampiyonas\u0131&#8217;n\u0131n 4. ayak yar\u0131\u015flar\u0131 ve BMU Do\u011fu Avrupa Motokros \u015eampiyonas\u0131 etkinlikleri d\u00fczenlenecek.<\/p>\n","protected":false},"excerpt":{"rendered":"<p>Tekirda\u011f&#8217;\u0131n Hayrabolu il\u00e7esinde bu y\u0131l 34&#8217;\u00fcnc\u00fcs\u00fc d\u00fczenlenen Ay\u00e7i\u00e7e\u011fi Festivali ba\u015flad\u0131. D\u00f6rt g\u00fcn s\u00fcrecek festivalin a\u00e7\u0131l\u0131\u015f&#8230;<\/p>\n","protected":false},"author":1,"featured_media":4539,"comment_status":"open","ping_status":"open","sticky":false,"template":"","format":"standard","meta":{"footnotes":""},"categories":[13],"tags":[],"ppma_author":[57],"class_list":["post-4538","post","type-post","status-publish","format-standard","has-post-thumbnail","hentry","category-hayrabolu"],"authors":[{"term_id":57,"user_id":1,"is_guest":0,"slug":"admin","display_name":"Alp Aslan","avatar_url":"https:\/\/secure.gravatar.com\/avatar\/07c18c5ad3350b025db8f3328450e071acb435c703e565899c880c63362f137a?s=96&d=mm&r=g","author_category":"1","first_name":"Alp Aslan","last_name":"ER\u0130N","user_url":"http:\/\/www.gundem59.com.tr","job_title":"","description":""}],"_links":{"self":[{"href":"https:\/\/gundem59.com.tr\/index.php?rest_route=\/wp\/v2\/posts\/4538","targetHints":{"allow":["GET"]}}],"collection":[{"href":"https:\/\/gundem59.com.tr\/index.php?rest_route=\/wp\/v2\/posts"}],"about":[{"href":"https:\/\/gundem59.com.tr\/index.php?rest_route=\/wp\/v2\/types\/post"}],"author":[{"embeddable":true,"href":"https:\/\/gundem59.com.tr\/index.php?rest_route=\/wp\/v2\/users\/1"}],"replies":[{"embeddable":true,"href":"https:\/\/gundem59.com.tr\/index.php?rest_route=%2Fwp%2Fv2%2Fcomments&post=4538"}],"version-history":[{"count":1,"href":"https:\/\/gundem59.com.tr\/index.php?rest_route=\/wp\/v2\/posts\/4538\/revisions"}],"predecessor-version":[{"id":4540,"href":"https:\/\/gundem59.com.tr\/index.php?rest_route=\/wp\/v2\/posts\/4538\/revisions\/4540"}],"wp:featuredmedia":[{"embeddable":true,"href":"https:\/\/gundem59.com.tr\/index.php?rest_route=\/wp\/v2\/media\/4539"}],"wp:attachment":[{"href":"https:\/\/gundem59.com.tr\/index.php?rest_route=%2Fwp%2Fv2%2Fmedia&parent=4538"}],"wp:term":[{"taxonomy":"category","embeddable":true,"href":"https:\/\/gundem59.com.tr\/index.php?rest_route=%2Fwp%2Fv2%2Fcategories&post=4538"},{"taxonomy":"post_tag","embeddable":true,"href":"https:\/\/gundem59.com.tr\/index.php?rest_route=%2Fwp%2Fv2%2Ftags&post=4538"},{"taxonomy":"author","embeddable":true,"href":"https:\/\/gundem59.com.tr\/index.php?rest_route=%2Fwp%2Fv2%2Fppma_author&post=4538"}],"curies":[{"name":"wp","href":"https:\/\/api.w.org\/{rel}","templated":true}]}}