{"id":4530,"date":"2026-08-20T11:51:41","date_gmt":"2026-08-20T11:51:41","guid":{"rendered":"https:\/\/gundem59.com.tr\/?p=4530"},"modified":"2026-08-20T11:51:42","modified_gmt":"2026-08-20T11:51:42","slug":"istanbulda-yine-deprem-oldu-adalar-aciklarinda-31-buyuklugunde-sarsinti","status":"publish","type":"post","link":"https:\/\/gundem59.com.tr\/?p=4530","title":{"rendered":"\u0130stanbul\u2019da yine deprem oldu! Adalar a\u00e7\u0131klar\u0131nda 3,1 b\u00fcy\u00fckl\u00fc\u011f\u00fcnde sars\u0131nt\u0131"},"content":{"rendered":"\n<p class=\"wp-block-paragraph\">\u0130stanbul\u2019da son g\u00fcnlerde devam eden sismik hareketlili\u011fe bir deprem daha eklendi. Adalar a\u00e7\u0131klar\u0131nda saat 11.30\u2019da 3,1 b\u00fcy\u00fckl\u00fc\u011f\u00fcnde bir sars\u0131nt\u0131 meydana geldi. Depremin derinli\u011fi 11 kilometre olarak \u00f6l\u00e7\u00fcld\u00fc.<\/p>\n\n\n\n<p class=\"wp-block-paragraph\">Sal\u0131 g\u00fcn\u00fcnden bu yana b\u00f6lgede 70\u2019in \u00fczerinde mikro deprem kaydedildi\u011fi bildirildi. Marmara Denizi i\u00e7erisindeki Kuzey Anadolu Fay Hatt\u0131\u2019n\u0131n (KAF) uzant\u0131s\u0131nda ya\u015fanan hareketlilik, \u0130stanbul\u2019da deprem tedirginli\u011fini yeniden art\u0131rd\u0131.<\/p>\n\n\n\n<figure class=\"wp-block-image size-full\"><img  title=\"\" loading=\"lazy\" decoding=\"async\" width=\"640\" height=\"531\" src=\"https:\/\/gundem59.com.tr\/wp-content\/uploads\/2026\/08\/istanbulda-yine-deprem-oldu-20160692-2625_1_m.webp\"  alt=\"istanbulda-yine-deprem-oldu-20160692-2625_1_m \u0130stanbul\u2019da yine deprem oldu! Adalar a\u00e7\u0131klar\u0131nda 3,1 b\u00fcy\u00fckl\u00fc\u011f\u00fcnde sars\u0131nt\u0131\"  class=\"wp-image-4532\" srcset=\"https:\/\/gundem59.com.tr\/wp-content\/uploads\/2026\/08\/istanbulda-yine-deprem-oldu-20160692-2625_1_m.webp 640w, https:\/\/gundem59.com.tr\/wp-content\/uploads\/2026\/08\/istanbulda-yine-deprem-oldu-20160692-2625_1_m-300x249.webp 300w\" sizes=\"auto, (max-width: 640px) 100vw, 640px\" \/><\/figure>\n\n\n\n<h2 class=\"wp-block-heading\">Son 3 g\u00fcnde 70\u2019ten fazla deprem<\/h2>\n\n\n\n<p class=\"wp-block-paragraph\">Beklenen olas\u0131 \u0130stanbul depremi nedeniyle yak\u0131ndan takip edilen KAF\u2019\u0131n Prens Adalar\u0131 Segmenti \u00e7evresinde sal\u0131 g\u00fcn\u00fcnden bu yana 70\u2019in \u00fczerinde mikro deprem meydana geldi\u011fi belirtildi.<\/p>\n\n\n\n<p class=\"wp-block-paragraph\">Son olarak bug\u00fcn saat 11.30\u2019da Adalar a\u00e7\u0131klar\u0131nda kaydedilen 3,1 b\u00fcy\u00fckl\u00fc\u011f\u00fcndeki deprem, b\u00f6lgede devam eden sismik hareketlili\u011fin yeni bir g\u00f6stergesi oldu.<\/p>\n\n\n\n<p class=\"wp-block-paragraph\">Depremin 11 kilometre derinlikte ger\u00e7ekle\u015fti\u011fi bildirildi.<\/p>\n\n\n\n<h2 class=\"wp-block-heading\">\u00c7ar\u015famba g\u00fcn\u00fc sismik hareketlilik artt\u0131<\/h2>\n\n\n\n<p class=\"wp-block-paragraph\">B\u00f6lgede sismik hareketlili\u011fin \u00f6zellikle \u00e7ar\u015famba g\u00fcn\u00fc \u00f6\u011fleden sonra yo\u011funla\u015ft\u0131\u011f\u0131 belirtildi.<\/p>\n\n\n\n<p class=\"wp-block-paragraph\">Saat 16.00\u2019dan itibaren art arda k\u00fc\u00e7\u00fck sars\u0131nt\u0131lar meydana gelirken, saat 17.43\u2019te kaydedilen 3,2 b\u00fcy\u00fckl\u00fc\u011f\u00fcndeki deprem, bu s\u00fcre\u00e7teki en b\u00fcy\u00fck sars\u0131nt\u0131 olarak \u00f6ne \u00e7\u0131kt\u0131.<\/p>\n\n\n\n<p class=\"wp-block-paragraph\">S\u0131\u011f derinlikte ger\u00e7ekle\u015fen 3,2 b\u00fcy\u00fckl\u00fc\u011f\u00fcndeki deprem, \u00f6zellikle \u0130stanbul\u2019un Anadolu Yakas\u0131\u2019ndaki k\u0131y\u0131 b\u00f6lgelerinde ya\u015fayan baz\u0131 vatanda\u015flar taraf\u0131ndan hissedildi.<\/p>\n\n\n\n<h2 class=\"wp-block-heading\">Gece boyunca 42 mikro deprem kaydedildi<\/h2>\n\n\n\n<p class=\"wp-block-paragraph\">3,2 b\u00fcy\u00fckl\u00fc\u011f\u00fcndeki depremin ard\u0131ndan b\u00f6lgedeki hareketlilik gece saatlerinde de devam etti.<\/p>\n\n\n\n<p class=\"wp-block-paragraph\">\u00c7ar\u015famba ak\u015fam\u00fcst\u00fcnden per\u015fembe sabah\u0131na kadar b\u00fcy\u00fckl\u00fckleri 2,0 ile 2,7 aras\u0131nda de\u011fi\u015fen \u00e7ok say\u0131da sars\u0131nt\u0131 kaydedildi.<\/p>\n\n\n\n<p class=\"wp-block-paragraph\">Bu zaman diliminde, b\u00fcy\u00fckl\u00fc\u011f\u00fc 3,2\u2019nin \u00fczerine \u00e7\u0131kmayan toplam 42 mikro depremin meydana geldi\u011fi bildirildi.<\/p>\n\n\n\n<p class=\"wp-block-paragraph\">Adalar a\u00e7\u0131klar\u0131nda bug\u00fcn meydana gelen 3,1 b\u00fcy\u00fckl\u00fc\u011f\u00fcndeki yeni sars\u0131nt\u0131yla birlikte b\u00f6lgedeki hareketlilik yeniden g\u00fcndeme geldi. Uzmanlar taraf\u0131ndan yap\u0131lacak de\u011ferlendirmeler, s\u00f6z konusu depremlerin b\u00f6lgedeki fay hareketlili\u011fi a\u00e7\u0131s\u0131ndan ne ifade etti\u011finin anla\u015f\u0131lmas\u0131 a\u00e7\u0131s\u0131ndan \u00f6nem ta\u015f\u0131yor.<\/p>\n\n\n\n<p class=\"wp-block-paragraph\">Deprem haberlerinde b\u00fcy\u00fckl\u00fck ve derinlik bilgilerinin resmi sismoloji kurumlar\u0131n\u0131n g\u00fcncel kay\u0131tlar\u0131 \u00fczerinden takip edilmesi gerekiyor.<\/p>\n","protected":false},"excerpt":{"rendered":"<p>\u0130stanbul\u2019da son g\u00fcnlerde devam eden sismik hareketlili\u011fe bir deprem daha eklendi. Adalar a\u00e7\u0131klar\u0131nda saat 11.30\u2019da&#8230;<\/p>\n","protected":false},"author":1,"featured_media":4531,"comment_status":"open","ping_status":"open","sticky":false,"template":"","format":"standard","meta":{"footnotes":""},"categories":[59],"tags":[],"ppma_author":[57],"class_list":["post-4530","post","type-post","status-publish","format-standard","has-post-thumbnail","hentry","category-son-dakika"],"authors":[{"term_id":57,"user_id":1,"is_guest":0,"slug":"admin","display_name":"Alp Aslan","avatar_url":"https:\/\/secure.gravatar.com\/avatar\/07c18c5ad3350b025db8f3328450e071acb435c703e565899c880c63362f137a?s=96&d=mm&r=g","author_category":"1","first_name":"Alp Aslan","last_name":"ER\u0130N","user_url":"http:\/\/www.gundem59.com.tr","job_title":"","description":""}],"_links":{"self":[{"href":"https:\/\/gundem59.com.tr\/index.php?rest_route=\/wp\/v2\/posts\/4530","targetHints":{"allow":["GET"]}}],"collection":[{"href":"https:\/\/gundem59.com.tr\/index.php?rest_route=\/wp\/v2\/posts"}],"about":[{"href":"https:\/\/gundem59.com.tr\/index.php?rest_route=\/wp\/v2\/types\/post"}],"author":[{"embeddable":true,"href":"https:\/\/gundem59.com.tr\/index.php?rest_route=\/wp\/v2\/users\/1"}],"replies":[{"embeddable":true,"href":"https:\/\/gundem59.com.tr\/index.php?rest_route=%2Fwp%2Fv2%2Fcomments&post=4530"}],"version-history":[{"count":1,"href":"https:\/\/gundem59.com.tr\/index.php?rest_route=\/wp\/v2\/posts\/4530\/revisions"}],"predecessor-version":[{"id":4533,"href":"https:\/\/gundem59.com.tr\/index.php?rest_route=\/wp\/v2\/posts\/4530\/revisions\/4533"}],"wp:featuredmedia":[{"embeddable":true,"href":"https:\/\/gundem59.com.tr\/index.php?rest_route=\/wp\/v2\/media\/4531"}],"wp:attachment":[{"href":"https:\/\/gundem59.com.tr\/index.php?rest_route=%2Fwp%2Fv2%2Fmedia&parent=4530"}],"wp:term":[{"taxonomy":"category","embeddable":true,"href":"https:\/\/gundem59.com.tr\/index.php?rest_route=%2Fwp%2Fv2%2Fcategories&post=4530"},{"taxonomy":"post_tag","embeddable":true,"href":"https:\/\/gundem59.com.tr\/index.php?rest_route=%2Fwp%2Fv2%2Ftags&post=4530"},{"taxonomy":"author","embeddable":true,"href":"https:\/\/gundem59.com.tr\/index.php?rest_route=%2Fwp%2Fv2%2Fppma_author&post=4530"}],"curies":[{"name":"wp","href":"https:\/\/api.w.org\/{rel}","templated":true}]}}