{"id":4524,"date":"2026-08-20T11:33:35","date_gmt":"2026-08-20T11:33:35","guid":{"rendered":"https:\/\/gundem59.com.tr\/?p=4524"},"modified":"2026-08-20T11:33:35","modified_gmt":"2026-08-20T11:33:35","slug":"bocekin-ifadesi-sonrasi-dikkat-ceken-baz-raporu-imamoglu-ile-gorusmelerine-iliskin-yeni-iddialar","status":"publish","type":"post","link":"https:\/\/gundem59.com.tr\/?p=4524","title":{"rendered":"B\u00f6cek\u2019in ifadesi sonras\u0131 dikkat \u00e7eken \u201cbaz\u201d raporu: \u0130mamo\u011flu ile g\u00f6r\u00fc\u015fmelerine ili\u015fkin yeni iddialar"},"content":{"rendered":"\n<p class=\"wp-block-paragraph\">\u0130stanbul Cumhuriyet Ba\u015fsavc\u0131l\u0131\u011f\u0131 taraf\u0131ndan y\u00fcr\u00fct\u00fclen soru\u015fturma kapsam\u0131nda dosyaya giren \u201cdaralt\u0131lm\u0131\u015f baz\u201d raporunda, Antalya B\u00fcy\u00fck\u015fehir Belediye Ba\u015fkan\u0131 Muhittin B\u00f6cek ile Ekrem \u0130mamo\u011flu\u2019nun baz\u0131 tarihlerde \u0130stanbul\u2019da ayn\u0131 b\u00f6lgelerde bulundu\u011funa ili\u015fkin tespitlerin yer ald\u0131\u011f\u0131 bildirildi.<\/p>\n\n\n\n<p class=\"wp-block-paragraph\">B\u00f6cek\u2019in 16 A\u011fustos 2026 tarihinde verdi\u011fi ek ifadede, \u0130mamo\u011flu\u2019nun kendisinden belediye ba\u015fkan adayl\u0131\u011f\u0131 konusunda 15 milyon Euro maddi destek istedi\u011fini ve bunun 5 milyon Euro\u2019luk b\u00f6l\u00fcm\u00fcn\u00fc \u0130stanbul \u00fczerinden g\u00f6nderdi\u011fini iddia etti\u011fi aktar\u0131ld\u0131. S\u00f6z konusu iddialar\u0131n teknik takip kay\u0131tlar\u0131yla da \u00f6rt\u00fc\u015ft\u00fc\u011f\u00fc \u00f6ne s\u00fcr\u00fcld\u00fc.<\/p>\n\n\n\n<p class=\"wp-block-paragraph\">Dosyaya giren daralt\u0131lm\u0131\u015f baz analizinde, iki ismin telefonlar\u0131n\u0131n yaln\u0131zca ayn\u0131 il veya il\u00e7e s\u0131n\u0131rlar\u0131 i\u00e7erisinde de\u011fil, belirli saat aral\u0131klar\u0131nda ayn\u0131 baz h\u00fccrelerinde sinyal verdi\u011fi belirtildi.<\/p>\n\n\n\n<h2 class=\"wp-block-heading\">30 Kas\u0131m 2023\u2019teki otel g\u00f6r\u00fc\u015fmesine ili\u015fkin tespit<\/h2>\n\n\n\n<p class=\"wp-block-paragraph\">B\u00f6cek\u2019in ifadesinde, 15 milyon Euro\u2019luk maddi destek talebinin ilk kez 30 Kas\u0131m 2023 tarihinde \u0130stanbul Be\u015fikta\u015f\u2019taki Renaissance \u0130stanbul Polat Bosphorus Hotel\u2019de yap\u0131lan g\u00f6r\u00fc\u015fmede g\u00fcndeme geldi\u011fini s\u00f6yledi\u011fi aktar\u0131ld\u0131.<\/p>\n\n\n\n<p class=\"wp-block-paragraph\">Dosyadaki baz kay\u0131tlar\u0131na ili\u015fkin de\u011ferlendirmede, B\u00f6cek\u2019in saat 12.10 s\u0131ralar\u0131nda \u0130stanbul\u2019a geldi\u011fi ve Be\u015fikta\u015f\u2019a ge\u00e7ti\u011fi, \u0130mamo\u011flu\u2019nun ise saat 14.55 s\u0131ralar\u0131nda Sar\u0131yer\u2019den Be\u015fikta\u015f\u2019a geldi\u011fi belirtildi.<\/p>\n\n\n\n<p class=\"wp-block-paragraph\">Raporda, iki ki\u015finin telefonlar\u0131n\u0131n 15.00-16.00 saatleri aras\u0131nda Barbaros Caddesi \u00fczerindeki otelin bulundu\u011fu daralt\u0131lm\u0131\u015f baz istasyonu b\u00f6lgesinden sinyal verdi\u011fi kaydedildi.<\/p>\n\n\n\n<p class=\"wp-block-paragraph\">Raporda yer alan de\u011ferlendirmede, iki ki\u015finin s\u00f6z konusu saat aral\u0131\u011f\u0131nda Be\u015fikta\u015f il\u00e7esindeki otelde g\u00f6r\u00fc\u015ft\u00fcklerine ili\u015fkin tespit bulundu\u011fu aktar\u0131ld\u0131.<\/p>\n\n\n\n<h2 class=\"wp-block-heading\">17 Aral\u0131k\u2019ta \u015ei\u015fli\u2019deki bulu\u015fma iddias\u0131<\/h2>\n\n\n\n<p class=\"wp-block-paragraph\">Soru\u015fturma dosyas\u0131ndaki ikinci dikkat \u00e7ekici tarih ise 17 Aral\u0131k 2023 olarak g\u00f6sterildi.<\/p>\n\n\n\n<p class=\"wp-block-paragraph\">B\u00f6cek\u2019in ifadesinde, \u0130stanbul\u2019a g\u00f6nderildi\u011fini belirtti\u011fi 5 milyon Euro\u2019luk \u00f6demenin teslimat\u0131yla ba\u011flant\u0131l\u0131 olarak \u015ei\u015fli\u2019de y\u00fcksek katl\u0131 bir plazada bir zarf teslim etti\u011fini s\u00f6yledi\u011fi aktar\u0131ld\u0131.<\/p>\n\n\n\n<p class=\"wp-block-paragraph\">Dosyadaki baz analizinde ise B\u00f6cek\u2019in saat 16.27 s\u0131ralar\u0131nda \u015ei\u015fli\u2019ye ula\u015ft\u0131\u011f\u0131, \u0130mamo\u011flu\u2019nun ise saat 12.10\u2019dan itibaren \u015ei\u015fli\u2019de bulundu\u011fu belirtildi.<\/p>\n\n\n\n<p class=\"wp-block-paragraph\">Raporda, 16.30-17.30 saatleri aras\u0131nda iki ki\u015finin telefonlar\u0131n\u0131n \u015ei\u015fli genelinden ayr\u0131\u015ft\u0131r\u0131larak plazan\u0131n bulundu\u011fu spesifik baz h\u00fccresinde ayn\u0131 anda sinyal verdi\u011fi ileri s\u00fcr\u00fcld\u00fc.<\/p>\n\n\n\n<p class=\"wp-block-paragraph\">Raporda ayr\u0131ca B\u00f6cek\u2019in 17 Aral\u0131k g\u00fcn\u00fc saat 17.35 s\u0131ralar\u0131nda \u015ei\u015fli\u2019den ayr\u0131ld\u0131\u011f\u0131, \u0130mamo\u011flu\u2019nun ise saat 18.37\u2019ye kadar \u015ei\u015fli\u2019de bulundu\u011fu kaydedildi.<\/p>\n\n\n\n<h2 class=\"wp-block-heading\">B\u00f6cek\u2019in 16 A\u011fustos tarihli ek ifadesi<\/h2>\n\n\n\n<p class=\"wp-block-paragraph\">Muhittin B\u00f6cek\u2019in etkin pi\u015fmanl\u0131k kapsam\u0131nda 16 A\u011fustos tarihinde verdi\u011fi belirtilen ek ifadesinde, \u0130mamo\u011flu ile 30 Kas\u0131m 2023 tarihinde \u0130stanbul\u2019da yapt\u0131\u011f\u0131 g\u00f6r\u00fc\u015fmeye ili\u015fkin ayr\u0131nt\u0131lar yer ald\u0131.<\/p>\n\n\n\n<p class=\"wp-block-paragraph\">B\u00f6cek, ifadesinde Muratpa\u015fa Belediye Ba\u015fkan\u0131\u2019n\u0131n \u0130mamo\u011flu ile g\u00f6r\u00fc\u015ft\u00fc\u011f\u00fcn\u00fc ve belediye ba\u015fkan adayl\u0131klar\u0131n\u0131n belirlenmesi konusunda baz\u0131 g\u00fcvenceler verildi\u011fini \u00f6\u011frendi\u011fini \u00f6ne s\u00fcrd\u00fc.<\/p>\n\n\n\n<p class=\"wp-block-paragraph\">Bunun \u00fczerine \u00f6zel kalem m\u00fcd\u00fcr\u00fc Yasin Yellice ile birlikte \u0130stanbul\u2019a geldi\u011fini belirten B\u00f6cek, Renaissance \u0130stanbul Polat Bosphorus Hotel\u2019de \u0130mamo\u011flu ile g\u00f6r\u00fc\u015ft\u00fc\u011f\u00fcn\u00fc anlatt\u0131.<\/p>\n\n\n\n<p class=\"wp-block-paragraph\">B\u00f6cek\u2019in iddias\u0131na g\u00f6re \u0130mamo\u011flu, ba\u015fka bir ki\u015fiye adayl\u0131k s\u00f6z\u00fc vermedi\u011fini, tercihini kendisinden yana kullanaca\u011f\u0131n\u0131 ancak bunun kar\u015f\u0131l\u0131\u011f\u0131nda yakla\u015f\u0131k 15 milyon Euro maddi destek istedi\u011fini s\u00f6yledi.<\/p>\n\n\n\n<p class=\"wp-block-paragraph\">B\u00f6cek, kendisinin de bu miktar\u0131 zaman i\u00e7erisinde kar\u015f\u0131layabilece\u011fini s\u00f6yledi\u011fini ifade etti.<\/p>\n\n\n\n<h2 class=\"wp-block-heading\">\u201c5 milyon Euro\u201d i\u00e7in havala iddias\u0131<\/h2>\n\n\n\n<p class=\"wp-block-paragraph\">B\u00f6cek, \u0130stanbul\u2019daki g\u00f6r\u00fc\u015fmenin ard\u0131ndan Antalya\u2019ya d\u00f6nd\u00fc\u011f\u00fcn\u00fc ve se\u00e7im b\u00fct\u00e7esi i\u00e7in ay\u0131rd\u0131\u011f\u0131 paran\u0131n bir b\u00f6l\u00fcm\u00fcn\u00fc \u0130stanbul\u2019daki \u00f6deme i\u00e7in kullanmaya karar verdi\u011fini \u00f6ne s\u00fcrd\u00fc.<\/p>\n\n\n\n<p class=\"wp-block-paragraph\">\u0130fadesinde, ismini vermek istemedi\u011fi bir dostundan da destek istedi\u011fini ve bu ki\u015finin kendisine bor\u00e7 olarak ek para vermeyi kabul etti\u011fini anlatt\u0131.<\/p>\n\n\n\n<p class=\"wp-block-paragraph\">B\u00f6cek, toplam 5 milyon Euro\u2019nun teslim edilmesi i\u00e7in \u201chavala\u201d olarak adland\u0131rd\u0131\u011f\u0131 bir sistemden bahsedildi\u011fini, paran\u0131n elden g\u00f6t\u00fcr\u00fclmesi yerine bu y\u00f6ntemle teslim edilmesinin \u00f6nerildi\u011fini s\u00f6yledi.<\/p>\n\n\n\n<p class=\"wp-block-paragraph\">\u0130fadesine g\u00f6re s\u00f6z konusu ki\u015fi, yan\u0131nda bulunan 100 liral\u0131k banknotun foto\u011fraf\u0131n\u0131 \u00e7ekerek \u0130stanbul\u2019daki \u00f6demeyi ger\u00e7ekle\u015ftirecek ki\u015fiye g\u00f6nderece\u011fini belirtti.<\/p>\n\n\n\n<p class=\"wp-block-paragraph\">B\u00f6cek, ayn\u0131 100 liral\u0131k banknotu \u00fczerine bir isim ve telefon numaras\u0131 yaz\u0131l\u0131 notla birlikte bir zarfa koyarak kendisine verdi\u011fini ve bu zarf\u0131n \u0130stanbul\u2019da \u00f6deme yap\u0131lacak ki\u015fiye teslim edilmesinin istendi\u011fini iddia etti.<\/p>\n\n\n\n<h2 class=\"wp-block-heading\">Baz kay\u0131tlar\u0131 dosyan\u0131n \u00f6nemli ba\u015fl\u0131klar\u0131ndan biri oldu<\/h2>\n\n\n\n<p class=\"wp-block-paragraph\">Soru\u015fturma dosyas\u0131na giren daralt\u0131lm\u0131\u015f baz raporunda yer ald\u0131\u011f\u0131 belirtilen tespitler, B\u00f6cek\u2019in anlat\u0131mlar\u0131nda ge\u00e7en 30 Kas\u0131m ve 17 Aral\u0131k 2023 tarihlerindeki \u0130stanbul ziyaretleriyle ilgili olarak dikkat \u00e7ekti.<\/p>\n\n\n\n<p class=\"wp-block-paragraph\">Ancak baz istasyonu verilerinin tek ba\u015f\u0131na ki\u015filerin kesin olarak ayn\u0131 bina veya odada bulundu\u011funu g\u00f6sterip g\u00f6stermedi\u011fi, g\u00f6r\u00fc\u015fmenin i\u00e7eri\u011finin ne oldu\u011fu ve B\u00f6cek\u2019in ileri s\u00fcrd\u00fc\u011f\u00fc para transferinin ger\u00e7ekle\u015fip ger\u00e7ekle\u015fmedi\u011fi gibi hususlar\u0131n soru\u015fturma ve yarg\u0131lama s\u00fcrecinde ayr\u0131ca de\u011ferlendirilmesi gerekiyor.<\/p>\n\n\n\n<p class=\"wp-block-paragraph\">Dosyada yer ald\u0131\u011f\u0131 aktar\u0131lan rapor ve ifadeler, \u015fu a\u015famada soru\u015fturma makamlar\u0131n\u0131n de\u011ferlendirmeleri ve san\u0131k\/\u015f\u00fcpheli beyanlar\u0131 kapsam\u0131nda bulunuyor. \u0130ddialar\u0131n kesinle\u015fmi\u015f bir yarg\u0131 karar\u0131 anlam\u0131na gelmedi\u011fi de \u00f6nem ta\u015f\u0131yor.<\/p>\n","protected":false},"excerpt":{"rendered":"<p>\u0130stanbul Cumhuriyet Ba\u015fsavc\u0131l\u0131\u011f\u0131 taraf\u0131ndan y\u00fcr\u00fct\u00fclen soru\u015fturma kapsam\u0131nda dosyaya giren \u201cdaralt\u0131lm\u0131\u015f baz\u201d raporunda, Antalya B\u00fcy\u00fck\u015fehir Belediye&#8230;<\/p>\n","protected":false},"author":1,"featured_media":4525,"comment_status":"open","ping_status":"open","sticky":false,"template":"","format":"standard","meta":{"footnotes":""},"categories":[56],"tags":[],"ppma_author":[57],"class_list":["post-4524","post","type-post","status-publish","format-standard","has-post-thumbnail","hentry","category-guncel"],"authors":[{"term_id":57,"user_id":1,"is_guest":0,"slug":"admin","display_name":"Alp Aslan","avatar_url":"https:\/\/secure.gravatar.com\/avatar\/07c18c5ad3350b025db8f3328450e071acb435c703e565899c880c63362f137a?s=96&d=mm&r=g","author_category":"1","first_name":"Alp Aslan","last_name":"ER\u0130N","user_url":"http:\/\/www.gundem59.com.tr","job_title":"","description":""}],"_links":{"self":[{"href":"https:\/\/gundem59.com.tr\/index.php?rest_route=\/wp\/v2\/posts\/4524","targetHints":{"allow":["GET"]}}],"collection":[{"href":"https:\/\/gundem59.com.tr\/index.php?rest_route=\/wp\/v2\/posts"}],"about":[{"href":"https:\/\/gundem59.com.tr\/index.php?rest_route=\/wp\/v2\/types\/post"}],"author":[{"embeddable":true,"href":"https:\/\/gundem59.com.tr\/index.php?rest_route=\/wp\/v2\/users\/1"}],"replies":[{"embeddable":true,"href":"https:\/\/gundem59.com.tr\/index.php?rest_route=%2Fwp%2Fv2%2Fcomments&post=4524"}],"version-history":[{"count":1,"href":"https:\/\/gundem59.com.tr\/index.php?rest_route=\/wp\/v2\/posts\/4524\/revisions"}],"predecessor-version":[{"id":4526,"href":"https:\/\/gundem59.com.tr\/index.php?rest_route=\/wp\/v2\/posts\/4524\/revisions\/4526"}],"wp:featuredmedia":[{"embeddable":true,"href":"https:\/\/gundem59.com.tr\/index.php?rest_route=\/wp\/v2\/media\/4525"}],"wp:attachment":[{"href":"https:\/\/gundem59.com.tr\/index.php?rest_route=%2Fwp%2Fv2%2Fmedia&parent=4524"}],"wp:term":[{"taxonomy":"category","embeddable":true,"href":"https:\/\/gundem59.com.tr\/index.php?rest_route=%2Fwp%2Fv2%2Fcategories&post=4524"},{"taxonomy":"post_tag","embeddable":true,"href":"https:\/\/gundem59.com.tr\/index.php?rest_route=%2Fwp%2Fv2%2Ftags&post=4524"},{"taxonomy":"author","embeddable":true,"href":"https:\/\/gundem59.com.tr\/index.php?rest_route=%2Fwp%2Fv2%2Fppma_author&post=4524"}],"curies":[{"name":"wp","href":"https:\/\/api.w.org\/{rel}","templated":true}]}}