{"id":4515,"date":"2026-08-20T11:25:53","date_gmt":"2026-08-20T11:25:53","guid":{"rendered":"https:\/\/gundem59.com.tr\/?p=4515"},"modified":"2026-08-20T11:25:54","modified_gmt":"2026-08-20T11:25:54","slug":"ibb-davasinda-imamoglu-ile-rusvet-istedigi-iddia-edilen-saniklar-arasinda-sert-yuzlesme","status":"publish","type":"post","link":"https:\/\/gundem59.com.tr\/?p=4515","title":{"rendered":"\u0130BB davas\u0131nda \u0130mamo\u011flu ile \u201cr\u00fc\u015fvet istedi\u011fi\u201d iddia edilen san\u0131klar aras\u0131nda sert y\u00fczle\u015fme"},"content":{"rendered":"\n<p class=\"wp-block-paragraph\">\u0130stanbul B\u00fcy\u00fck\u015fehir Belediyesi\u2019ne (\u0130BB) y\u00f6nelik yolsuzluk soru\u015fturmas\u0131 kapsam\u0131nda 53\u2019\u00fc tutuklu 414 san\u0131\u011f\u0131n yarg\u0131land\u0131\u011f\u0131 davan\u0131n 67\u2019nci duru\u015fmas\u0131nda salonda tansiyon y\u00fckseldi. Duru\u015fmaya, Ekrem \u0130mamo\u011flu ile baz\u0131 san\u0131klar aras\u0131nda ya\u015fanan kar\u015f\u0131l\u0131kl\u0131 sert ifadeler damga vurdu.<\/p>\n\n\n\n<p class=\"wp-block-paragraph\">Duru\u015fmada Cemal \u00dcne\u015f\u2019in, \u0130mamo\u011flu\u2019nun se\u00e7im \u00e7al\u0131\u015fmalar\u0131 ve iskan s\u00fcreciyle ba\u011flant\u0131l\u0131 olarak kendisinden 500 bin lira istedi\u011fini \u00f6ne s\u00fcrmesi \u00fczerine ikili aras\u0131nda dikkat \u00e7eken bir diyalog ya\u015fand\u0131. Duru\u015fman\u0131n ilerleyen b\u00f6l\u00fcm\u00fcnde ise Kele\u015fo\u011flu \u0130n\u015faat\u2019\u0131n orta\u011f\u0131 Mustafa Kele\u015f\u2019in villa iddias\u0131 g\u00fcndeme geldi. \u0130mamo\u011flu ile Kele\u015f aras\u0131nda kar\u015f\u0131l\u0131kl\u0131 sert s\u00f6zler sarf edilirken, mahkeme ba\u015fkan\u0131 tart\u0131\u015fmaya m\u00fcdahale etmek zorunda kald\u0131.<\/p>\n\n\n\n<p class=\"wp-block-paragraph\">\u0130stanbul 33. A\u011f\u0131r Ceza Mahkemesi taraf\u0131ndan Silivri\u2019deki Marmara Kapal\u0131 Cezaevi yerle\u015fkesinde bulunan yeni duru\u015fma salonunda g\u00f6r\u00fclen davada, tutuksuz san\u0131klar\u0131n savunmalar\u0131 dinlendi.<\/p>\n\n\n\n<p class=\"wp-block-paragraph\">Savunmalar s\u0131ras\u0131nda baz\u0131 san\u0131klar\u0131n \u0130mamo\u011flu hakk\u0131nda ortaya att\u0131\u011f\u0131 iddialar \u00fczerine salonda kar\u015f\u0131l\u0131kl\u0131 tart\u0131\u015fmalar ya\u015fand\u0131.<\/p>\n\n\n\n<h2 class=\"wp-block-heading\">\u201c500 bin liral\u0131k r\u00fc\u015fvet\u201d iddias\u0131<\/h2>\n\n\n\n<p class=\"wp-block-paragraph\">Duru\u015fmada Cemal \u00dcne\u015f, \u0130mamo\u011flu\u2019nun se\u00e7im \u00e7al\u0131\u015fmalar\u0131 ve iskan s\u00fcreciyle ba\u011flant\u0131l\u0131 olarak kendisinden 500 bin lira istedi\u011fini \u00f6ne s\u00fcrd\u00fc.<\/p>\n\n\n\n<p class=\"wp-block-paragraph\">\u0130mamo\u011flu ise \u00dcne\u015f\u2019e iddias\u0131n\u0131n do\u011fru olup olmad\u0131\u011f\u0131n\u0131 birka\u00e7 kez sordu. \u0130kili aras\u0131ndaki konu\u015fmada \u0130mamo\u011flu, kendisinden ger\u00e7ekten para isteyip istemedi\u011fini \u00dcne\u015f\u2019e tekrar tekrar teyit ettirmeye \u00e7al\u0131\u015ft\u0131.<\/p>\n\n\n\n<p class=\"wp-block-paragraph\">\u0130mamo\u011flu ile \u00dcne\u015f aras\u0131nda \u015fu diyalog ya\u015fand\u0131:<\/p>\n\n\n\n<p class=\"wp-block-paragraph\"><strong>Ekrem \u0130mamo\u011flu:<\/strong> Emin misin Cemal A\u011fabey? Emin misin, ben senden para istedim yani?<\/p>\n\n\n\n<p class=\"wp-block-paragraph\"><strong>Cemal \u00dcne\u015f:<\/strong> \u0130stedin Ba\u015fkan\u0131m.<\/p>\n\n\n\n<p class=\"wp-block-paragraph\"><strong>Ekrem \u0130mamo\u011flu:<\/strong> Emin misin yani? Soruyorum sana.<\/p>\n\n\n\n<p class=\"wp-block-paragraph\"><strong>Cemal \u00dcne\u015f:<\/strong> Eminim tabii. Niye?<\/p>\n\n\n\n<p class=\"wp-block-paragraph\"><strong>Ekrem \u0130mamo\u011flu:<\/strong> Ben senden para istedim ve paray\u0131 getirdin, verdin, yollad\u0131n.<\/p>\n\n\n\n<p class=\"wp-block-paragraph\"><strong>Cemal \u00dcne\u015f:<\/strong> Ya o \u015fartlarda dedin ki \u201cSe\u00e7ime mi girsem?\u201d dedin. Bir yere&#8230; Hatta senin \u015fey merkezi vard\u0131. Dedin ki \u201cBuraya bir para laz\u0131m.\u201d dedin. 500 bin. Ben dedim ki \u201cSen benim durumumu da a\u015fa\u011f\u0131 yukar\u0131 bilmen laz\u0131m. Benim \u00f6yle bir para \u00f6deyecek durumum da yok. \u0130n\u015faat\u0131 yeni bitirdim, zaten bor\u00e7lanm\u0131\u015f\u0131m.\u201d<\/p>\n\n\n\n<p class=\"wp-block-paragraph\"><strong>Ekrem \u0130mamo\u011flu:<\/strong> Ben de sana dedim ki 500 bin lira vereceksin, \u00f6yle mi?<\/p>\n\n\n\n<p class=\"wp-block-paragraph\"><strong>Cemal \u00dcne\u015f:<\/strong> Evet. Mehmet \u00c7ak\u0131lc\u0131o\u011flu\u2019na y\u00f6nlendirdin. Biz ondan bir senet yapt\u0131k i\u015fte, be\u015f tane.<\/p>\n\n\n\n<p class=\"wp-block-paragraph\"><strong>Ekrem \u0130mamo\u011flu:<\/strong> Allah Allah. Vah ki ne vah. Ne diyeyim sana? Allah yard\u0131mc\u0131n olsun senin.<\/p>\n\n\n\n<p class=\"wp-block-paragraph\"><strong>Cemal \u00dcne\u015f:<\/strong> Benim de\u011fil de senin de yard\u0131mc\u0131n olsun. Ne diyelim yani?<\/p>\n\n\n\n<p class=\"wp-block-paragraph\">Duru\u015fmada bu kar\u015f\u0131l\u0131kl\u0131 ifadeler, taraflar\u0131n iddialar konusundaki farkl\u0131 anlat\u0131mlar\u0131n\u0131 bir kez daha ortaya koydu.<\/p>\n\n\n\n<h2 class=\"wp-block-heading\">\u201cVilla\u201d iddias\u0131 salonda tansiyonu y\u00fckseltti<\/h2>\n\n\n\n<p class=\"wp-block-paragraph\">Duru\u015fman\u0131n ilerleyen b\u00f6l\u00fcm\u00fcnde bu kez Kele\u015fo\u011flu \u0130n\u015faat\u2019\u0131n orta\u011f\u0131 Mustafa Kele\u015f ile \u0130mamo\u011flu aras\u0131nda sert bir tart\u0131\u015fma ya\u015fand\u0131.<\/p>\n\n\n\n<p class=\"wp-block-paragraph\">Kele\u015f, \u0130mamo\u011flu\u2019nun kendisinden villa istedi\u011fini ve s\u00f6z konusu villan\u0131n ba\u015fka bir ki\u015finin \u00fczerine yap\u0131lmas\u0131n\u0131 talep etti\u011fini ileri s\u00fcrd\u00fc.<\/p>\n\n\n\n<p class=\"wp-block-paragraph\">\u0130mamo\u011flu ise bu iddiay\u0131 kabul etmeyerek Kele\u015f\u2019e sert tepki g\u00f6sterdi.<\/p>\n\n\n\n<p class=\"wp-block-paragraph\"><strong>Mustafa Kele\u015f:<\/strong> Villa isteyip de \u201cOnu da \u015fu adam\u0131n \u00fczerine yapacaks\u0131n\u201d dedin mi, demedin mi?<\/p>\n\n\n\n<p class=\"wp-block-paragraph\"><strong>Ekrem \u0130mamo\u011flu:<\/strong> Bak\u0131n yalana bak ya! Bak\u0131n yalana\u2026 Sen k\u00f6t\u00fc bir m\u00fcfterisin! M\u00fcfterisin, bu laflar\u0131n\u0131 ve iftiralar\u0131n\u0131 sana havale ediyorum. Seni Allah \u0131slah etsin!<\/p>\n\n\n\n<p class=\"wp-block-paragraph\"><strong>Mustafa Kele\u015f:<\/strong> Allah seni de \u0131slah\u2026<\/p>\n\n\n\n<p class=\"wp-block-paragraph\"><strong>Ekrem \u0130mamo\u011flu:<\/strong> Allah seni de \u0131slah edemez, zor!<\/p>\n\n\n\n<p class=\"wp-block-paragraph\"><strong>Mustafa Kele\u015f:<\/strong> Senin bu laflar\u0131n herkese s\u00f6ker, bana s\u00f6kmez!<\/p>\n\n\n\n<p class=\"wp-block-paragraph\">Kar\u015f\u0131l\u0131kl\u0131 s\u00f6zlerin sertle\u015fmesi \u00fczerine duru\u015fma salonunda gerilim artt\u0131.<\/p>\n\n\n\n<h2 class=\"wp-block-heading\">Tart\u0131\u015fma telefon g\u00f6r\u00fc\u015fmesi iddias\u0131yla s\u00fcrd\u00fc<\/h2>\n\n\n\n<p class=\"wp-block-paragraph\">\u0130ki isim aras\u0131ndaki tart\u0131\u015fma, Kele\u015f\u2019in \u0130mamo\u011flu taraf\u0131ndan telefonla arand\u0131\u011f\u0131 y\u00f6n\u00fcndeki iddias\u0131yla devam etti.<\/p>\n\n\n\n<p class=\"wp-block-paragraph\">\u0130mamo\u011flu ise Kele\u015f\u2019i hi\u00e7bir zaman telefonla aramad\u0131\u011f\u0131n\u0131 savundu.<\/p>\n\n\n\n<p class=\"wp-block-paragraph\"><strong>Ekrem \u0130mamo\u011flu:<\/strong> M\u00fcsaade et, m\u00fcsaade et, soruyorum bak. \u0130kna olmad\u0131n, bitti! \u201cSeni aram\u0131\u015f\u0131m, telefonu surat\u0131na kapatm\u0131\u015f\u0131m.\u201d Ben seni telefonla hi\u00e7bir zaman aramad\u0131m. Bak, hi\u00e7bir zaman aramad\u0131m!<\/p>\n\n\n\n<p class=\"wp-block-paragraph\"><strong>Mustafa Kele\u015f:<\/strong> Kay\u0131tlar var ama.<\/p>\n\n\n\n<p class=\"wp-block-paragraph\"><strong>Ekrem \u0130mamo\u011flu:<\/strong> Bak, tabii tabii. Bak, bakabilirsin, hi\u00e7bir zaman aramad\u0131m. Aramam \u00e7\u00fcnk\u00fc niye?<\/p>\n\n\n\n<p class=\"wp-block-paragraph\"><strong>Mustafa Kele\u015f:<\/strong> Kay\u0131tlar var.<\/p>\n\n\n\n<p class=\"wp-block-paragraph\"><strong>Ekrem \u0130mamo\u011flu:<\/strong> \u00c7\u00fcnk\u00fc niye? Seni \u00e7ok iyi tan\u0131r\u0131m Mustafa Kele\u015f. Onun i\u00e7in birincisi yalan\u0131n, bana iftira! K\u0131n\u0131yorum seni. \u201cSenden villa istemi\u015fim\u201d falan\u2026 Bir de diyorsun ki \u201c5 y\u0131l boyunca benim hi\u00e7bir maddi i\u015fim olmad\u0131\u201d diyorsun, dedin mi az \u00f6nce Ekrem \u0130mamo\u011flu\u2019yla?<\/p>\n\n\n\n<p class=\"wp-block-paragraph\">Tart\u0131\u015fma s\u0131ras\u0131nda her iki taraf da kendi iddias\u0131n\u0131n arkas\u0131nda durdu.<\/p>\n\n\n\n<h2 class=\"wp-block-heading\">\u201cBana \u2018a\u015fa\u011f\u0131l\u0131k adam\u2019 diyemezsin\u201d<\/h2>\n\n\n\n<p class=\"wp-block-paragraph\">Tart\u0131\u015fman\u0131n devam\u0131nda \u0130mamo\u011flu\u2019nun Kele\u015f\u2019e y\u00f6nelik \u201cA\u015fa\u011f\u0131l\u0131k adam\u201d s\u00f6z\u00fcn\u00fc kullanmas\u0131 \u00fczerine mahkeme ba\u015fkan\u0131 araya girdi.<\/p>\n\n\n\n<p class=\"wp-block-paragraph\"><strong>Ekrem \u0130mamo\u011flu:<\/strong> A\u015fa\u011f\u0131l\u0131k adam.<\/p>\n\n\n\n<p class=\"wp-block-paragraph\"><strong>Hakim:<\/strong> Ekrem Bey, Ekrem Bey bu \u015fekilde mevcut san\u0131\u011fa bu \u015fekilde bak\u2026 M\u00fcdahale\u2026<\/p>\n\n\n\n<p class=\"wp-block-paragraph\"><strong>Mustafa Kele\u015f:<\/strong> A\u015fa\u011f\u0131l\u0131k adam sensin! Bana \u201ca\u015fa\u011f\u0131l\u0131k adam\u201d diyemezsin! Ben senden b\u00fcy\u00fc\u011f\u00fcm!<\/p>\n\n\n\n<p class=\"wp-block-paragraph\">Mahkeme ba\u015fkan\u0131n\u0131n m\u00fcdahalesiyle kar\u015f\u0131l\u0131kl\u0131 tart\u0131\u015fma sonland\u0131r\u0131ld\u0131 ve duru\u015fmada san\u0131klar\u0131n beyanlar\u0131n\u0131n al\u0131nmas\u0131na devam edildi.<\/p>\n\n\n\n<h2 class=\"wp-block-heading\">13 saat s\u00fcren duru\u015fma ertelendi<\/h2>\n\n\n\n<p class=\"wp-block-paragraph\">Yakla\u015f\u0131k 13 saat s\u00fcren duru\u015fmada 15 tutuksuz san\u0131k ile avukatlar\u0131n\u0131n beyanlar\u0131 dinlendi.<\/p>\n\n\n\n<p class=\"wp-block-paragraph\">Ancak savunmalar\u0131n tamamlanamamas\u0131 nedeniyle mahkeme, kalan san\u0131klar\u0131n dinlenmesine devam edilmek \u00fczere duru\u015fmay\u0131 erteledi.<\/p>\n\n\n\n<p class=\"wp-block-paragraph\">67\u2019nci duru\u015fmada ya\u015fanan tart\u0131\u015fmalar, davan\u0131n yaln\u0131zca hukuki iddialar ve savunmalar a\u00e7\u0131s\u0131ndan de\u011fil, san\u0131klarla \u0130mamo\u011flu aras\u0131nda ya\u015fanan kar\u015f\u0131l\u0131kl\u0131 su\u00e7lamalar a\u00e7\u0131s\u0131ndan da dikkat \u00e7ekici anlara sahne oldu\u011funu g\u00f6sterdi. \u00d6zellikle 500 bin liral\u0131k para iddias\u0131 ile villa ve telefon g\u00f6r\u00fc\u015fmesi iddialar\u0131 \u00fczerine ya\u015fanan sert diyaloglar, duru\u015fman\u0131n \u00f6ne \u00e7\u0131kan b\u00f6l\u00fcmleri aras\u0131nda yer ald\u0131.<\/p>\n","protected":false},"excerpt":{"rendered":"<p>\u0130stanbul B\u00fcy\u00fck\u015fehir Belediyesi\u2019ne (\u0130BB) y\u00f6nelik yolsuzluk soru\u015fturmas\u0131 kapsam\u0131nda 53\u2019\u00fc tutuklu 414 san\u0131\u011f\u0131n yarg\u0131land\u0131\u011f\u0131 davan\u0131n 67\u2019nci&#8230;<\/p>\n","protected":false},"author":1,"featured_media":4516,"comment_status":"open","ping_status":"open","sticky":false,"template":"","format":"standard","meta":{"footnotes":""},"categories":[56],"tags":[],"ppma_author":[57],"class_list":["post-4515","post","type-post","status-publish","format-standard","has-post-thumbnail","hentry","category-guncel"],"authors":[{"term_id":57,"user_id":1,"is_guest":0,"slug":"admin","display_name":"Alp Aslan","avatar_url":"https:\/\/secure.gravatar.com\/avatar\/07c18c5ad3350b025db8f3328450e071acb435c703e565899c880c63362f137a?s=96&d=mm&r=g","author_category":"1","first_name":"Alp Aslan","last_name":"ER\u0130N","user_url":"http:\/\/www.gundem59.com.tr","job_title":"","description":""}],"_links":{"self":[{"href":"https:\/\/gundem59.com.tr\/index.php?rest_route=\/wp\/v2\/posts\/4515","targetHints":{"allow":["GET"]}}],"collection":[{"href":"https:\/\/gundem59.com.tr\/index.php?rest_route=\/wp\/v2\/posts"}],"about":[{"href":"https:\/\/gundem59.com.tr\/index.php?rest_route=\/wp\/v2\/types\/post"}],"author":[{"embeddable":true,"href":"https:\/\/gundem59.com.tr\/index.php?rest_route=\/wp\/v2\/users\/1"}],"replies":[{"embeddable":true,"href":"https:\/\/gundem59.com.tr\/index.php?rest_route=%2Fwp%2Fv2%2Fcomments&post=4515"}],"version-history":[{"count":1,"href":"https:\/\/gundem59.com.tr\/index.php?rest_route=\/wp\/v2\/posts\/4515\/revisions"}],"predecessor-version":[{"id":4517,"href":"https:\/\/gundem59.com.tr\/index.php?rest_route=\/wp\/v2\/posts\/4515\/revisions\/4517"}],"wp:featuredmedia":[{"embeddable":true,"href":"https:\/\/gundem59.com.tr\/index.php?rest_route=\/wp\/v2\/media\/4516"}],"wp:attachment":[{"href":"https:\/\/gundem59.com.tr\/index.php?rest_route=%2Fwp%2Fv2%2Fmedia&parent=4515"}],"wp:term":[{"taxonomy":"category","embeddable":true,"href":"https:\/\/gundem59.com.tr\/index.php?rest_route=%2Fwp%2Fv2%2Fcategories&post=4515"},{"taxonomy":"post_tag","embeddable":true,"href":"https:\/\/gundem59.com.tr\/index.php?rest_route=%2Fwp%2Fv2%2Ftags&post=4515"},{"taxonomy":"author","embeddable":true,"href":"https:\/\/gundem59.com.tr\/index.php?rest_route=%2Fwp%2Fv2%2Fppma_author&post=4515"}],"curies":[{"name":"wp","href":"https:\/\/api.w.org\/{rel}","templated":true}]}}