{"id":4511,"date":"2026-08-20T11:21:46","date_gmt":"2026-08-20T11:21:46","guid":{"rendered":"https:\/\/gundem59.com.tr\/?p=4511"},"modified":"2026-08-20T11:21:46","modified_gmt":"2026-08-20T11:21:46","slug":"alihan-kurisin-arden-gidadaki-miras-hamlesi-yargidan-dondu","status":"publish","type":"post","link":"https:\/\/gundem59.com.tr\/?p=4511","title":{"rendered":"Alihan Kuri\u015f\u2019in Arden G\u0131da\u2019daki miras hamlesi yarg\u0131dan d\u00f6nd\u00fc"},"content":{"rendered":"\n<p class=\"wp-block-paragraph\">Kamuoyunda \u201cS\u00fcleymanc\u0131lar\u201d olarak bilinen yap\u0131lanman\u0131n ve soru\u015fturma kapsam\u0131nda \u201cAlihan Kuri\u015f Su\u00e7 \u00d6rg\u00fct\u00fc\u201d olarak nitelendirilen yap\u0131n\u0131n lideri oldu\u011fu belirtilen Alihan Kuri\u015f\u2019in, 2016 y\u0131l\u0131nda hayat\u0131n\u0131 kaybeden day\u0131s\u0131 ve eski Ula\u015ft\u0131rma Bakan\u0131 Arif Ahmet Denizolgun\u2019dan miras kalan Arden G\u0131da \u015firketindeki hisselere ili\u015fkin giri\u015fimi yarg\u0131ya ta\u015f\u0131nd\u0131. Kuri\u015f\u2019in, \u015firketin yasal miras\u00e7\u0131lar\u0131ndan Mehmet Beyaz\u0131t Denizolgun\u2019un \u015firketteki pay\u0131n\u0131 tasfiye etmeye y\u00f6nelik i\u015fleminin \u0130stanbul B\u00f6lge Adliye Mahkemesi taraf\u0131ndan h\u00fck\u00fcms\u00fcz say\u0131ld\u0131\u011f\u0131 ortaya \u00e7\u0131kt\u0131.<\/p>\n\n\n\n<p class=\"wp-block-paragraph\">Ankara Cumhuriyet Ba\u015fsavc\u0131l\u0131\u011f\u0131 taraf\u0131ndan y\u00fcr\u00fct\u00fclen \u201cAlihan Kuri\u015f Su\u00e7 \u00d6rg\u00fct\u00fc\u201d soru\u015fturmas\u0131 kapsam\u0131nda tutuklu bulunan Alihan Kuri\u015f\u2019in, day\u0131s\u0131 Arif Ahmet Denizolgun\u2019un y\u00fczde 90 oran\u0131nda hissedar\u0131 oldu\u011fu Arden G\u0131da \u015firketindeki miras paylar\u0131na ili\u015fkin giri\u015fimi, y\u0131llar s\u00fcren yarg\u0131 s\u00fcrecinin ard\u0131ndan mahkeme karar\u0131yla bozuldu.<\/p>\n\n\n\n<figure class=\"wp-block-image size-full\"><img  title=\"\" loading=\"lazy\" decoding=\"async\" width=\"640\" height=\"360\" src=\"https:\/\/gundem59.com.tr\/wp-content\/uploads\/2026\/08\/alihan-kurisin-arden-gidayi-ve-20159331-1104_1_m.webp\"  alt=\"alihan-kurisin-arden-gidayi-ve-20159331-1104_1_m Alihan Kuri\u015f\u2019in Arden G\u0131da\u2019daki miras hamlesi yarg\u0131dan d\u00f6nd\u00fc\"  class=\"wp-image-4513\" srcset=\"https:\/\/gundem59.com.tr\/wp-content\/uploads\/2026\/08\/alihan-kurisin-arden-gidayi-ve-20159331-1104_1_m.webp 640w, https:\/\/gundem59.com.tr\/wp-content\/uploads\/2026\/08\/alihan-kurisin-arden-gidayi-ve-20159331-1104_1_m-300x169.webp 300w\" sizes=\"auto, (max-width: 640px) 100vw, 640px\" \/><\/figure>\n\n\n\n<h2 class=\"wp-block-heading\">T\u00fcm mal varl\u0131\u011f\u0131 iki yasal varise kald\u0131<\/h2>\n\n\n\n<p class=\"wp-block-paragraph\">S\u00fcleymanc\u0131lar cemaatine 2000-2016 y\u0131llar\u0131 aras\u0131nda liderlik etti\u011fi belirtilen Arif Ahmet Denizolgun, 7 Eyl\u00fcl 2016 tarihinde hayat\u0131n\u0131 kaybetti. Bekar olan Denizolgun\u2019un t\u00fcm mal varl\u0131\u011f\u0131, yasal miras\u00e7\u0131lar\u0131 olan erkek karde\u015fi Mehmet Beyaz\u0131t Denizolgun ile k\u0131z karde\u015fi Ay\u015fe G\u00fclderen Kuri\u015f\u2019e kald\u0131.<\/p>\n\n\n\n<p class=\"wp-block-paragraph\">Denizolgun\u2019un mal varl\u0131\u011f\u0131 i\u00e7erisinde Arden G\u0131da \u015firketindeki hisseleri de bulunuyordu.<\/p>\n\n\n\n<h2 class=\"wp-block-heading\">Arden G\u0131da\u2019da y\u00fczde 90\u2019l\u0131k hisse Denizolgun\u2019a aitti<\/h2>\n\n\n\n<p class=\"wp-block-paragraph\">2004 y\u0131l\u0131nda kurulan ve 7 milyon 450 bin lira sermayeye sahip olan Arden G\u0131da\u2019da Arif Ahmet Denizolgun\u2019un y\u00fczde 90, Alihan Kuri\u015f\u2019in y\u00fczde 5 ve Hilmi Tuna Kuri\u015f\u2019in y\u00fczde 5 hissesi bulunuyordu.<\/p>\n\n\n\n<p class=\"wp-block-paragraph\">Denizolgun\u2019un vefat\u0131n\u0131n ard\u0131ndan \u015firketteki y\u00fczde 90 oran\u0131ndaki hissenin yasal miras\u00e7\u0131lar\u0131 Mehmet Beyaz\u0131t Denizolgun ve Ay\u015fe G\u00fclderen Kuri\u015f\u2019e ge\u00e7mesi gerekiyordu.<\/p>\n\n\n\n<p class=\"wp-block-paragraph\">Ancak iddiaya g\u00f6re Alihan Kuri\u015f ve karde\u015fi Hilmi Tuna Kuri\u015f, 1 Aral\u0131k 2016 tarihinde Arden G\u0131da\u2019n\u0131n genel merkezinde ger\u00e7ekle\u015ftirdikleri genel kurul toplant\u0131s\u0131nda \u015firket hisselerinin da\u011f\u0131l\u0131m\u0131na ili\u015fkin karar ald\u0131.<\/p>\n\n\n\n<p class=\"wp-block-paragraph\">Bu karara g\u00f6re Denizolgun\u2019a ait y\u00fczde 90 hissenin y\u00fczde 45\u2019inin anneleri Ay\u015fe G\u00fclderen Kuri\u015f\u2019e devredilmesine, Mehmet Beyaz\u0131t Denizolgun\u2019a d\u00fc\u015fen y\u00fczde 45\u2019lik b\u00f6l\u00fcm\u00fcn ise 500 bin lira kar\u015f\u0131l\u0131\u011f\u0131nda sat\u0131n al\u0131narak Alihan Kuri\u015f ve Hilmi Tuna Kuri\u015f aras\u0131nda e\u015fit \u015fekilde payla\u015ft\u0131r\u0131lmas\u0131na karar verildi.<\/p>\n\n\n\n<p class=\"wp-block-paragraph\">Mehmet Beyaz\u0131t Denizolgun ise kendisine ait olmas\u0131 gereken miras pay\u0131n\u0131n bu \u015fekilde tasfiye edilmeye \u00e7al\u0131\u015f\u0131ld\u0131\u011f\u0131n\u0131 belirterek konuyu yarg\u0131ya ta\u015f\u0131d\u0131.<\/p>\n\n\n\n<h2 class=\"wp-block-heading\">Alt mahkeme davay\u0131 reddetti, istinaf karar\u0131 bozdu<\/h2>\n\n\n\n<p class=\"wp-block-paragraph\">Yakla\u015f\u0131k iki y\u0131l s\u00fcren yarg\u0131laman\u0131n ard\u0131ndan \u0130stanbul Anadolu Asliye Ticaret Mahkemesi, 2018 y\u0131l\u0131nda Mehmet Beyaz\u0131t Denizolgun taraf\u0131ndan a\u00e7\u0131lan davan\u0131n reddine karar verdi.<\/p>\n\n\n\n<p class=\"wp-block-paragraph\">Mahkeme, Denizolgun\u2019un \u015firketin 1 Aral\u0131k 2016 tarihli genel kurul toplant\u0131s\u0131na itiraz etmeden dava a\u00e7t\u0131\u011f\u0131 gerek\u00e7esiyle davay\u0131 reddetti.<\/p>\n\n\n\n<p class=\"wp-block-paragraph\">Denizolgun bu karar\u0131n ard\u0131ndan dosyay\u0131 \u00fcst mahkemeye ta\u015f\u0131d\u0131.<\/p>\n\n\n\n<p class=\"wp-block-paragraph\">\u0130stanbul B\u00f6lge Adliye Mahkemesi 13. Hukuk Dairesi dosyay\u0131 yeniden inceleyerek 8 Ekim 2020 tarihinde ilk derece mahkemesinin karar\u0131n\u0131 bozdu.<\/p>\n\n\n\n<p class=\"wp-block-paragraph\">B\u00f6lge Adliye Mahkemesi, 1 Aral\u0131k 2016 tarihinde Arden G\u0131da merkezinde Alihan Kuri\u015f ve Hilmi Tuna Kuri\u015f taraf\u0131ndan ger\u00e7ekle\u015ftirilen genel kurul toplant\u0131s\u0131ndaki i\u015flemi h\u00fck\u00fcms\u00fcz sayd\u0131.<\/p>\n\n\n\n<p class=\"wp-block-paragraph\">Mahkeme ayr\u0131ca Arden G\u0131da\u2019n\u0131n y\u00fczde 45 hissesinin yasal miras\u00e7\u0131 Mehmet Beyaz\u0131t Denizolgun\u2019a devredilmesine h\u00fckmetti.<\/p>\n\n\n\n<p class=\"wp-block-paragraph\">B\u00f6ylece alt mahkemenin davay\u0131 reddeden karar\u0131 istinaf a\u015famas\u0131nda de\u011fi\u015fmi\u015f oldu ve Mehmet Beyaz\u0131t Denizolgun\u2019un miras hakk\u0131na ili\u015fkin talebi mahkeme karar\u0131yla kabul edildi.<\/p>\n\n\n\n<h2 class=\"wp-block-heading\">Mahkeme karar\u0131n\u0131n ard\u0131ndan Arden G\u0131da\u2019dan ayr\u0131ld\u0131<\/h2>\n\n\n\n<p class=\"wp-block-paragraph\">Arden G\u0131da\u2019n\u0131n y\u00fczde 45 hissesinin mahkeme karar\u0131yla Mehmet Beyaz\u0131t Denizolgun\u2019a devredilmesinin ard\u0131ndan Alihan Kuri\u015f\u2019in \u015firketteki hissedarl\u0131\u011f\u0131 da sona erdi.<\/p>\n\n\n\n<p class=\"wp-block-paragraph\">Kuri\u015f, 13 Temmuz 2021 tarihinde Arden G\u0131da\u2019daki y\u00fczde 5 hissesini karde\u015fi Hilmi Tuna Kuri\u015f ve Adem Y\u00fcksel\u2019e devrederek \u015firketten resmiyette ayr\u0131ld\u0131.<\/p>\n\n\n\n<p class=\"wp-block-paragraph\">28 Aral\u0131k 2022 tarihinde ise Ay\u015fe G\u00fclderen Kuri\u015f ve Hilmi Tuna Kuri\u015f, Arden G\u0131da\u2019daki hisselerini Yusuf Bulut\u2019a devretti.<\/p>\n\n\n\n<h2 class=\"wp-block-heading\">\u015eirketin mevcut hissedarlar\u0131<\/h2>\n\n\n\n<p class=\"wp-block-paragraph\">Yap\u0131lan hisse devirlerinin ard\u0131ndan Arden G\u0131da\u2019n\u0131n hissedar yap\u0131s\u0131nda da de\u011fi\u015fiklik meydana geldi.<\/p>\n\n\n\n<p class=\"wp-block-paragraph\">\u015eirket bug\u00fcn y\u00fczde 53 Yusuf Bulut, y\u00fczde 45 Mehmet Beyaz\u0131t Denizolgun ve y\u00fczde 2 Adem Y\u00fcksel ad\u0131na kay\u0131tl\u0131 olarak g\u00f6r\u00fcl\u00fcyor.<\/p>\n\n\n\n<p class=\"wp-block-paragraph\">\u00d6te yandan Alihan Kuri\u015f\u2019e y\u00f6nelik operasyonun ard\u0131ndan Arden G\u0131da \u015firketine de kayyum atand\u0131\u011f\u0131 belirtildi.<\/p>\n\n\n\n<p class=\"wp-block-paragraph\">Arden G\u0131da\u2019daki hisse de\u011fi\u015fiklikleri ve Mehmet Beyaz\u0131t Denizolgun\u2019un miras pay\u0131na ili\u015fkin s\u00fcre\u00e7, \u015firket \u00fczerindeki miras ve ortakl\u0131k anla\u015fmazl\u0131\u011f\u0131n\u0131n y\u0131llar i\u00e7erisinde nas\u0131l yarg\u0131ya ta\u015f\u0131nd\u0131\u011f\u0131n\u0131 ortaya koydu. \u0130stinaf mahkemesinin 2020 tarihli karar\u0131yla 2016 y\u0131l\u0131nda ger\u00e7ekle\u015ftirilen genel kurul i\u015flemi h\u00fck\u00fcms\u00fcz kabul edilirken, \u015firketin y\u00fczde 45\u2019lik hissesinin yasal miras\u00e7\u0131 Mehmet Beyaz\u0131t Denizolgun\u2019a ait oldu\u011fu y\u00f6n\u00fcnde h\u00fck\u00fcm kuruldu.<\/p>\n","protected":false},"excerpt":{"rendered":"<p>Kamuoyunda \u201cS\u00fcleymanc\u0131lar\u201d olarak bilinen yap\u0131lanman\u0131n ve soru\u015fturma kapsam\u0131nda \u201cAlihan Kuri\u015f Su\u00e7 \u00d6rg\u00fct\u00fc\u201d olarak nitelendirilen yap\u0131n\u0131n&#8230;<\/p>\n","protected":false},"author":1,"featured_media":4512,"comment_status":"open","ping_status":"open","sticky":false,"template":"","format":"standard","meta":{"footnotes":""},"categories":[56],"tags":[],"ppma_author":[57],"class_list":["post-4511","post","type-post","status-publish","format-standard","has-post-thumbnail","hentry","category-guncel"],"authors":[{"term_id":57,"user_id":1,"is_guest":0,"slug":"admin","display_name":"Alp Aslan","avatar_url":"https:\/\/secure.gravatar.com\/avatar\/07c18c5ad3350b025db8f3328450e071acb435c703e565899c880c63362f137a?s=96&d=mm&r=g","author_category":"1","first_name":"Alp Aslan","last_name":"ER\u0130N","user_url":"http:\/\/www.gundem59.com.tr","job_title":"","description":""}],"_links":{"self":[{"href":"https:\/\/gundem59.com.tr\/index.php?rest_route=\/wp\/v2\/posts\/4511","targetHints":{"allow":["GET"]}}],"collection":[{"href":"https:\/\/gundem59.com.tr\/index.php?rest_route=\/wp\/v2\/posts"}],"about":[{"href":"https:\/\/gundem59.com.tr\/index.php?rest_route=\/wp\/v2\/types\/post"}],"author":[{"embeddable":true,"href":"https:\/\/gundem59.com.tr\/index.php?rest_route=\/wp\/v2\/users\/1"}],"replies":[{"embeddable":true,"href":"https:\/\/gundem59.com.tr\/index.php?rest_route=%2Fwp%2Fv2%2Fcomments&post=4511"}],"version-history":[{"count":1,"href":"https:\/\/gundem59.com.tr\/index.php?rest_route=\/wp\/v2\/posts\/4511\/revisions"}],"predecessor-version":[{"id":4514,"href":"https:\/\/gundem59.com.tr\/index.php?rest_route=\/wp\/v2\/posts\/4511\/revisions\/4514"}],"wp:featuredmedia":[{"embeddable":true,"href":"https:\/\/gundem59.com.tr\/index.php?rest_route=\/wp\/v2\/media\/4512"}],"wp:attachment":[{"href":"https:\/\/gundem59.com.tr\/index.php?rest_route=%2Fwp%2Fv2%2Fmedia&parent=4511"}],"wp:term":[{"taxonomy":"category","embeddable":true,"href":"https:\/\/gundem59.com.tr\/index.php?rest_route=%2Fwp%2Fv2%2Fcategories&post=4511"},{"taxonomy":"post_tag","embeddable":true,"href":"https:\/\/gundem59.com.tr\/index.php?rest_route=%2Fwp%2Fv2%2Ftags&post=4511"},{"taxonomy":"author","embeddable":true,"href":"https:\/\/gundem59.com.tr\/index.php?rest_route=%2Fwp%2Fv2%2Fppma_author&post=4511"}],"curies":[{"name":"wp","href":"https:\/\/api.w.org\/{rel}","templated":true}]}}