{"id":451,"date":"2026-04-23T12:38:11","date_gmt":"2026-04-23T12:38:11","guid":{"rendered":"https:\/\/gundem59.com.tr\/?p=451"},"modified":"2026-04-23T12:38:11","modified_gmt":"2026-04-23T12:38:11","slug":"23-nisan-ulusal-egemenlik-ve-cocuk-bayrami-celenk-sunma-toreni-ile-basladi","status":"publish","type":"post","link":"https:\/\/gundem59.com.tr\/?p=451","title":{"rendered":"23 Nisan Ulusal Egemenlik ve \u00c7ocuk Bayram\u0131 \u00c7elenk Sunma T\u00f6reni \u0130le Ba\u015flad\u0131"},"content":{"rendered":"\n<p class=\"wp-block-paragraph\">23 Nisan Ulusal Egemenlik ve \u00c7ocuk Bayram\u0131\u2019n\u0131n 106. y\u0131ld\u00f6n\u00fcm\u00fc m\u00fcnasebetiyle Tekirda\u011f Valili\u011fi \u00f6n\u00fcnde \u00c7elenk Sunma T\u00f6reni d\u00fczenlendi.<\/p>\n\n\n\n<p class=\"wp-block-paragraph\">D\u00fczenlenen t\u00f6rene Valimiz Say\u0131n Recep Soyt\u00fcrk\u2019\u00fcn yan\u0131 s\u0131ra Tekirda\u011f B\u00fcy\u00fck\u015fehir Belediye Ba\u015fkan\u0131 Dr. Candan Y\u00fcceer, Tekirda\u011f Cumhuriyet Ba\u015fsavc\u0131s\u0131 Erdal \u015eenol, Tekirda\u011f B\u00f6lge Adliye Mahkemesi Cumhuriyet Ba\u015fsavc\u0131s\u0131 H\u00fcsn\u00fc Hakan Ya\u011f\u0131z, S\u00fcleymanpa\u015fa Kaymakam\u0131 Mahmut Nedim Tun\u00e7er, S\u00fcleymanpa\u015fa Belediye Ba\u015fkan\u0131 Volkan Nallar, siyasi parti temsilcileri, \u00f6\u011fretmenler, \u00f6\u011frenciler ve vatanda\u015flar kat\u0131ld\u0131.<\/p>\n\n\n\n<figure class=\"wp-block-image size-large\"><img  title=\"\" loading=\"lazy\" decoding=\"async\" width=\"1024\" height=\"682\" src=\"https:\/\/gundem59.com.tr\/wp-content\/uploads\/2026\/04\/WhatsApp-Image-2026_04_23-at-103738-1024x682.jpeg\"  alt=\"WhatsApp-Image-2026_04_23-at-103738-1024x682 23 Nisan Ulusal Egemenlik ve \u00c7ocuk Bayram\u0131 \u00c7elenk Sunma T\u00f6reni \u0130le Ba\u015flad\u0131\"  class=\"wp-image-452\" srcset=\"https:\/\/gundem59.com.tr\/wp-content\/uploads\/2026\/04\/WhatsApp-Image-2026_04_23-at-103738-1024x682.jpeg 1024w, https:\/\/gundem59.com.tr\/wp-content\/uploads\/2026\/04\/WhatsApp-Image-2026_04_23-at-103738-300x200.jpeg 300w, https:\/\/gundem59.com.tr\/wp-content\/uploads\/2026\/04\/WhatsApp-Image-2026_04_23-at-103738-768x512.jpeg 768w, https:\/\/gundem59.com.tr\/wp-content\/uploads\/2026\/04\/WhatsApp-Image-2026_04_23-at-103738-1536x1023.jpeg 1536w, https:\/\/gundem59.com.tr\/wp-content\/uploads\/2026\/04\/WhatsApp-Image-2026_04_23-at-103738.jpeg 1600w\" sizes=\"auto, (max-width: 1024px) 100vw, 1024px\" \/><\/figure>\n\n\n\n<figure class=\"wp-block-image size-large\"><img  title=\"\" loading=\"lazy\" decoding=\"async\" width=\"1024\" height=\"682\" src=\"https:\/\/gundem59.com.tr\/wp-content\/uploads\/2026\/04\/WhatsApp-Image-2026_04_23-at-103739-1024x682.jpeg\"  alt=\"WhatsApp-Image-2026_04_23-at-103739-1024x682 23 Nisan Ulusal Egemenlik ve \u00c7ocuk Bayram\u0131 \u00c7elenk Sunma T\u00f6reni \u0130le Ba\u015flad\u0131\"  class=\"wp-image-453\" srcset=\"https:\/\/gundem59.com.tr\/wp-content\/uploads\/2026\/04\/WhatsApp-Image-2026_04_23-at-103739-1024x682.jpeg 1024w, https:\/\/gundem59.com.tr\/wp-content\/uploads\/2026\/04\/WhatsApp-Image-2026_04_23-at-103739-300x200.jpeg 300w, https:\/\/gundem59.com.tr\/wp-content\/uploads\/2026\/04\/WhatsApp-Image-2026_04_23-at-103739-768x512.jpeg 768w, https:\/\/gundem59.com.tr\/wp-content\/uploads\/2026\/04\/WhatsApp-Image-2026_04_23-at-103739-1536x1023.jpeg 1536w, https:\/\/gundem59.com.tr\/wp-content\/uploads\/2026\/04\/WhatsApp-Image-2026_04_23-at-103739.jpeg 1600w\" sizes=\"auto, (max-width: 1024px) 100vw, 1024px\" \/><\/figure>\n\n\n\n<figure class=\"wp-block-image size-full\"><img  title=\"\" loading=\"lazy\" decoding=\"async\" width=\"800\" height=\"533\" src=\"https:\/\/gundem59.com.tr\/wp-content\/uploads\/2026\/04\/WhatsApp-Image-2026_04_23-at-103739-_1_.jpeg\"  alt=\"WhatsApp-Image-2026_04_23-at-103739-_1_ 23 Nisan Ulusal Egemenlik ve \u00c7ocuk Bayram\u0131 \u00c7elenk Sunma T\u00f6reni \u0130le Ba\u015flad\u0131\"  class=\"wp-image-454\" srcset=\"https:\/\/gundem59.com.tr\/wp-content\/uploads\/2026\/04\/WhatsApp-Image-2026_04_23-at-103739-_1_.jpeg 800w, https:\/\/gundem59.com.tr\/wp-content\/uploads\/2026\/04\/WhatsApp-Image-2026_04_23-at-103739-_1_-300x200.jpeg 300w, https:\/\/gundem59.com.tr\/wp-content\/uploads\/2026\/04\/WhatsApp-Image-2026_04_23-at-103739-_1_-768x512.jpeg 768w\" sizes=\"auto, (max-width: 800px) 100vw, 800px\" \/><\/figure>\n","protected":false},"excerpt":{"rendered":"<p>23 Nisan Ulusal Egemenlik ve \u00c7ocuk Bayram\u0131\u2019n\u0131n 106. y\u0131ld\u00f6n\u00fcm\u00fc m\u00fcnasebetiyle Tekirda\u011f Valili\u011fi \u00f6n\u00fcnde \u00c7elenk Sunma&#8230;<\/p>\n","protected":false},"author":1,"featured_media":455,"comment_status":"closed","ping_status":"closed","sticky":false,"template":"","format":"standard","meta":{"footnotes":""},"categories":[1],"tags":[],"ppma_author":[57],"class_list":["post-451","post","type-post","status-publish","format-standard","has-post-thumbnail","hentry","category-tekirdag-gundemi"],"authors":[{"term_id":57,"user_id":1,"is_guest":0,"slug":"admin","display_name":"Alp Aslan","avatar_url":"https:\/\/secure.gravatar.com\/avatar\/07c18c5ad3350b025db8f3328450e071acb435c703e565899c880c63362f137a?s=96&d=mm&r=g","author_category":"1","first_name":"Alp Aslan","last_name":"ER\u0130N","user_url":"http:\/\/www.gundem59.com.tr","job_title":"","description":""}],"_links":{"self":[{"href":"https:\/\/gundem59.com.tr\/index.php?rest_route=\/wp\/v2\/posts\/451","targetHints":{"allow":["GET"]}}],"collection":[{"href":"https:\/\/gundem59.com.tr\/index.php?rest_route=\/wp\/v2\/posts"}],"about":[{"href":"https:\/\/gundem59.com.tr\/index.php?rest_route=\/wp\/v2\/types\/post"}],"author":[{"embeddable":true,"href":"https:\/\/gundem59.com.tr\/index.php?rest_route=\/wp\/v2\/users\/1"}],"replies":[{"embeddable":true,"href":"https:\/\/gundem59.com.tr\/index.php?rest_route=%2Fwp%2Fv2%2Fcomments&post=451"}],"version-history":[{"count":1,"href":"https:\/\/gundem59.com.tr\/index.php?rest_route=\/wp\/v2\/posts\/451\/revisions"}],"predecessor-version":[{"id":456,"href":"https:\/\/gundem59.com.tr\/index.php?rest_route=\/wp\/v2\/posts\/451\/revisions\/456"}],"wp:featuredmedia":[{"embeddable":true,"href":"https:\/\/gundem59.com.tr\/index.php?rest_route=\/wp\/v2\/media\/455"}],"wp:attachment":[{"href":"https:\/\/gundem59.com.tr\/index.php?rest_route=%2Fwp%2Fv2%2Fmedia&parent=451"}],"wp:term":[{"taxonomy":"category","embeddable":true,"href":"https:\/\/gundem59.com.tr\/index.php?rest_route=%2Fwp%2Fv2%2Fcategories&post=451"},{"taxonomy":"post_tag","embeddable":true,"href":"https:\/\/gundem59.com.tr\/index.php?rest_route=%2Fwp%2Fv2%2Ftags&post=451"},{"taxonomy":"author","embeddable":true,"href":"https:\/\/gundem59.com.tr\/index.php?rest_route=%2Fwp%2Fv2%2Fppma_author&post=451"}],"curies":[{"name":"wp","href":"https:\/\/api.w.org\/{rel}","templated":true}]}}