{"id":4506,"date":"2026-08-20T11:16:51","date_gmt":"2026-08-20T11:16:51","guid":{"rendered":"https:\/\/gundem59.com.tr\/?p=4506"},"modified":"2026-08-20T11:16:52","modified_gmt":"2026-08-20T11:16:52","slug":"ibb-davasinda-tansiyon-yukseldi-imamoglunun-sorusuna-hakimden-sert-mudahale-boyle-soru-sorulamaz","status":"publish","type":"post","link":"https:\/\/gundem59.com.tr\/?p=4506","title":{"rendered":"\u0130BB davas\u0131nda tansiyon y\u00fckseldi! \u0130mamo\u011flu\u2019nun sorusuna hakimden sert m\u00fcdahale: \u201cB\u00f6yle soru sorulamaz\u201d"},"content":{"rendered":"\n<p class=\"wp-block-paragraph\">\u0130stanbul B\u00fcy\u00fck\u015fehir Belediyesi (\u0130BB) davas\u0131n\u0131n 67. duru\u015fmas\u0131nda Ekrem \u0130mamo\u011flu ile mahkeme ba\u015fkan\u0131 aras\u0131nda ya\u015fanan soru-cevap gerilimi duru\u015fmaya damga vurdu. \u0130mamo\u011flu\u2019nun itiraf\u00e7\u0131 san\u0131k Erol Naim \u00d6zg\u00fcner\u2019e y\u00f6neltti\u011fi baz\u0131 sorulara mahkeme ba\u015fkan\u0131 m\u00fcdahale ederken, salonda usule ili\u015fkin tart\u0131\u015fmalar ya\u015fand\u0131. Hakim, \u0130mamo\u011flu\u2019nun sorular\u0131ndan birinin san\u0131\u011f\u0131 bask\u0131 alt\u0131na almaya y\u00f6nelik oldu\u011funu belirterek, \u201cB\u00f6yle soru sorulamaz\u201d dedi.<\/p>\n\n\n\n<p class=\"wp-block-paragraph\">Duru\u015fmada ayr\u0131ca eski \u0130BB Bilgi \u0130\u015flem Daire Ba\u015fkan\u0131 ve itiraf\u00e7\u0131 san\u0131k Naim Erol \u00d6zg\u00fcner\u2019in savunmas\u0131, \u0130BB \u00e7al\u0131\u015fan\u0131 \u00d6zg\u00fcr T\u00fcrkmen\u2019in otel kameralar\u0131n\u0131n bantlanmas\u0131na ili\u015fkin a\u00e7\u0131klamalar\u0131 ve Nahit Kiler\u2019in kre\u015f yap\u0131m\u0131na ili\u015fkin savunmas\u0131 \u00f6ne \u00e7\u0131kt\u0131.<\/p>\n\n\n\n<p class=\"wp-block-paragraph\">Cumhurba\u015fkan\u0131 Aday\u0131 ve g\u00f6revden al\u0131nan \u0130stanbul B\u00fcy\u00fck\u015fehir Belediye Ba\u015fkan\u0131 Ekrem \u0130mamo\u011flu\u2019nun da aralar\u0131nda bulundu\u011fu 53\u2019\u00fc tutuklu 414 san\u0131\u011f\u0131n yarg\u0131land\u0131\u011f\u0131 davan\u0131n ikinci celsesinin \u00fc\u00e7\u00fcnc\u00fc duru\u015fmas\u0131, \u0130stanbul 33. A\u011f\u0131r Ceza Mahkemesi taraf\u0131ndan Silivri\u2019deki Marmara Kapal\u0131 Ceza \u0130nfaz Kurumu kar\u015f\u0131s\u0131nda olu\u015fturulan salonda g\u00f6r\u00fcld\u00fc.<\/p>\n\n\n\n<p class=\"wp-block-paragraph\">Duru\u015fmaya \u0130mamo\u011flu\u2019nun yan\u0131 s\u0131ra tutuklanmalar\u0131n\u0131n ard\u0131ndan g\u00f6revlerinden uzakla\u015ft\u0131r\u0131lan \u015ei\u015fli Belediye Ba\u015fkan\u0131 Resul Emrah \u015eahan ve Beylikd\u00fcz\u00fc Belediye Ba\u015fkan\u0131 Mehmet Murat \u00c7al\u0131k\u2019\u0131n da aralar\u0131nda bulundu\u011fu baz\u0131 tutuklu san\u0131klar kat\u0131ld\u0131.<\/p>\n\n\n\n<h2 class=\"wp-block-heading\">Kiler\u2019in kre\u015f savunmas\u0131<\/h2>\n\n\n\n<p class=\"wp-block-paragraph\">Duru\u015fmada ilk olarak tutuksuz san\u0131k Emin T\u00fcre dinlendi. T\u00fcre, daha \u00f6nce yapt\u0131\u011f\u0131 savunmalar\u0131n\u0131 tekrar etti\u011fini belirterek beraatini talep etti.<\/p>\n\n\n\n<p class=\"wp-block-paragraph\">Ard\u0131ndan eski AK Parti Milletvekili Vahit Kiler\u2019in a\u011fabeyi tutuksuz san\u0131k Nahit Kiler savunma yapt\u0131. Kiler, belediye i\u00e7in kre\u015f yapt\u0131rd\u0131\u011f\u0131n\u0131, ancak i\u015f yo\u011funlu\u011fu nedeniyle in\u015faat\u0131 Adem Soytekin\u2019e ait Asoy \u0130n\u015faat\u2019a yapt\u0131rd\u0131\u011f\u0131n\u0131 s\u00f6yledi.<\/p>\n\n\n\n<p class=\"wp-block-paragraph\">Kiler\u2019in savunmas\u0131n\u0131n ard\u0131ndan Mehmet Murat \u00c7al\u0131k s\u00f6z alarak, \u201cBen maddi menfaatim i\u00e7in sizden para istedim mi?\u201d diye sordu. Kiler ise \u00c7al\u0131k\u2019\u0131n kendisinden herhangi bir para istemedi\u011fini, kre\u015f yap\u0131m\u0131 i\u00e7in ilgili \u015firkete y\u00f6nlendirdi\u011fini s\u00f6yledi.<\/p>\n\n\n\n<p class=\"wp-block-paragraph\">\u00c7al\u0131k da iddia makam\u0131n\u0131n r\u00fc\u015fvet pazarl\u0131\u011f\u0131 yap\u0131ld\u0131\u011f\u0131n\u0131 \u00f6ne s\u00fcrd\u00fc\u011f\u00fc tarihte cezaevinde oldu\u011funu belirterek, \u201cNahit Bey ancak Adalet Bakanl\u0131\u011f\u0131\u2019n\u0131n izniyle gelip benimle pazarl\u0131k yapabilir\u201d dedi.<\/p>\n\n\n\n<p class=\"wp-block-paragraph\">Avukat Nergis \u0130nce\u2019nin Kiler\u2019e Bitlis\u2019te cami ve Kur\u2019an kursu gibi yerlere de ba\u011f\u0131\u015f yap\u0131p yapmad\u0131\u011f\u0131n\u0131 sormas\u0131 \u00fczerine Kiler, bu t\u00fcr ba\u011f\u0131\u015flarda bulundu\u011funu s\u00f6yledi. Mahkeme ba\u015fkan\u0131 ise burada \u00f6nemli olan\u0131n yaln\u0131zca ba\u011f\u0131\u015f yap\u0131l\u0131p yap\u0131lmad\u0131\u011f\u0131 de\u011fil, ba\u011f\u0131\u015f\u0131n hangi y\u00f6ntem ve ko\u015fullarda ger\u00e7ekle\u015ftirildi\u011fi oldu\u011funu belirtti.<\/p>\n\n\n\n<h2 class=\"wp-block-heading\">\u201cH\u00fcseyin G\u00fcn\u2019\u00fc \u00f6mr\u00fcmde g\u00f6rmedim\u201d<\/h2>\n\n\n\n<p class=\"wp-block-paragraph\">Aran\u0131n ard\u0131ndan duru\u015fmaya itiraf\u00e7\u0131 san\u0131klar Naim Erol \u00d6zg\u00fcner ve Ertan Y\u0131ld\u0131z da kat\u0131ld\u0131. Savunma s\u0131ras\u0131 \u0130smet Koyun\u2019a geldi.<\/p>\n\n\n\n<p class=\"wp-block-paragraph\">Koyun, i\u015f insan\u0131 H\u00fcseyin G\u00fcn\u2019\u00fc hi\u00e7 tan\u0131mad\u0131\u011f\u0131n\u0131 belirterek, \u201cNe i\u00e7in burada oldu\u011fumu bilmiyorum. H\u00fcseyin G\u00fcn\u2019\u00fc \u00f6mr\u00fcmde g\u00f6rmedim. S\u00f6zde \u0130BB ile bir i\u015f yapm\u0131\u015f ama benim bundan haberim yok\u201d ifadelerini kulland\u0131.<\/p>\n\n\n\n<p class=\"wp-block-paragraph\">KOB\u0130L firmas\u0131n\u0131n sahibi oldu\u011funu belirten Koyun, \u0130BB ile ilk \u00e7al\u0131\u015fmalar\u0131n\u0131n Cumhurba\u015fkan\u0131 Recep Tayyip Erdo\u011fan\u2019\u0131n belediye ba\u015fkanl\u0131\u011f\u0131 d\u00f6nemine uzand\u0131\u011f\u0131n\u0131 s\u00f6yledi.<\/p>\n\n\n\n<p class=\"wp-block-paragraph\">Koyun, Akbil projesi ile e-Devlet projesinde g\u00f6rev ald\u0131\u011f\u0131n\u0131 belirterek, \u201cErdo\u011fan, projeyi bizzat takip etmi\u015ftir\u201d dedi.<\/p>\n\n\n\n<p class=\"wp-block-paragraph\">T\u00fcrkiye ve d\u00fcnyada bir\u00e7ok markaya g\u00fcvenlik sistemleri satt\u0131\u011f\u0131n\u0131 anlatan Koyun, \u201cBu \u00fclke i\u00e7in bir\u00e7ok teknoloji geli\u015ftirdim. Gurur duyulmas\u0131 gereken yerde \u015fimdi buraday\u0131m. \u00c7ok a\u011fr\u0131ma gidiyor\u201d diye konu\u015ftu.<\/p>\n\n\n\n<p class=\"wp-block-paragraph\">Mahkeme ba\u015fkan\u0131n\u0131n savunmas\u0131 s\u0131ras\u0131nda araya girerek konunun d\u0131\u015f\u0131na \u00e7\u0131k\u0131lmamas\u0131n\u0131 istemesi \u00fczerine Koyun, hakk\u0131nda \u00fc\u00e7 ayr\u0131 rapor bulundu\u011funu ve bu raporlarda herhangi bir bilgi s\u0131z\u0131nt\u0131s\u0131 bulgusuna rastlanmad\u0131\u011f\u0131n\u0131 savundu.<\/p>\n\n\n\n<h2 class=\"wp-block-heading\">\u201cCasusluk program\u0131 y\u00fckledi\u011fimi kim iddia ediyorsa ispatlamal\u0131\u201d<\/h2>\n\n\n\n<p class=\"wp-block-paragraph\">\u0130smet Koyun, \u0130BB\u2019nin \u201c\u0130stanbul Senin\u201d uygulamas\u0131na casusluk program\u0131 y\u00fcklendi\u011fi y\u00f6n\u00fcndeki iddialar\u0131 da reddetti.<\/p>\n\n\n\n<p class=\"wp-block-paragraph\">S\u00f6z konusu uygulamayla ilgili b\u00f6yle bir i\u015flemin yap\u0131lmas\u0131n\u0131n m\u00fcmk\u00fcn olmad\u0131\u011f\u0131n\u0131 savunan Koyun, \u201cBunu kim iddia ediyorsa ispatlamak zorunda\u201d dedi.<\/p>\n\n\n\n<p class=\"wp-block-paragraph\">Koyun ayr\u0131ca \u0130stanbul Senin uygulamas\u0131 \u00fczerinden H\u00fcseyin G\u00fcn veya Murat Ongun ile herhangi bir \u00e7al\u0131\u015fma y\u00fcr\u00fctmedi\u011fini ifade etti.<\/p>\n\n\n\n<h2 class=\"wp-block-heading\">\u201cAsk\u0131da Fatura uygulamas\u0131n\u0131n fikir babas\u0131y\u0131m\u201d<\/h2>\n\n\n\n<p class=\"wp-block-paragraph\">Koyun\u2019un ard\u0131ndan eski \u0130BB Bilgi \u0130\u015flem Daire Ba\u015fkan\u0131 ve itiraf\u00e7\u0131 san\u0131k Naim Erol \u00d6zg\u00fcner\u2019in savunmas\u0131na ge\u00e7ildi.<\/p>\n\n\n\n<p class=\"wp-block-paragraph\">Kendisini tan\u0131tan \u00d6zg\u00fcner, \u0130BB\u2019nin Ask\u0131da Fatura uygulamas\u0131n\u0131n fikir babas\u0131 oldu\u011funu ileri s\u00fcrd\u00fc. \u00d6zg\u00fcner, H\u00fcseyin G\u00fcn ile herhangi bir ili\u015fkisinin veya irtibat\u0131n\u0131n bulunmad\u0131\u011f\u0131n\u0131 savundu.<\/p>\n\n\n\n<p class=\"wp-block-paragraph\">Savunmas\u0131n\u0131n ard\u0131ndan \u00d6zg\u00fcner\u2019in sorgusuna ge\u00e7ildi.<\/p>\n\n\n\n<h2 class=\"wp-block-heading\">\u0130mamo\u011flu\u2019ndan \u00d6zg\u00fcner\u2019e: \u201cTelefonumu neden evinizde saklad\u0131n\u0131z?\u201d<\/h2>\n\n\n\n<p class=\"wp-block-paragraph\">Sorgu s\u0131ras\u0131nda Ekrem \u0130mamo\u011flu, \u00d6zg\u00fcner\u2019e dikkat \u00e7eken bir soru y\u00f6neltti.<\/p>\n\n\n\n<p class=\"wp-block-paragraph\">\u0130mamo\u011flu, \u201cBenim telefonumu neden evinizde saklad\u0131n\u0131z?\u201d diye sordu.<\/p>\n\n\n\n<p class=\"wp-block-paragraph\">\u00d6zg\u00fcner ise telefonun saklanmad\u0131\u011f\u0131n\u0131 belirterek, \u201cMuhafaza ettim\u201d yan\u0131t\u0131n\u0131 verdi.<\/p>\n\n\n\n<p class=\"wp-block-paragraph\">\u0130mamo\u011flu, s\u00f6z konusu telefonun yakla\u015f\u0131k 6-7 y\u0131l \u00f6nce kulland\u0131\u011f\u0131 ve daha sonra \u00f6zel kaleme devredilen bir cihaz oldu\u011funu s\u00f6yledi.<\/p>\n\n\n\n<p class=\"wp-block-paragraph\">\u0130mamo\u011flu\u2019nun soru y\u00f6neltti\u011fi s\u0131rada mahkeme ba\u015fkan\u0131 araya girerek, \u201cB\u00f6yle soru sorulamaz, san\u0131\u011f\u0131 bask\u0131 alt\u0131na almaya \u00e7al\u0131\u015f\u0131yorsunuz\u201d ifadelerini kulland\u0131.<\/p>\n\n\n\n<p class=\"wp-block-paragraph\">Bu m\u00fcdahale, duru\u015fman\u0131n en dikkat \u00e7eken anlar\u0131ndan biri oldu. \u0130mamo\u011flu\u2019nun sorusunun ard\u0131ndan ya\u015fanan tart\u0131\u015fma, mahkeme salonunda soru-cevap usul\u00fcn\u00fcn nas\u0131l y\u00fcr\u00fct\u00fclece\u011fi konusundaki gerilimi de g\u00f6r\u00fcn\u00fcr hale getirdi.<\/p>\n\n\n\n<h2 class=\"wp-block-heading\">\u0130mamo\u011flu: \u201cBir \u00f6rg\u00fcte \u00fcye misiniz?\u201d<\/h2>\n\n\n\n<p class=\"wp-block-paragraph\">\u0130mamo\u011flu, \u00d6zg\u00fcner\u2019e bu kez, \u201c\u00c7al\u0131\u015ft\u0131\u011f\u0131n\u0131z s\u00fcrede bir \u00f6rg\u00fct g\u00f6rd\u00fcn\u00fcz m\u00fc? Bir \u00f6rg\u00fcte \u00fcye misiniz?\u201d sorusunu y\u00f6neltti.<\/p>\n\n\n\n<p class=\"wp-block-paragraph\">\u00d6zg\u00fcner, \u201c\u00d6rg\u00fcte var veya yok diyemem. Ama ben bir \u00f6rg\u00fct \u00fcyesi de\u011filim\u201d \u015feklinde cevap verdi.<\/p>\n\n\n\n<p class=\"wp-block-paragraph\">Bunun \u00fczerine mahkeme ba\u015fkan\u0131 yeniden m\u00fcdahale etti. \u0130mamo\u011flu\u2019nun \u201cSavunma da yapt\u0131rmad\u0131n\u0131z\u201d s\u00f6zleri \u00fczerine hakim, \u201cSize s\u00fcre verdim, kendiniz yapmad\u0131n\u0131z\u201d kar\u015f\u0131l\u0131\u011f\u0131n\u0131 verdi.<\/p>\n\n\n\n<p class=\"wp-block-paragraph\">Ya\u015fanan kar\u015f\u0131l\u0131kl\u0131 a\u00e7\u0131klamalar sonras\u0131nda avukatlar da itirazlar\u0131n\u0131 dile getirdi.<\/p>\n\n\n\n<h2 class=\"wp-block-heading\">Hakimden salonda sert uyar\u0131: \u201cHo\u015funa gitmeyen \u00e7\u0131kabilir\u201d<\/h2>\n\n\n\n<p class=\"wp-block-paragraph\">Avukatlar\u0131n itirazlar\u0131n\u0131n ard\u0131ndan mahkeme ba\u015fkan\u0131, duru\u015fma salonundaki usule ili\u015fkin uygulamaya dair sert bir uyar\u0131da bulundu.<\/p>\n\n\n\n<p class=\"wp-block-paragraph\">Hakim, \u201cS\u00f6z vermeden konu\u015fmay\u0131n. B\u00f6yle s\u00f6z vermeden konu\u015fan olursa \u00e7\u0131kart\u0131r\u0131m salondan. Ho\u015funa gitmeyen \u00e7\u0131kabilir\u201d dedi.<\/p>\n\n\n\n<p class=\"wp-block-paragraph\">Mahkeme ba\u015fkan\u0131 ayr\u0131ca bundan sonraki soru-cevap b\u00f6l\u00fcm\u00fcnde Ceza Muhakemesi Kanunu\u2019nun 201. maddesinin uygulanaca\u011f\u0131n\u0131 belirtti.<\/p>\n\n\n\n<p class=\"wp-block-paragraph\">Buna g\u00f6re taraflar sorular\u0131n\u0131 do\u011frudan san\u0131\u011fa y\u00f6neltmek yerine \u00f6nce mahkemeye iletecek, mahkeme ba\u015fkan\u0131 uygun g\u00f6rd\u00fc\u011f\u00fc sorular\u0131 san\u0131\u011fa y\u00f6neltecek.<\/p>\n\n\n\n<p class=\"wp-block-paragraph\">Bu karar\u0131n ard\u0131ndan duru\u015fmadaki soru-cevap y\u00f6nteminin daha kontroll\u00fc y\u00fcr\u00fct\u00fclmesi hedeflenirken, taraflar\u0131n sorular\u0131n\u0131n mahkeme heyetinin s\u00fczgecinden ge\u00e7mesi salondaki tart\u0131\u015fman\u0131n da temel noktalar\u0131ndan biri oldu.<\/p>\n\n\n\n<h2 class=\"wp-block-heading\">\u00d6zg\u00fcr T\u00fcrkmen\u2019den otel kameralar\u0131n\u0131n bantlanmas\u0131na ili\u015fkin savunma<\/h2>\n\n\n\n<p class=\"wp-block-paragraph\">Duru\u015fmada \u0130BB\u2019de memur olarak g\u00f6rev yapan tutuksuz san\u0131k \u00d6zg\u00fcr T\u00fcrkmen de savunma yapt\u0131.<\/p>\n\n\n\n<p class=\"wp-block-paragraph\">T\u00fcrkmen, Ekrem \u0130mamo\u011flu\u2019nun gitti\u011fi otelde g\u00fcvenlik kameralar\u0131n\u0131n bantlanmas\u0131na ili\u015fkin su\u00e7lamalar\u0131 kabul etmedi.<\/p>\n\n\n\n<p class=\"wp-block-paragraph\">KPSS ile memur oldu\u011funu ve ge\u00e7imini memur maa\u015f\u0131yla sa\u011flad\u0131\u011f\u0131n\u0131 belirten T\u00fcrkmen, olay g\u00fcn\u00fc otele \u0130mamo\u011flu\u2019nun k\u0131yafet de\u011fi\u015ftirmesi amac\u0131yla gitti\u011fini s\u00f6yledi.<\/p>\n\n\n\n<p class=\"wp-block-paragraph\">Kendisine y\u00f6neltilen \u201cSu\u00e7 delillerini gizleme veya de\u011fi\u015ftirme\u201d su\u00e7lamas\u0131n\u0131 reddeden T\u00fcrkmen, bir devlet memuru olarak b\u00f6yle bir giri\u015fimde bulunmas\u0131n\u0131n s\u00f6z konusu olmad\u0131\u011f\u0131n\u0131 savundu.<\/p>\n\n\n\n<p class=\"wp-block-paragraph\">T\u00fcrkmen, otelin giri\u015f ve \u00e7\u0131k\u0131\u015f g\u00f6r\u00fcnt\u00fclerinin incelenmesi halinde \u0130mamo\u011flu\u2019nun tak\u0131m elbisesiyle otele girdi\u011finin, daha sonra tek ba\u015f\u0131na \u00e7\u0131k\u0131\u015f yapt\u0131\u011f\u0131n\u0131n ve i\u00e7eride yakla\u015f\u0131k 15 dakika kald\u0131\u011f\u0131n\u0131n g\u00f6r\u00fclebilece\u011fini ifade etti.<\/p>\n\n\n\n<h2 class=\"wp-block-heading\">Savc\u0131 sordu: \u201cBu kamera bantlama i\u015fini s\u0131k s\u0131k yapar m\u0131s\u0131n\u0131z?\u201d<\/h2>\n\n\n\n<p class=\"wp-block-paragraph\">Duru\u015fma savc\u0131s\u0131n\u0131n, \u201cBu kamera bantlama i\u015fini s\u0131k s\u0131k yapar m\u0131s\u0131n\u0131z?\u201d sorusuna T\u00fcrkmen, \u201cYok, bir kere yapt\u0131m. Onda da kasti de\u011fil, kas\u0131ts\u0131z\u201d yan\u0131t\u0131n\u0131 verdi.<\/p>\n\n\n\n<p class=\"wp-block-paragraph\">Savc\u0131n\u0131n, kameralar\u0131n bantlanmas\u0131 konusunda kendisine herhangi bir talimat verilip verilmedi\u011fini sormas\u0131 \u00fczerine T\u00fcrkmen, \u201cHay\u0131r\u201d dedi.<\/p>\n\n\n\n<p class=\"wp-block-paragraph\">2022 y\u0131l\u0131n\u0131n Aral\u0131k ay\u0131nda g\u00f6reve ba\u015flad\u0131\u011f\u0131n\u0131 belirten T\u00fcrkmen, g\u00f6reve geldi\u011finde bu uygulaman\u0131n ekip i\u00e7erisinde zaten yap\u0131ld\u0131\u011f\u0131n\u0131 \u00f6ne s\u00fcrd\u00fc.<\/p>\n\n\n\n<p class=\"wp-block-paragraph\">T\u00fcrkmen, uygulaman\u0131n daha \u00f6nce \u0130mamo\u011flu\u2019na ait g\u00f6r\u00fcnt\u00fclerin bas\u0131na servis edilmesi nedeniyle ba\u015flat\u0131ld\u0131\u011f\u0131n\u0131 savundu. \u0130mamo\u011flu\u2019nun farkl\u0131 programlarda k\u0131yafet de\u011fi\u015ftirmesinin zamanla ekip a\u00e7\u0131s\u0131ndan standart bir uygulama haline geldi\u011fini ifade etti.<\/p>\n\n\n\n<p class=\"wp-block-paragraph\">\u0130BB davas\u0131n\u0131n 67. duru\u015fmas\u0131nda ya\u015fananlar, bir yandan san\u0131klar\u0131n kendilerine y\u00f6neltilen su\u00e7lamalara ili\u015fkin savunmalar\u0131n\u0131 s\u00fcrd\u00fcrd\u00fc\u011f\u00fc, di\u011fer yandan da mahkeme salonundaki soru-cevap usul\u00fcn\u00fcn tart\u0131\u015f\u0131ld\u0131\u011f\u0131 bir oturum ortaya \u00e7\u0131kard\u0131. \u00d6zellikle \u0130mamo\u011flu ile mahkeme ba\u015fkan\u0131 aras\u0131nda ya\u015fanan soru-cevap gerilimi ve hakim taraf\u0131ndan CMK\u2019n\u0131n 201. maddesine yap\u0131lan vurgu, duru\u015fman\u0131n \u00f6ne \u00e7\u0131kan ba\u015fl\u0131klar\u0131 aras\u0131nda yer ald\u0131.<\/p>\n\n\n\n<p class=\"wp-block-paragraph\">Duru\u015fmada san\u0131klar\u0131n su\u00e7lamalara ili\u015fkin beyanlar\u0131 devam ederken, mahkemenin ilerleyen b\u00f6l\u00fcmlerinde hangi iddialar\u0131n ve delillerin nas\u0131l de\u011ferlendirilece\u011fi yarg\u0131laman\u0131n seyri a\u00e7\u0131s\u0131ndan \u00f6nem ta\u015f\u0131maya devam ediyor.<\/p>\n","protected":false},"excerpt":{"rendered":"<p>\u0130stanbul B\u00fcy\u00fck\u015fehir Belediyesi (\u0130BB) davas\u0131n\u0131n 67. duru\u015fmas\u0131nda Ekrem \u0130mamo\u011flu ile mahkeme ba\u015fkan\u0131 aras\u0131nda ya\u015fanan soru-cevap&#8230;<\/p>\n","protected":false},"author":1,"featured_media":4507,"comment_status":"open","ping_status":"open","sticky":false,"template":"","format":"standard","meta":{"footnotes":""},"categories":[56],"tags":[],"ppma_author":[57],"class_list":["post-4506","post","type-post","status-publish","format-standard","has-post-thumbnail","hentry","category-guncel"],"authors":[{"term_id":57,"user_id":1,"is_guest":0,"slug":"admin","display_name":"Alp Aslan","avatar_url":"https:\/\/secure.gravatar.com\/avatar\/07c18c5ad3350b025db8f3328450e071acb435c703e565899c880c63362f137a?s=96&d=mm&r=g","author_category":"1","first_name":"Alp Aslan","last_name":"ER\u0130N","user_url":"http:\/\/www.gundem59.com.tr","job_title":"","description":""}],"_links":{"self":[{"href":"https:\/\/gundem59.com.tr\/index.php?rest_route=\/wp\/v2\/posts\/4506","targetHints":{"allow":["GET"]}}],"collection":[{"href":"https:\/\/gundem59.com.tr\/index.php?rest_route=\/wp\/v2\/posts"}],"about":[{"href":"https:\/\/gundem59.com.tr\/index.php?rest_route=\/wp\/v2\/types\/post"}],"author":[{"embeddable":true,"href":"https:\/\/gundem59.com.tr\/index.php?rest_route=\/wp\/v2\/users\/1"}],"replies":[{"embeddable":true,"href":"https:\/\/gundem59.com.tr\/index.php?rest_route=%2Fwp%2Fv2%2Fcomments&post=4506"}],"version-history":[{"count":1,"href":"https:\/\/gundem59.com.tr\/index.php?rest_route=\/wp\/v2\/posts\/4506\/revisions"}],"predecessor-version":[{"id":4508,"href":"https:\/\/gundem59.com.tr\/index.php?rest_route=\/wp\/v2\/posts\/4506\/revisions\/4508"}],"wp:featuredmedia":[{"embeddable":true,"href":"https:\/\/gundem59.com.tr\/index.php?rest_route=\/wp\/v2\/media\/4507"}],"wp:attachment":[{"href":"https:\/\/gundem59.com.tr\/index.php?rest_route=%2Fwp%2Fv2%2Fmedia&parent=4506"}],"wp:term":[{"taxonomy":"category","embeddable":true,"href":"https:\/\/gundem59.com.tr\/index.php?rest_route=%2Fwp%2Fv2%2Fcategories&post=4506"},{"taxonomy":"post_tag","embeddable":true,"href":"https:\/\/gundem59.com.tr\/index.php?rest_route=%2Fwp%2Fv2%2Ftags&post=4506"},{"taxonomy":"author","embeddable":true,"href":"https:\/\/gundem59.com.tr\/index.php?rest_route=%2Fwp%2Fv2%2Fppma_author&post=4506"}],"curies":[{"name":"wp","href":"https:\/\/api.w.org\/{rel}","templated":true}]}}