{"id":4503,"date":"2026-08-20T11:11:42","date_gmt":"2026-08-20T11:11:42","guid":{"rendered":"https:\/\/gundem59.com.tr\/?p=4503"},"modified":"2026-08-20T11:11:43","modified_gmt":"2026-08-20T11:11:43","slug":"emeklilere-seyyanen-zam-beklentisi-devam-ediyor","status":"publish","type":"post","link":"https:\/\/gundem59.com.tr\/?p=4503","title":{"rendered":"Emeklilere Seyyanen Zam Beklentisi Devam Ediyor"},"content":{"rendered":"\n<p class=\"wp-block-paragraph\"><strong>Anayasa Mahkemesi&#8217;ndeki s\u00fcre\u00e7 emeklilere seyyanen zam umutlar\u0131n\u0131 art\u0131rd\u0131, ancak kesin bir karar yok.<\/strong><\/p>\n\n\n\n<p class=\"wp-block-paragraph\">2026 y\u0131l\u0131nda emekli maa\u015flar\u0131na y\u00f6nelik ek art\u0131\u015f beklentisi s\u00fcrerken, Anayasa Mahkemesi&#8217;nde y\u00fcr\u00fct\u00fclen s\u00fcre\u00e7te 6 A\u011fustos 2026&#8217;da ya\u015fanan geli\u015fme seyyanen zam tart\u0131\u015fmalar\u0131n\u0131 yeniden \u00f6ne \u00e7\u0131kard\u0131. Ba\u015fta memur emeklileri olmak \u00fczere SSK ve Ba\u011f-Kur emeklileri, olas\u0131 bir karar\u0131n maa\u015flara etkisini ve d\u00fczenlemenin kapsam\u0131n\u0131 merak ediyor.<\/p>\n\n\n\n<p class=\"wp-block-paragraph\">Emeklilere seyyanen zam beklentisinin temelinde, 2023 y\u0131l\u0131nda g\u00f6revdeki memurlara verilen 8 bin 77 TL&#8217;lik ek \u00f6demenin emekli memurlar\u0131n ayl\u0131klar\u0131na da yans\u0131t\u0131lmas\u0131 talebi bulunuyor. Ancak incelenen ba\u015fvuru do\u011frudan memur emeklilerini ilgilendiriyor; SSK ve Ba\u011f-Kur emeklileri bu dava kapsam\u0131nda yer alm\u0131yor. Bu nedenle AYM s\u00fcrecinin, bu iki gruba otomatik olarak seyyanen zam sa\u011flayaca\u011f\u0131na dair kesinle\u015fmi\u015f bir h\u00fck\u00fcm bulunmuyor. Bu gruplar\u0131 kapsayan ayr\u0131 bir resmi d\u00fczenleme de hen\u00fcz a\u00e7\u0131klanmad\u0131.<\/p>\n\n\n\n<p class=\"wp-block-paragraph\">Anayasa Mahkemesi&#8217;nde devam eden s\u00fcre\u00e7te 6 A\u011fustos 2026&#8217;da, Yarg\u0131tay 7. Ceza Dairesi Onursal \u00dcyesi Seyfettin \u00c7ilesiz&#8217;in ikinci bireysel ba\u015fvurusu, ayn\u0131 konuyu kapsayan 2026\/7162 numaral\u0131 dosyayla birle\u015ftirildi. Benzer talepler tek dosya \u00fczerinden ele al\u0131nacak. Ancak dosyalar\u0131n birle\u015ftirilmesi, emeklilere seyyanen zam yap\u0131laca\u011f\u0131 anlam\u0131na gelmiyor. Kesin sonu\u00e7, AYM&#8217;nin esas incelemesini tamamlayarak verece\u011fi kararla netle\u015fecek.<\/p>\n\n\n\n<p class=\"wp-block-paragraph\">\u015eu a\u015famada emeklilere y\u00f6nelik yeni bir seyyanen art\u0131\u015f\u0131 kesinle\u015ftiren mahkeme karar\u0131 veya y\u00fcr\u00fcrl\u00fckte mevzuat bulunmuyor. Dava, memur emeklilerinin 2023&#8217;teki seyyanen \u00f6demeden yararland\u0131r\u0131lmamas\u0131na ili\u015fkin oldu\u011fu i\u00e7in SSK ve Ba\u011f-Kur emeklileri mevcut ba\u015fvurunun do\u011frudan kapsam\u0131 i\u00e7inde de\u011fil. Bu gruplar\u0131n olas\u0131 bir AYM karar\u0131yla otomatik olarak ayn\u0131 art\u0131\u015ftan faydalanaca\u011f\u0131na dair kesinle\u015fmi\u015f bir h\u00fck\u00fcm de yok. Onlar\u0131 da kapsayacak bir seyyanen art\u0131\u015f i\u00e7in ayr\u0131ca yasal d\u00fczenleme veya ba\u011flay\u0131c\u0131 bir karar al\u0131nmas\u0131 gerekiyor.<\/p>\n\n\n\n<p class=\"wp-block-paragraph\">2023 y\u0131l\u0131nda g\u00f6revdeki memurlar\u0131n maa\u015flar\u0131na 8 bin 77 TL tutar\u0131nda seyyanen art\u0131\u015f yap\u0131lm\u0131\u015f, ancak bu art\u0131\u015f memur emeklilerinin ayl\u0131klar\u0131na yans\u0131t\u0131lmam\u0131\u015ft\u0131. Bunun \u00fczerine baz\u0131 emekli memurlar hukuki yollara ba\u015fvurdu. S\u00fcrecin AYM&#8217;ye ta\u015f\u0131nmas\u0131yla g\u00f6zler mahkemenin karar\u0131na \u00e7evrildi. AYM&#8217;deki ba\u015fvuru do\u011frudan memur emeklilerini ilgilendiriyor; SSK ve Ba\u011f-Kur emeklilerinin kendili\u011finden yararlanmas\u0131n\u0131 sa\u011flayacak kesinle\u015fmi\u015f bir karar \u015fu anda bulunmuyor.<\/p>\n","protected":false},"excerpt":{"rendered":"<p>Anayasa Mahkemesi&#8217;ndeki s\u00fcre\u00e7 emeklilere seyyanen zam umutlar\u0131n\u0131 art\u0131rd\u0131, ancak kesin bir karar yok. 2026 y\u0131l\u0131nda&#8230;<\/p>\n","protected":false},"author":1,"featured_media":4504,"comment_status":"open","ping_status":"open","sticky":false,"template":"","format":"standard","meta":{"footnotes":""},"categories":[53],"tags":[],"ppma_author":[57],"class_list":["post-4503","post","type-post","status-publish","format-standard","has-post-thumbnail","hentry","category-ekonomi"],"authors":[{"term_id":57,"user_id":1,"is_guest":0,"slug":"admin","display_name":"Alp Aslan","avatar_url":"https:\/\/secure.gravatar.com\/avatar\/07c18c5ad3350b025db8f3328450e071acb435c703e565899c880c63362f137a?s=96&d=mm&r=g","author_category":"1","first_name":"Alp Aslan","last_name":"ER\u0130N","user_url":"http:\/\/www.gundem59.com.tr","job_title":"","description":""}],"_links":{"self":[{"href":"https:\/\/gundem59.com.tr\/index.php?rest_route=\/wp\/v2\/posts\/4503","targetHints":{"allow":["GET"]}}],"collection":[{"href":"https:\/\/gundem59.com.tr\/index.php?rest_route=\/wp\/v2\/posts"}],"about":[{"href":"https:\/\/gundem59.com.tr\/index.php?rest_route=\/wp\/v2\/types\/post"}],"author":[{"embeddable":true,"href":"https:\/\/gundem59.com.tr\/index.php?rest_route=\/wp\/v2\/users\/1"}],"replies":[{"embeddable":true,"href":"https:\/\/gundem59.com.tr\/index.php?rest_route=%2Fwp%2Fv2%2Fcomments&post=4503"}],"version-history":[{"count":1,"href":"https:\/\/gundem59.com.tr\/index.php?rest_route=\/wp\/v2\/posts\/4503\/revisions"}],"predecessor-version":[{"id":4505,"href":"https:\/\/gundem59.com.tr\/index.php?rest_route=\/wp\/v2\/posts\/4503\/revisions\/4505"}],"wp:featuredmedia":[{"embeddable":true,"href":"https:\/\/gundem59.com.tr\/index.php?rest_route=\/wp\/v2\/media\/4504"}],"wp:attachment":[{"href":"https:\/\/gundem59.com.tr\/index.php?rest_route=%2Fwp%2Fv2%2Fmedia&parent=4503"}],"wp:term":[{"taxonomy":"category","embeddable":true,"href":"https:\/\/gundem59.com.tr\/index.php?rest_route=%2Fwp%2Fv2%2Fcategories&post=4503"},{"taxonomy":"post_tag","embeddable":true,"href":"https:\/\/gundem59.com.tr\/index.php?rest_route=%2Fwp%2Fv2%2Ftags&post=4503"},{"taxonomy":"author","embeddable":true,"href":"https:\/\/gundem59.com.tr\/index.php?rest_route=%2Fwp%2Fv2%2Fppma_author&post=4503"}],"curies":[{"name":"wp","href":"https:\/\/api.w.org\/{rel}","templated":true}]}}