{"id":4497,"date":"2026-08-20T11:04:51","date_gmt":"2026-08-20T11:04:51","guid":{"rendered":"https:\/\/gundem59.com.tr\/?p=4497"},"modified":"2026-08-20T11:04:52","modified_gmt":"2026-08-20T11:04:52","slug":"chpden-issizlik-raporu-96-milyon-gercek-issiz","status":"publish","type":"post","link":"https:\/\/gundem59.com.tr\/?p=4497","title":{"rendered":"CHP&#8217;den \u0130\u015fsizlik Raporu: 9,6 Milyon Ger\u00e7ek \u0130\u015fsiz"},"content":{"rendered":"\n<p class=\"wp-block-paragraph\"><strong>(ANKARA)<\/strong> \u2013 CHP Grup Ba\u015fkan\u0131 Faik \u00d6ztrak, 2026 y\u0131l\u0131n\u0131n ikinci \u00e7eyre\u011fine ili\u015fkin i\u015f g\u00fcc\u00fc verilerini de\u011ferlendirdi. \u00d6ztrak, T\u00dc\u0130K&#8217;in a\u00e7\u0131klad\u0131\u011f\u0131 resmi i\u015fsiz say\u0131s\u0131 ile geni\u015f tan\u0131ml\u0131 i\u015fsiz say\u0131s\u0131 aras\u0131ndaki fark\u0131n 9 milyon 599 bin ki\u015fiye \u00e7\u0131kt\u0131\u011f\u0131n\u0131 belirterek, &#8220;Ger\u00e7ek i\u015fsiz say\u0131s\u0131 resmi i\u015fsiz say\u0131s\u0131n\u0131n 4,6 kat\u0131na ula\u015ft\u0131. Bu k\u00f6t\u00fc bir rekor&#8221; dedi.<\/p>\n\n\n\n<p class=\"wp-block-paragraph\">\u00d6ztrak, sosyal medya hesab\u0131ndan yapt\u0131\u011f\u0131 a\u00e7\u0131klamada \u015fu ifadeleri kulland\u0131:<\/p>\n\n\n\n<p class=\"wp-block-paragraph\">&#8220;Bu y\u0131l\u0131n ikinci \u00fc\u00e7 ay\u0131nda, \u00f6nceki y\u0131l\u0131n ayn\u0131 d\u00f6nemine g\u00f6re; T\u00dc\u0130K&#8217;in a\u00e7\u0131klad\u0131\u011f\u0131 resmi i\u015fsiz say\u0131s\u0131yla i\u015f bulma umudunu kaybetti\u011fi i\u00e7in ya da di\u011fer sebeplerle i\u015f aramaktan vazge\u00e7enler ile \u00e7o\u011fu g\u00fcvencesiz ve d\u00fc\u015f\u00fck \u00fccretli, saatlik i\u015flerden ekme\u011fini \u00e7\u0131karmaya \u00e7al\u0131\u015fanlar\u0131 da kapsayan ger\u00e7ek i\u015fsiz say\u0131s\u0131 aras\u0131ndaki fark, 9 milyon 599 bin ki\u015fiyle serideki en y\u00fcksek 3. seviyesine y\u00fckseldi! Ger\u00e7ek i\u015fsiz say\u0131s\u0131 resmi i\u015fsiz say\u0131s\u0131n\u0131n 4,6 kat\u0131na ula\u015ft\u0131! Bu k\u00f6t\u00fc bir rekor! Bu d\u00f6nemde \u00e7al\u0131\u015fma \u00e7a\u011f\u0131ndaki n\u00fcfus 591 bin ki\u015fi artarken, \u00e7al\u0131\u015fan ve \u00e7al\u0131\u015fmak isteyenlerin (\u0130\u015fg\u00fcc\u00fcne dahil olanlar\u0131n) toplam say\u0131s\u0131 186 bin ki\u015fi azald\u0131. \u00c7al\u0131\u015fan say\u0131s\u0131nda ise kayda de\u011fer bir art\u0131\u015f yokken, \u00e7al\u0131\u015fmak isteyenlerin say\u0131s\u0131 d\u00fc\u015ft\u00fc\u011f\u00fc i\u00e7in i\u015fsiz say\u0131s\u0131 218 bin ki\u015fi azalm\u0131\u015f g\u00f6r\u00fcn\u00fcyor. T\u00dc\u0130K i\u015f imkanlar\u0131n\u0131 art\u0131rmadan i\u015fsizli\u011fi azaltmaya devam ediyor!<\/p>\n\n\n\n<p class=\"wp-block-paragraph\">Di\u011fer taraftan, 2020&#8217;daki pandemi sonras\u0131 toplam istihdamda milyonlarla ifade edilen art\u0131\u015flar \u015fimdi y\u00f6n\u00fcn\u00fc a\u015fa\u011f\u0131 \u00e7evirdi. Son 6 \u00e7eyre\u011fin 5&#8217;inde istihdam \u00f6nceki y\u0131l\u0131n ayn\u0131 \u00e7eyre\u011fine g\u00f6re azalm\u0131\u015f. 2026&#8217;n\u0131n ikinci \u00fc\u00e7 ay\u0131nda istihdamdaki art\u0131\u015f sadece 33 bin ki\u015fi! \u00c7al\u0131\u015fanlar\u0131n da \u00f6nemli bir b\u00f6l\u00fcm\u00fc &#8216;zamana ba\u011fl\u0131 eksik istihdam&#8217; kapsam\u0131nda. \u0130\u015f bulma \u00fcmidini yitirdi\u011fi i\u00e7in i\u015f aramayanlar\u0131 i\u015fsiz saymayan T\u00dc\u0130K, daha fazla \u00e7al\u0131\u015fmak istedi\u011fi halde bu imkan\u0131 bulamayan ve haftada 40 saatten az \u00e7al\u0131\u015farak nafakas\u0131n\u0131 \u00e7\u0131karmaya u\u011fra\u015fan insanlar\u0131 istihdamda say\u0131yor. Resmi i\u015fsiz say\u0131s\u0131 i\u00e7inde g\u00f6r\u00fcnmeyen, ancak ger\u00e7ek i\u015fsiz say\u0131s\u0131 hesab\u0131na giren bu grupta \u00e7al\u0131\u015fanlar\u0131n say\u0131s\u0131 4,4 milyon ki\u015fi. \u00dclkemizde \u00e7al\u0131\u015f\u0131yor g\u00f6r\u00fcnen her 100 ki\u015fiden 13&#8217;\u00fc bu kalitesiz istihdam kapsam\u0131nda\u2026 Pandemiden \u00f6nce bu oran sadece y\u00fczde 1 idi.<\/p>\n\n\n\n<p class=\"wp-block-paragraph\">Sanayi istihdam\u0131 \u00e7ok ciddi alarm veriyor. Son bir y\u0131lda sanayi sekt\u00f6r\u00fcnde \u00e7al\u0131\u015fan say\u0131s\u0131 226 bin ki\u015fi azald\u0131. Sanayi istihdam\u0131 son 6 \u00e7eyrektir y\u0131ll\u0131k olarak azal\u0131yor. Son 4 \u00e7eyrekte sanayide \u00e7al\u0131\u015fan say\u0131s\u0131ndaki y\u0131ll\u0131k azal\u0131\u015f 200 bin ki\u015finin \u00fczerinde seyrediyor! Sanayi istihdam\u0131n\u0131n toplam istihdam i\u00e7indeki pay\u0131 ise %20&#8217;nin alt\u0131na geriledi. Sanayinin alt sekt\u00f6rlerindeki \u00fccretli \u00e7al\u0131\u015fan say\u0131lar\u0131na \u00fc\u00e7 ayl\u0131k ortalamalarla bakt\u0131\u011f\u0131m\u0131zda bu d\u00f6nemde \u00e7al\u0131\u015fan say\u0131s\u0131ndaki azal\u0131\u015fa tekstil, haz\u0131r giyim sekt\u00f6rlerinin \u00f6nc\u00fcl\u00fck etti\u011fi g\u00f6r\u00fcl\u00fcyor. Ayr\u0131ca kau\u00e7uk ve plastik imalat\u0131 ile makine te\u00e7hizat \u00fcretiminde \u00e7al\u0131\u015fan say\u0131lar\u0131ndaki azal\u0131\u015flar da dikkat \u00e7ekiyor. Ara mal\u0131 \u00fcretiminde \u00e7al\u0131\u015fanlar\u0131n say\u0131s\u0131 son 21 ayd\u0131r sermaye mal\u0131 \u00fcretiminde \u00e7al\u0131\u015fanlar\u0131n say\u0131s\u0131 ise son 14 ayd\u0131r y\u0131ll\u0131k olarak s\u00fcrekli geriliyor.<\/p>\n\n\n\n<p class=\"wp-block-paragraph\">\u00dclkede i\u015fg\u00fcc\u00fcne kat\u0131lma oran\u0131 son bir y\u0131lda 1 puana yak\u0131n azald\u0131. \u00c7al\u0131\u015fma \u00e7a\u011f\u0131ndaki 67 milyon ki\u015fiden 32 milyonu \u00e7al\u0131\u015fm\u0131yor, i\u015f de aram\u0131yor. 2,5 milyon ki\u015fi i\u015f bulma \u00fcmidi kalmad\u0131\u011f\u0131 i\u00e7in i\u015f aramaktan vazge\u00e7mi\u015f. Bir o kadar da i\u015f ba\u015f\u0131 yapabilecek durumda olup ba\u015fka sebeplerle i\u015f aramayan var. 15-34 ya\u015f grubunda 6,5 milyon gencimiz, yani bu ya\u015f grubundaki her 100 gen\u00e7ten 27&#8217;si ne okuyor ne de \u00e7al\u0131\u015f\u0131yor. Ta\u015f\u0131 s\u0131ksa suyunu \u00e7\u0131karacak \u00fclkemizin en \u00f6nemli stratejik \u00fcst\u00fcnl\u00fcklerinden biri olan milyonlarca gencimiz ev genci olmu\u015f, evde anas\u0131n\u0131n babas\u0131n\u0131n eline bak\u0131yor. \u00dcyesi oldu\u011fumuz OECD i\u00e7inde, ev genci oran\u0131n\u0131n en y\u00fcksek oldu\u011fu \u00fclkeyiz!<\/p>\n\n\n\n<p class=\"wp-block-paragraph\">Y\u00fcksek faiz-kontroll\u00fc kur politikas\u0131 enflasyonu y\u00fczde 30&#8217;un alt\u0131na \u00e7ekemedi\u011fi gibi ekonomide k\u0131r\u0131lganl\u0131k her ge\u00e7en g\u00fcn art\u0131r\u0131yor. \u015eirketler finansmana ula\u015fmakta \u0130hracat\u00e7\u0131 yurt d\u0131\u015f\u0131ndaki rakipleriyle rekabet etmekte her ge\u00e7en g\u00fcn daha fazla zorlan\u0131yor. Enflasyonun ezdi\u011fi milletimiz, bir de i\u015fsizlikle bo\u011fu\u015fuyor. \u0130\u015fsiz gen\u00e7lerin oldu\u011fu evlerde her g\u00fcn k\u00fc\u00e7\u00fck k\u0131yametler ya\u015fan\u0131yor. Gelecek nesil, gelece\u011fe umutla bakam\u0131yor, bir yuva, bir hayat kurma umudunu yitiriyor. Vatanda\u015flar\u0131m\u0131z\u0131n sesini duymayan, halini g\u00f6rmeyen saray y\u00f6netimi milletimizin ufkunu her ge\u00e7en g\u00fcn biraz daha karart\u0131yor.&#8221;<\/p>\n","protected":false},"excerpt":{"rendered":"<p>(ANKARA) \u2013 CHP Grup Ba\u015fkan\u0131 Faik \u00d6ztrak, 2026 y\u0131l\u0131n\u0131n ikinci \u00e7eyre\u011fine ili\u015fkin i\u015f g\u00fcc\u00fc verilerini&#8230;<\/p>\n","protected":false},"author":1,"featured_media":4498,"comment_status":"open","ping_status":"open","sticky":false,"template":"","format":"standard","meta":{"footnotes":""},"categories":[52],"tags":[],"ppma_author":[57],"class_list":["post-4497","post","type-post","status-publish","format-standard","has-post-thumbnail","hentry","category-politika"],"authors":[{"term_id":57,"user_id":1,"is_guest":0,"slug":"admin","display_name":"Alp Aslan","avatar_url":"https:\/\/secure.gravatar.com\/avatar\/07c18c5ad3350b025db8f3328450e071acb435c703e565899c880c63362f137a?s=96&d=mm&r=g","author_category":"1","first_name":"Alp Aslan","last_name":"ER\u0130N","user_url":"http:\/\/www.gundem59.com.tr","job_title":"","description":""}],"_links":{"self":[{"href":"https:\/\/gundem59.com.tr\/index.php?rest_route=\/wp\/v2\/posts\/4497","targetHints":{"allow":["GET"]}}],"collection":[{"href":"https:\/\/gundem59.com.tr\/index.php?rest_route=\/wp\/v2\/posts"}],"about":[{"href":"https:\/\/gundem59.com.tr\/index.php?rest_route=\/wp\/v2\/types\/post"}],"author":[{"embeddable":true,"href":"https:\/\/gundem59.com.tr\/index.php?rest_route=\/wp\/v2\/users\/1"}],"replies":[{"embeddable":true,"href":"https:\/\/gundem59.com.tr\/index.php?rest_route=%2Fwp%2Fv2%2Fcomments&post=4497"}],"version-history":[{"count":1,"href":"https:\/\/gundem59.com.tr\/index.php?rest_route=\/wp\/v2\/posts\/4497\/revisions"}],"predecessor-version":[{"id":4499,"href":"https:\/\/gundem59.com.tr\/index.php?rest_route=\/wp\/v2\/posts\/4497\/revisions\/4499"}],"wp:featuredmedia":[{"embeddable":true,"href":"https:\/\/gundem59.com.tr\/index.php?rest_route=\/wp\/v2\/media\/4498"}],"wp:attachment":[{"href":"https:\/\/gundem59.com.tr\/index.php?rest_route=%2Fwp%2Fv2%2Fmedia&parent=4497"}],"wp:term":[{"taxonomy":"category","embeddable":true,"href":"https:\/\/gundem59.com.tr\/index.php?rest_route=%2Fwp%2Fv2%2Fcategories&post=4497"},{"taxonomy":"post_tag","embeddable":true,"href":"https:\/\/gundem59.com.tr\/index.php?rest_route=%2Fwp%2Fv2%2Ftags&post=4497"},{"taxonomy":"author","embeddable":true,"href":"https:\/\/gundem59.com.tr\/index.php?rest_route=%2Fwp%2Fv2%2Fppma_author&post=4497"}],"curies":[{"name":"wp","href":"https:\/\/api.w.org\/{rel}","templated":true}]}}