{"id":4491,"date":"2026-08-20T10:58:39","date_gmt":"2026-08-20T10:58:39","guid":{"rendered":"https:\/\/gundem59.com.tr\/?p=4491"},"modified":"2026-08-20T10:58:40","modified_gmt":"2026-08-20T10:58:40","slug":"bu-aksam-avrupa-sahnesindeyiz-besiktas-ve-trabzonspor-sahaya-cikiyor","status":"publish","type":"post","link":"https:\/\/gundem59.com.tr\/?p=4491","title":{"rendered":"Bu Ak\u015fam Avrupa Sahnesindeyiz! Be\u015fikta\u015f ve Trabzonspor Sahaya \u00c7\u0131k\u0131yor"},"content":{"rendered":"\n<p class=\"wp-block-paragraph\">T\u00fcrk futbolunun iki temsilcisi <strong>Be\u015fikta\u015f ve Trabzonspor<\/strong>, UEFA Avrupa Ligi play-off turu ilk ma\u00e7lar\u0131nda bu ak\u015fam sahaya \u00e7\u0131kacak. Be\u015fikta\u015f, T\u00fcpra\u015f Stad\u0131&#8217;nda Litvanya temsilcisi <strong>Kauno Zalgiris<\/strong>&#8216;i a\u011f\u0131rlarken, Trabzonspor ise Papara Park&#8217;ta Macaristan ekibi <strong>Ferencvaros<\/strong> ile kar\u015f\u0131 kar\u015f\u0131ya gelecek.<\/p>\n\n\n\n<p class=\"wp-block-paragraph\">\u0130ki temsilcimiz de sahas\u0131nda oynayaca\u011f\u0131 ilk kar\u015f\u0131la\u015fmadan galibiyetle ayr\u0131larak r\u00f6van\u015f \u00f6ncesinde avantaj sa\u011flamay\u0131 hedefliyor.<\/p>\n\n\n\n<h2 class=\"wp-block-heading\">BE\u015e\u0130KTA\u015e, KAUNO ZALGIRIS&#8217;\u0130 KONUK ED\u0130YOR<\/h2>\n\n\n\n<p class=\"wp-block-paragraph\">UEFA Avrupa Ligi&#8217;nde ikinci ve \u00fc\u00e7\u00fcnc\u00fc eleme turlar\u0131n\u0131 ge\u00e7erek play-off a\u015famas\u0131na y\u00fckselen Be\u015fikta\u015f, Kauno Zalgiris kar\u015f\u0131s\u0131nda tur i\u00e7in \u00f6nemli bir avantaj elde etmek istiyor.<\/p>\n\n\n\n<p class=\"wp-block-paragraph\">T\u00fcpra\u015f Stad\u0131&#8217;nda oynanacak kar\u015f\u0131la\u015fma <strong>saat 20.00&#8217;de<\/strong> ba\u015flayacak ve <strong>S Sport Plus&#8217;tan canl\u0131 yay\u0131nlanacak.<\/strong><\/p>\n\n\n\n<p class=\"wp-block-paragraph\">M\u00fccadeleyi Almanya Futbol Federasyonundan <strong>Tobias Stieler<\/strong> y\u00f6netecek. Stieler&#8217;in yard\u0131mc\u0131l\u0131klar\u0131n\u0131 Lasse Koslowski ve Jonas Weickenmeier yapacak.<\/p>\n\n\n\n<h3 class=\"wp-block-heading\">BE\u015e\u0130KTA\u015e &#8211; KAUNO ZALGIRIS MUHTEMEL 11&#8217;LER<\/h3>\n\n\n\n<p class=\"wp-block-paragraph\"><strong>Be\u015fikta\u015f:<\/strong> N\u00fcbel, Murillo, Djalo, Emirhan, R\u0131dvan, Salih, Cerny, Olaitan, Orkun, Trossard, Oh<\/p>\n\n\n\n<p class=\"wp-block-paragraph\"><strong>Kauno Zalgiris:<\/strong> Mikelionis, Moutachy, Tolordava, Lekiatas, Konatar, Karashima, Burba, Benchaib, Slivka, Krekovic, Oliveira<\/p>\n\n\n\n<h2 class=\"wp-block-heading\">TRABZONSPOR, FERENCVAROS KAR\u015eISINDA<\/h2>\n\n\n\n<p class=\"wp-block-paragraph\">UEFA Avrupa Ligi&#8217;nde m\u00fccadele edecek bir di\u011fer temsilcimiz Trabzonspor ise play-off turu ilk ma\u00e7\u0131nda <strong>Ferencvaros&#8217;u<\/strong> konuk edecek.<\/p>\n\n\n\n<p class=\"wp-block-paragraph\">Papara Park&#8217;ta oynanacak kar\u015f\u0131la\u015fma <strong>saat 20.00&#8217;de<\/strong> ba\u015flayacak ve <strong>ATV&#8217;den canl\u0131 yay\u0131nlanacak.<\/strong><\/p>\n\n\n\n<p class=\"wp-block-paragraph\">Kar\u015f\u0131la\u015fmay\u0131 H\u0131rvatistan Futbol Federasyonundan <strong>Igor Pajac<\/strong> y\u00f6netecek. Pajac&#8217;\u0131n yard\u0131mc\u0131l\u0131klar\u0131n\u0131 Bojan Zobenica ve Ivan Mihalj yapacak.<\/p>\n\n\n\n<p class=\"wp-block-paragraph\">Ge\u00e7en sezon Ziraat T\u00fcrkiye Kupas\u0131&#8217;n\u0131 kazanarak UEFA Avrupa Ligi&#8217;ne play-off turundan kat\u0131lma hakk\u0131 elde eden bordo-mavililer, Avrupa&#8217;daki ilk s\u0131nav\u0131nda Ferencvaros kar\u015f\u0131s\u0131nda galibiyet arayacak.<\/p>\n\n\n\n<h3 class=\"wp-block-heading\">TRABZONSPOR &#8211; FERENCVAROS MUHTEMEL 11&#8217;LER<\/h3>\n\n\n\n<p class=\"wp-block-paragraph\"><strong>Trabzonspor:<\/strong> Onana, Pina, Nwaiwu, Savic, Cabral, Bouchouari, Malinovskyi, Salah, Aral, Saviolo, Onuachu<\/p>\n\n\n\n<p class=\"wp-block-paragraph\"><strong>Ferencvaros:<\/strong> Dibusz, Osvath, Raemaekers, Gomez, Cadu, Corbu, Rommens, Zachariassen, Kanichowsky, Yusuf, Joseph<\/p>\n\n\n\n<h2 class=\"wp-block-heading\">\u0130K\u0130 TEMS\u0130LC\u0130M\u0130Z DE SAAT 20.00&#8217;DE<\/h2>\n\n\n\n<p class=\"wp-block-paragraph\">Be\u015fikta\u015f-Kauno Zalgiris ve Trabzonspor-Ferencvaros kar\u015f\u0131la\u015fmalar\u0131 <strong>ayn\u0131 saatte, 20.00&#8217;de<\/strong> ba\u015flayacak.<\/p>\n\n\n\n<p class=\"wp-block-paragraph\">\u0130ki temsilcimiz de taraftar\u0131n\u0131n deste\u011fiyle sahadan galibiyetle ayr\u0131larak r\u00f6van\u015f kar\u015f\u0131la\u015fmalar\u0131 \u00f6ncesinde \u00f6nemli bir avantaj elde etmeye \u00e7al\u0131\u015facak.<\/p>\n","protected":false},"excerpt":{"rendered":"<p>T\u00fcrk futbolunun iki temsilcisi Be\u015fikta\u015f ve Trabzonspor, UEFA Avrupa Ligi play-off turu ilk ma\u00e7lar\u0131nda bu&#8230;<\/p>\n","protected":false},"author":1,"featured_media":4492,"comment_status":"open","ping_status":"open","sticky":false,"template":"","format":"standard","meta":{"footnotes":""},"categories":[48],"tags":[],"ppma_author":[57],"class_list":["post-4491","post","type-post","status-publish","format-standard","has-post-thumbnail","hentry","category-spor"],"authors":[{"term_id":57,"user_id":1,"is_guest":0,"slug":"admin","display_name":"Alp Aslan","avatar_url":"https:\/\/secure.gravatar.com\/avatar\/07c18c5ad3350b025db8f3328450e071acb435c703e565899c880c63362f137a?s=96&d=mm&r=g","author_category":"1","first_name":"Alp Aslan","last_name":"ER\u0130N","user_url":"http:\/\/www.gundem59.com.tr","job_title":"","description":""}],"_links":{"self":[{"href":"https:\/\/gundem59.com.tr\/index.php?rest_route=\/wp\/v2\/posts\/4491","targetHints":{"allow":["GET"]}}],"collection":[{"href":"https:\/\/gundem59.com.tr\/index.php?rest_route=\/wp\/v2\/posts"}],"about":[{"href":"https:\/\/gundem59.com.tr\/index.php?rest_route=\/wp\/v2\/types\/post"}],"author":[{"embeddable":true,"href":"https:\/\/gundem59.com.tr\/index.php?rest_route=\/wp\/v2\/users\/1"}],"replies":[{"embeddable":true,"href":"https:\/\/gundem59.com.tr\/index.php?rest_route=%2Fwp%2Fv2%2Fcomments&post=4491"}],"version-history":[{"count":1,"href":"https:\/\/gundem59.com.tr\/index.php?rest_route=\/wp\/v2\/posts\/4491\/revisions"}],"predecessor-version":[{"id":4493,"href":"https:\/\/gundem59.com.tr\/index.php?rest_route=\/wp\/v2\/posts\/4491\/revisions\/4493"}],"wp:featuredmedia":[{"embeddable":true,"href":"https:\/\/gundem59.com.tr\/index.php?rest_route=\/wp\/v2\/media\/4492"}],"wp:attachment":[{"href":"https:\/\/gundem59.com.tr\/index.php?rest_route=%2Fwp%2Fv2%2Fmedia&parent=4491"}],"wp:term":[{"taxonomy":"category","embeddable":true,"href":"https:\/\/gundem59.com.tr\/index.php?rest_route=%2Fwp%2Fv2%2Fcategories&post=4491"},{"taxonomy":"post_tag","embeddable":true,"href":"https:\/\/gundem59.com.tr\/index.php?rest_route=%2Fwp%2Fv2%2Ftags&post=4491"},{"taxonomy":"author","embeddable":true,"href":"https:\/\/gundem59.com.tr\/index.php?rest_route=%2Fwp%2Fv2%2Fppma_author&post=4491"}],"curies":[{"name":"wp","href":"https:\/\/api.w.org\/{rel}","templated":true}]}}