{"id":4485,"date":"2026-08-20T10:52:30","date_gmt":"2026-08-20T10:52:30","guid":{"rendered":"https:\/\/gundem59.com.tr\/?p=4485"},"modified":"2026-08-20T10:52:30","modified_gmt":"2026-08-20T10:52:30","slug":"istanbulda-gece-50ye-yakin-deprem-oldu-uc-uzman-ayni-soruyu-yanitladi","status":"publish","type":"post","link":"https:\/\/gundem59.com.tr\/?p=4485","title":{"rendered":"\u0130stanbul&#8217;da Gece 50&#8217;ye Yak\u0131n Deprem Oldu! \u00dc\u00e7 Uzman Ayn\u0131 Soruyu Yan\u0131tlad\u0131"},"content":{"rendered":"\n<p class=\"wp-block-paragraph\">\u0130stanbul&#8217;un Adalar a\u00e7\u0131klar\u0131nda ba\u015flayan sismik hareketlilik gece boyunca devam etti. B\u00f6lgede, en b\u00fcy\u00fc\u011f\u00fc 2,5 olan 50&#8217;ye yak\u0131n k\u00fc\u00e7\u00fck sars\u0131nt\u0131 kaydedildi.<\/p>\n\n\n\n<p class=\"wp-block-paragraph\">Adalar a\u00e7\u0131klar\u0131nda d\u00fcn ba\u015flayan deprem hareketlili\u011fi gece saatlerinde de s\u00fcrd\u00fc. B\u00f6lgede meydana gelen sars\u0131nt\u0131lar, beklenen b\u00fcy\u00fck Marmara depremiyle ilgili tart\u0131\u015fmalar\u0131 yeniden g\u00fcndeme getirdi.<\/p>\n\n\n\n<h2 class=\"wp-block-heading\">GECE BOYUNCA 50&#8217;YE YAKIN SARSINTI<\/h2>\n\n\n\n<p class=\"wp-block-paragraph\">17 A\u011fustos 1999 depreminin 27&#8217;nci y\u0131l d\u00f6n\u00fcm\u00fcnden iki g\u00fcn sonra ba\u015flayan hareketlilik, \u00f6zellikle saat 16.08 sonras\u0131nda yo\u011funla\u015ft\u0131.<\/p>\n\n\n\n<p class=\"wp-block-paragraph\">Yakla\u015f\u0131k iki saatlik s\u00fcre\u00e7te meydana gelen 3,2 b\u00fcy\u00fckl\u00fc\u011f\u00fcndeki sars\u0131nt\u0131n\u0131n ard\u0131ndan b\u00f6lgede gece boyunca \u00e7ok say\u0131da k\u00fc\u00e7\u00fck deprem ya\u015fand\u0131.<\/p>\n\n\n\n<p class=\"wp-block-paragraph\">AFAD verilerine g\u00f6re, gece saatlerinde en b\u00fcy\u00fc\u011f\u00fc 2,5 olan 50&#8217;ye yak\u0131n mikro deprem kaydedildi.<\/p>\n\n\n\n<h2 class=\"wp-block-heading\">\u00dc\u00c7 UZMANDAN DEPREM HAREKETL\u0130L\u0130\u011e\u0130 DE\u011eERLEND\u0130RMES\u0130<\/h2>\n\n\n\n<p class=\"wp-block-paragraph\">Prof. Dr. Okan T\u00fcys\u00fcz, ya\u015fanan hareketlili\u011fin Adalar fay\u0131n\u0131n aktif oldu\u011funu g\u00f6sterdi\u011fini belirtti.<\/p>\n\n\n\n<p class=\"wp-block-paragraph\">T\u00fcys\u00fcz, her b\u00fcy\u00fck depremin ard\u0131ndan art\u00e7\u0131lar\u0131n meydana geldi\u011fini ancak her b\u00fcy\u00fck depremden \u00f6nce \u00f6nc\u00fc deprem ya\u015fanmad\u0131\u011f\u0131n\u0131 ifade etti.<\/p>\n\n\n\n<p class=\"wp-block-paragraph\">Prof. Dr. Ahmet Ercan ise yaln\u0131zca k\u00fc\u00e7\u00fck sars\u0131nt\u0131lar\u0131n say\u0131s\u0131na bak\u0131larak deprem tahmini yap\u0131lamayaca\u011f\u0131n\u0131 belirtti.<\/p>\n\n\n\n<p class=\"wp-block-paragraph\">Ercan, beklenen b\u00fcy\u00fck Marmara depremi i\u00e7in en fazla 2,5 metrelik tsunami dalgas\u0131 \u00f6ng\u00f6rd\u00fc\u011f\u00fcn\u00fc belirtirken, k\u0131r\u0131lma takvimi a\u00e7\u0131s\u0131ndan en erken 2045, en olas\u0131 d\u00f6nem olarak ise 2075 y\u0131l\u0131n\u0131 i\u015faret etti.<\/p>\n\n\n\n<h2 class=\"wp-block-heading\">&#8220;ADALAR FAYI YA\u015eLI VE \u00d6L\u00dc B\u0130R FAYDIR&#8221;<\/h2>\n\n\n\n<p class=\"wp-block-paragraph\">Yerbilimci Prof. Dr. \u015eener \u00dc\u015f\u00fcmezsoy, b\u00f6lgedeki hareketlili\u011fin ana fay hatt\u0131nda de\u011fil, b\u00f6lgeyi g\u00fcneyden kuzeye do\u011fru kesen ikincil ve \u00fc\u00e7\u00fcnc\u00fcl fay kollar\u0131nda meydana geldi\u011fini belirtti.<\/p>\n\n\n\n<p class=\"wp-block-paragraph\">\u00dc\u015f\u00fcmezsoy, bu fay kollar\u0131n\u0131n y\u0131k\u0131c\u0131 bir deprem \u00fcretecek stres birikimine sahip olmad\u0131\u011f\u0131n\u0131 ifade ederek, &#8220;Adalar fay\u0131 ya\u015fl\u0131 ve \u00f6l\u00fc bir fayd\u0131r. Buradan b\u00fcy\u00fck bir deprem \u00e7\u0131kmaz&#8221; dedi.<\/p>\n","protected":false},"excerpt":{"rendered":"<p>\u0130stanbul&#8217;un Adalar a\u00e7\u0131klar\u0131nda ba\u015flayan sismik hareketlilik gece boyunca devam etti. B\u00f6lgede, en b\u00fcy\u00fc\u011f\u00fc 2,5 olan&#8230;<\/p>\n","protected":false},"author":1,"featured_media":4486,"comment_status":"open","ping_status":"open","sticky":false,"template":"","format":"standard","meta":{"footnotes":""},"categories":[56],"tags":[],"ppma_author":[57],"class_list":["post-4485","post","type-post","status-publish","format-standard","has-post-thumbnail","hentry","category-guncel"],"authors":[{"term_id":57,"user_id":1,"is_guest":0,"slug":"admin","display_name":"Alp Aslan","avatar_url":"https:\/\/secure.gravatar.com\/avatar\/07c18c5ad3350b025db8f3328450e071acb435c703e565899c880c63362f137a?s=96&d=mm&r=g","author_category":"1","first_name":"Alp Aslan","last_name":"ER\u0130N","user_url":"http:\/\/www.gundem59.com.tr","job_title":"","description":""}],"_links":{"self":[{"href":"https:\/\/gundem59.com.tr\/index.php?rest_route=\/wp\/v2\/posts\/4485","targetHints":{"allow":["GET"]}}],"collection":[{"href":"https:\/\/gundem59.com.tr\/index.php?rest_route=\/wp\/v2\/posts"}],"about":[{"href":"https:\/\/gundem59.com.tr\/index.php?rest_route=\/wp\/v2\/types\/post"}],"author":[{"embeddable":true,"href":"https:\/\/gundem59.com.tr\/index.php?rest_route=\/wp\/v2\/users\/1"}],"replies":[{"embeddable":true,"href":"https:\/\/gundem59.com.tr\/index.php?rest_route=%2Fwp%2Fv2%2Fcomments&post=4485"}],"version-history":[{"count":1,"href":"https:\/\/gundem59.com.tr\/index.php?rest_route=\/wp\/v2\/posts\/4485\/revisions"}],"predecessor-version":[{"id":4487,"href":"https:\/\/gundem59.com.tr\/index.php?rest_route=\/wp\/v2\/posts\/4485\/revisions\/4487"}],"wp:featuredmedia":[{"embeddable":true,"href":"https:\/\/gundem59.com.tr\/index.php?rest_route=\/wp\/v2\/media\/4486"}],"wp:attachment":[{"href":"https:\/\/gundem59.com.tr\/index.php?rest_route=%2Fwp%2Fv2%2Fmedia&parent=4485"}],"wp:term":[{"taxonomy":"category","embeddable":true,"href":"https:\/\/gundem59.com.tr\/index.php?rest_route=%2Fwp%2Fv2%2Fcategories&post=4485"},{"taxonomy":"post_tag","embeddable":true,"href":"https:\/\/gundem59.com.tr\/index.php?rest_route=%2Fwp%2Fv2%2Ftags&post=4485"},{"taxonomy":"author","embeddable":true,"href":"https:\/\/gundem59.com.tr\/index.php?rest_route=%2Fwp%2Fv2%2Fppma_author&post=4485"}],"curies":[{"name":"wp","href":"https:\/\/api.w.org\/{rel}","templated":true}]}}