{"id":4479,"date":"2026-08-19T13:10:56","date_gmt":"2026-08-19T13:10:56","guid":{"rendered":"https:\/\/gundem59.com.tr\/?p=4479"},"modified":"2026-08-19T13:10:56","modified_gmt":"2026-08-19T13:10:56","slug":"ogretmenlere-onluk-zorunlulugu-getirildi","status":"publish","type":"post","link":"https:\/\/gundem59.com.tr\/?p=4479","title":{"rendered":"\u00d6\u011fretmenlere \u00d6nl\u00fck Zorunlulu\u011fu Getirildi"},"content":{"rendered":"\n<p class=\"wp-block-paragraph\">Milli E\u011fitim Bakan\u0131 Yusuf Tekin&#8217;in imzas\u0131yla 81 ilin milli e\u011fitim m\u00fcd\u00fcrl\u00fc\u011f\u00fcne g\u00f6nderilen genelgede, 2026-2027 e\u011fitim \u00f6\u011fretim y\u0131l\u0131 \u00f6ncesinde e\u011fitim \u00e7al\u0131\u015fanlar\u0131n\u0131n k\u0131l\u0131k ve k\u0131yafetlerine ili\u015fkin d\u00fczenlemelere yer verildi.<\/p>\n\n\n\n<p class=\"wp-block-paragraph\">14 Eyl\u00fcl 2026&#8217;da ba\u015flayacak yeni e\u011fitim \u00f6\u011fretim y\u0131l\u0131 \u00f6ncesinde yay\u0131mlanan genelgede, e\u011fitim y\u00f6neticileri, \u00f6\u011fretmenler ve e\u011fitim \u00e7al\u0131\u015fanlar\u0131n\u0131n g\u00f6revleri s\u0131ras\u0131nda \u00f6\u011fretmenlik mesle\u011finin sayg\u0131nl\u0131\u011f\u0131na, temsil sorumlulu\u011funa ve kamu hizmetinin ciddiyetine uygun hareket etmeleri istendi.<\/p>\n\n\n\n<h2 class=\"wp-block-heading\">\u00d6NL\u00dcK G\u0130Y\u0130LMES\u0130 TAL\u0130MATI<\/h2>\n\n\n\n<p class=\"wp-block-paragraph\">Genelgede k\u0131l\u0131k ve k\u0131yafet d\u00fczenlemesi kapsam\u0131nda e\u011fitim kurumu y\u00f6neticileri, \u00f6\u011fretmenler ve e\u011fitim \u00e7al\u0131\u015fanlar\u0131n\u0131n g\u00f6revlerini yerine getirirken mesle\u011fin vakar\u0131na ve toplumsal hassasiyetlere uygun k\u0131yafet tercih etmeleri ve \u00f6nl\u00fck giymeleri gerekti\u011fi belirtildi.<\/p>\n\n\n\n<p class=\"wp-block-paragraph\">Uygulamaya ili\u015fkin bilgilendirmelerin e\u011fitim \u00f6\u011fretim y\u0131l\u0131 ba\u015f\u0131nda ger\u00e7ekle\u015ftirilecek \u00d6\u011fretmenler Kurulu toplant\u0131lar\u0131nda yap\u0131laca\u011f\u0131 bildirildi.<\/p>\n\n\n\n<h2 class=\"wp-block-heading\">DENET\u0130M M\u0130LL\u0130 E\u011e\u0130T\u0130M M\u00dcD\u00dcRL\u00dcKLER\u0130NDE OLACAK<\/h2>\n\n\n\n<p class=\"wp-block-paragraph\">K\u0131l\u0131k ve k\u0131yafet d\u00fczenlemesinin uygulanmas\u0131 il ve il\u00e7e milli e\u011fitim m\u00fcd\u00fcrl\u00fckleri taraf\u0131ndan takip edilecek. Genelgede mevzuata ayk\u0131r\u0131 uygulamalara izin verilmeyece\u011fi belirtildi.<\/p>\n\n\n\n<p class=\"wp-block-paragraph\">Ayr\u0131ca okullar\u0131n g\u00fcvenli\u011fi, veli g\u00f6r\u00fc\u015fmeleri, \u00f6\u011frenci kay\u0131tlar\u0131, dijital ara\u00e7lar\u0131n kullan\u0131m\u0131 ve e\u011fitim ortamlar\u0131n\u0131n d\u00fczenlenmesine ili\u015fkin \u00e7e\u015fitli talimatlara da yer verildi.<\/p>\n\n\n\n<h2 class=\"wp-block-heading\">VEL\u0130LERDEN KAYIT \u00dcCRET\u0130 ALINMAYACAK<\/h2>\n\n\n\n<p class=\"wp-block-paragraph\">\u00d6\u011frenci kay\u0131tlar\u0131n\u0131n 2026-2027 E\u011fitim ve \u00d6\u011fretim Y\u0131l\u0131 Adrese Dayal\u0131 Kay\u0131t Sistemi kapsam\u0131nda e-Okul \u00fczerinden y\u00fcr\u00fct\u00fclece\u011fi belirtildi.<\/p>\n\n\n\n<p class=\"wp-block-paragraph\">Kay\u0131t s\u0131ras\u0131nda velilerden kay\u0131t paras\u0131 veya ba\u015fka bir ad alt\u0131nda zorunlu \u00fccret talep edilemeyece\u011fi vurguland\u0131. Bu y\u00f6ndeki \u015fik\u00e2yetlerin milli e\u011fitim m\u00fcd\u00fcrl\u00fcklerince takip edilece\u011fi ifade edildi.<\/p>\n\n\n\n<h2 class=\"wp-block-heading\">CEP TELEFONU UYGULAMASI S\u00dcRECEK<\/h2>\n\n\n\n<p class=\"wp-block-paragraph\">\u00d6\u011frencilerin s\u0131n\u0131f i\u00e7erisinde cep telefonu bulundurmamalar\u0131na y\u00f6nelik uygulaman\u0131n devam edece\u011fi bildirildi. \u00d6\u011fretmenlerin de s\u0131n\u0131f i\u00e7inde cep telefonu kullanmamas\u0131 istendi.<\/p>\n\n\n\n<p class=\"wp-block-paragraph\">Dijital ba\u011f\u0131ml\u0131l\u0131kla m\u00fccadele konusunda \u00f6\u011frencilerin bilin\u00e7lendirilmesi ve dijital ara\u00e7lar\u0131n e\u011fitim amac\u0131yla do\u011fru \u015fekilde kullan\u0131lmas\u0131 i\u00e7in rehberlik \u00e7al\u0131\u015fmalar\u0131na a\u011f\u0131rl\u0131k verilece\u011fi belirtildi.<\/p>\n\n\n\n<h2 class=\"wp-block-heading\">YEN\u0130 E\u011e\u0130T\u0130M YILINDA OYUN TEMASI<\/h2>\n\n\n\n<p class=\"wp-block-paragraph\">2026-2027 e\u011fitim \u00f6\u011fretim y\u0131l\u0131nda T\u00fcrkiye Y\u00fczy\u0131l\u0131 Maarif Modeli do\u011frultusunda &#8220;Maarifin Kalbinde Oyun&#8221; temas\u0131n\u0131n esas al\u0131naca\u011f\u0131 bildirildi.<\/p>\n\n\n\n<p class=\"wp-block-paragraph\">\u00c7ocuklar\u0131n \u00f6\u011frenme, geli\u015fim, sosyalle\u015fme ve kendilerini ifade etme s\u00fcre\u00e7lerinde oyunun \u00f6nemine dikkat \u00e7ekilirken, ya\u015f ve geli\u015fim \u00f6zelliklerine uygun geleneksel \u00e7ocuk oyunlar\u0131 ile \u00e7e\u015fitli oyun etkinliklerinin e\u011fitim s\u00fcre\u00e7lerinde kullan\u0131laca\u011f\u0131 belirtildi.<\/p>\n\n\n\n<h2 class=\"wp-block-heading\">\u00dcCRETS\u0130Z BAKANLIK KAYNAKLARI KULLANILACAK<\/h2>\n\n\n\n<p class=\"wp-block-paragraph\">Okullarda Bakanl\u0131k taraf\u0131ndan \u00fccretsiz da\u011f\u0131t\u0131lan kaynaklar d\u0131\u015f\u0131ndaki materyallerin kulland\u0131r\u0131lmamas\u0131 istendi.<\/p>\n\n\n\n<p class=\"wp-block-paragraph\">\u00d6\u011frencilerin k\u0131rtasiye ihtiya\u00e7lar\u0131 konusunda velilerin belirli markalara veya y\u00fcksek maliyetli \u00fcr\u00fcnlere y\u00f6nlendirilmemesi gerekti\u011fi belirtildi. Ayr\u0131ca velilere maddi y\u00fck olu\u015fturabilecek uygulamalardan ka\u00e7\u0131n\u0131lmas\u0131 ve okullarda reklam, tan\u0131t\u0131m ve y\u00f6nlendirme faaliyetlerine izin verilmemesi talimat\u0131 verildi.<\/p>\n\n\n\n<p class=\"wp-block-paragraph\">Genelgede ayr\u0131ca okul-aile i\u015f birli\u011finin g\u00fc\u00e7lendirilmesi, sosyal medya payla\u015f\u0131mlar\u0131nda pedagojik ve etik ilkelere uyulmas\u0131 ve okul etkinliklerinde kullan\u0131lacak materyallerin ilgili mevzuata uygun \u015fekilde belirlenmesi y\u00f6n\u00fcnde d\u00fczenlemeler yer ald\u0131.<\/p>\n","protected":false},"excerpt":{"rendered":"<p>Milli E\u011fitim Bakan\u0131 Yusuf Tekin&#8217;in imzas\u0131yla 81 ilin milli e\u011fitim m\u00fcd\u00fcrl\u00fc\u011f\u00fcne g\u00f6nderilen genelgede, 2026-2027 e\u011fitim&#8230;<\/p>\n","protected":false},"author":1,"featured_media":4480,"comment_status":"open","ping_status":"open","sticky":false,"template":"","format":"standard","meta":{"footnotes":""},"categories":[56],"tags":[],"ppma_author":[57],"class_list":["post-4479","post","type-post","status-publish","format-standard","has-post-thumbnail","hentry","category-guncel"],"authors":[{"term_id":57,"user_id":1,"is_guest":0,"slug":"admin","display_name":"Alp Aslan","avatar_url":"https:\/\/secure.gravatar.com\/avatar\/07c18c5ad3350b025db8f3328450e071acb435c703e565899c880c63362f137a?s=96&d=mm&r=g","author_category":"1","first_name":"Alp Aslan","last_name":"ER\u0130N","user_url":"http:\/\/www.gundem59.com.tr","job_title":"","description":""}],"_links":{"self":[{"href":"https:\/\/gundem59.com.tr\/index.php?rest_route=\/wp\/v2\/posts\/4479","targetHints":{"allow":["GET"]}}],"collection":[{"href":"https:\/\/gundem59.com.tr\/index.php?rest_route=\/wp\/v2\/posts"}],"about":[{"href":"https:\/\/gundem59.com.tr\/index.php?rest_route=\/wp\/v2\/types\/post"}],"author":[{"embeddable":true,"href":"https:\/\/gundem59.com.tr\/index.php?rest_route=\/wp\/v2\/users\/1"}],"replies":[{"embeddable":true,"href":"https:\/\/gundem59.com.tr\/index.php?rest_route=%2Fwp%2Fv2%2Fcomments&post=4479"}],"version-history":[{"count":1,"href":"https:\/\/gundem59.com.tr\/index.php?rest_route=\/wp\/v2\/posts\/4479\/revisions"}],"predecessor-version":[{"id":4481,"href":"https:\/\/gundem59.com.tr\/index.php?rest_route=\/wp\/v2\/posts\/4479\/revisions\/4481"}],"wp:featuredmedia":[{"embeddable":true,"href":"https:\/\/gundem59.com.tr\/index.php?rest_route=\/wp\/v2\/media\/4480"}],"wp:attachment":[{"href":"https:\/\/gundem59.com.tr\/index.php?rest_route=%2Fwp%2Fv2%2Fmedia&parent=4479"}],"wp:term":[{"taxonomy":"category","embeddable":true,"href":"https:\/\/gundem59.com.tr\/index.php?rest_route=%2Fwp%2Fv2%2Fcategories&post=4479"},{"taxonomy":"post_tag","embeddable":true,"href":"https:\/\/gundem59.com.tr\/index.php?rest_route=%2Fwp%2Fv2%2Ftags&post=4479"},{"taxonomy":"author","embeddable":true,"href":"https:\/\/gundem59.com.tr\/index.php?rest_route=%2Fwp%2Fv2%2Fppma_author&post=4479"}],"curies":[{"name":"wp","href":"https:\/\/api.w.org\/{rel}","templated":true}]}}