{"id":4476,"date":"2026-08-19T13:04:57","date_gmt":"2026-08-19T13:04:57","guid":{"rendered":"https:\/\/gundem59.com.tr\/?p=4476"},"modified":"2026-08-19T13:04:57","modified_gmt":"2026-08-19T13:04:57","slug":"sivasta-kene-alarmi-kkka-nedeniyle-can-kaybi-13e-yukseldi","status":"publish","type":"post","link":"https:\/\/gundem59.com.tr\/?p=4476","title":{"rendered":"Sivas&#8217;ta Kene Alarm\u0131: KKKA Nedeniyle Can Kayb\u0131 13&#8217;e Y\u00fckseldi"},"content":{"rendered":"\n<p class=\"wp-block-paragraph\">Sivas&#8217;\u0131n Y\u0131ld\u0131zeli il\u00e7esinde kene temas\u0131 sonras\u0131 K\u0131r\u0131m Kongo Kanamal\u0131 Ate\u015fi (KKKA) \u015f\u00fcphesiyle tedavi alt\u0131na al\u0131nan 32 ya\u015f\u0131ndaki \u00e7ift\u00e7i Aziz Kaya, ya\u015fam\u0131n\u0131 yitirdi. Kaya&#8217;n\u0131n \u00f6l\u00fcm\u00fcyle birlikte Sivas&#8217;ta bu y\u0131l kene kaynakl\u0131 hayat\u0131n\u0131 kaybedenlerin say\u0131s\u0131 13&#8217;e y\u00fckseldi.<\/p>\n\n\n\n<p class=\"wp-block-paragraph\">Y\u0131ld\u0131zeli il\u00e7esine ba\u011fl\u0131 Belcik k\u00f6y\u00fcnde \u00e7ift\u00e7ilik yapan, evli ve iki \u00e7ocuk babas\u0131 Aziz Kaya&#8217;n\u0131n yakla\u015f\u0131k 20 g\u00fcn \u00f6nce v\u00fccuduna kene tutundu. Bir s\u00fcre sonra y\u00fcksek ate\u015f, kusma ve halsizlik \u015fikayetleri ba\u015flayan Kaya, sa\u011fl\u0131k durumunun a\u011f\u0131rla\u015fmas\u0131 \u00fczerine Sivas Cumhuriyet \u00dcniversitesi T\u0131p Fak\u00fcltesi Hastanesi&#8217;ne kald\u0131r\u0131ld\u0131.<\/p>\n\n\n\n<h2 class=\"wp-block-heading\">YO\u011eUN BAKIMDA HAYATINI KAYBETT\u0130<\/h2>\n\n\n\n<p class=\"wp-block-paragraph\">KKKA \u015f\u00fcphesiyle anestezi ve yo\u011fun bak\u0131m \u00fcnitesinde tedaviye al\u0131nan Kaya, doktorlar\u0131n t\u00fcm m\u00fcdahalelerine ra\u011fmen kurtar\u0131lamad\u0131.<\/p>\n\n\n\n<p class=\"wp-block-paragraph\">Kaya&#8217;n\u0131n cenazesi hastane morgunda yap\u0131lan i\u015flemlerin ard\u0131ndan ailesine teslim edildi. 32 ya\u015f\u0131ndaki \u00e7ift\u00e7inin cenazesi, defnedilmek \u00fczere Belcik k\u00f6y\u00fcne g\u00f6t\u00fcr\u00fcld\u00fc.<\/p>\n\n\n\n<h2 class=\"wp-block-heading\">S\u0130VAS&#8217;TA CAN KAYBI 13&#8217;E ULA\u015eTI<\/h2>\n\n\n\n<p class=\"wp-block-paragraph\">Aziz Kaya&#8217;n\u0131n hayat\u0131n\u0131 kaybetmesiyle birlikte Sivas Cumhuriyet \u00dcniversitesi T\u0131p Fak\u00fcltesi Hastanesi&#8217;nde bu y\u0131l KKKA nedeniyle ya\u015fam\u0131n\u0131 yitirenlerin say\u0131s\u0131n\u0131n 13&#8217;e y\u00fckseldi\u011fi bildirildi.<\/p>\n\n\n\n<p class=\"wp-block-paragraph\">Sivas&#8217;\u0131n yan\u0131 s\u0131ra \u00e7evre illerden, \u00f6zellikle Tokat&#8217;tan sevk edilen hastalar\u0131n da tedavi g\u00f6rd\u00fc\u011f\u00fc hastanede, kene kaynakl\u0131 vakalar nedeniyle tedaviler s\u00fcr\u00fcyor.<\/p>\n\n\n\n<h2 class=\"wp-block-heading\">KENE TEMASINA KAR\u015eI UYARI<\/h2>\n\n\n\n<p class=\"wp-block-paragraph\">KKKA riskine kar\u015f\u0131 \u00f6zellikle k\u0131rsal ve tar\u0131m alanlar\u0131nda bulunan vatanda\u015flar\u0131n kene temas\u0131na kar\u015f\u0131 dikkatli olmas\u0131 \u00f6nem ta\u015f\u0131yor.<\/p>\n\n\n\n<p class=\"wp-block-paragraph\">V\u00fccuda yap\u0131\u015fan kenenin \u00e7\u0131plak elle \u00e7\u0131kar\u0131lmamas\u0131, uygun \u015fekilde \u00e7\u0131kar\u0131lmas\u0131 ve kene temas\u0131 sonras\u0131nda ate\u015f, halsizlik, kusma gibi belirtiler g\u00f6r\u00fclmesi halinde vakit kaybetmeden sa\u011fl\u0131k kurulu\u015funa ba\u015fvurulmas\u0131 gerekiyor.<\/p>\n","protected":false},"excerpt":{"rendered":"<p>Sivas&#8217;\u0131n Y\u0131ld\u0131zeli il\u00e7esinde kene temas\u0131 sonras\u0131 K\u0131r\u0131m Kongo Kanamal\u0131 Ate\u015fi (KKKA) \u015f\u00fcphesiyle tedavi alt\u0131na al\u0131nan&#8230;<\/p>\n","protected":false},"author":1,"featured_media":4477,"comment_status":"open","ping_status":"open","sticky":false,"template":"","format":"standard","meta":{"footnotes":""},"categories":[56],"tags":[],"ppma_author":[57],"class_list":["post-4476","post","type-post","status-publish","format-standard","has-post-thumbnail","hentry","category-guncel"],"authors":[{"term_id":57,"user_id":1,"is_guest":0,"slug":"admin","display_name":"Alp Aslan","avatar_url":"https:\/\/secure.gravatar.com\/avatar\/07c18c5ad3350b025db8f3328450e071acb435c703e565899c880c63362f137a?s=96&d=mm&r=g","author_category":"1","first_name":"Alp Aslan","last_name":"ER\u0130N","user_url":"http:\/\/www.gundem59.com.tr","job_title":"","description":""}],"_links":{"self":[{"href":"https:\/\/gundem59.com.tr\/index.php?rest_route=\/wp\/v2\/posts\/4476","targetHints":{"allow":["GET"]}}],"collection":[{"href":"https:\/\/gundem59.com.tr\/index.php?rest_route=\/wp\/v2\/posts"}],"about":[{"href":"https:\/\/gundem59.com.tr\/index.php?rest_route=\/wp\/v2\/types\/post"}],"author":[{"embeddable":true,"href":"https:\/\/gundem59.com.tr\/index.php?rest_route=\/wp\/v2\/users\/1"}],"replies":[{"embeddable":true,"href":"https:\/\/gundem59.com.tr\/index.php?rest_route=%2Fwp%2Fv2%2Fcomments&post=4476"}],"version-history":[{"count":1,"href":"https:\/\/gundem59.com.tr\/index.php?rest_route=\/wp\/v2\/posts\/4476\/revisions"}],"predecessor-version":[{"id":4478,"href":"https:\/\/gundem59.com.tr\/index.php?rest_route=\/wp\/v2\/posts\/4476\/revisions\/4478"}],"wp:featuredmedia":[{"embeddable":true,"href":"https:\/\/gundem59.com.tr\/index.php?rest_route=\/wp\/v2\/media\/4477"}],"wp:attachment":[{"href":"https:\/\/gundem59.com.tr\/index.php?rest_route=%2Fwp%2Fv2%2Fmedia&parent=4476"}],"wp:term":[{"taxonomy":"category","embeddable":true,"href":"https:\/\/gundem59.com.tr\/index.php?rest_route=%2Fwp%2Fv2%2Fcategories&post=4476"},{"taxonomy":"post_tag","embeddable":true,"href":"https:\/\/gundem59.com.tr\/index.php?rest_route=%2Fwp%2Fv2%2Ftags&post=4476"},{"taxonomy":"author","embeddable":true,"href":"https:\/\/gundem59.com.tr\/index.php?rest_route=%2Fwp%2Fv2%2Fppma_author&post=4476"}],"curies":[{"name":"wp","href":"https:\/\/api.w.org\/{rel}","templated":true}]}}