{"id":4468,"date":"2026-08-19T12:59:31","date_gmt":"2026-08-19T12:59:31","guid":{"rendered":"https:\/\/gundem59.com.tr\/?p=4468"},"modified":"2026-08-19T14:34:51","modified_gmt":"2026-08-19T14:34:51","slug":"burcu-ozberk-kapadokyaya-gitti-ilk-isi-bakin-ne-oldu","status":"publish","type":"post","link":"https:\/\/gundem59.com.tr\/?p=4468","title":{"rendered":"Burcu \u00d6zberk Kapadokya&#8217;ya Gitti! \u0130lk \u0130\u015fi Bak\u0131n Ne Oldu"},"content":{"rendered":"\n<p class=\"wp-block-paragraph\">\u00dcnl\u00fc oyuncu Burcu \u00d6zberk, yeni dizisi &#8220;Anne Yar\u0131s\u0131&#8221;n\u0131n \u00e7ekimleri i\u00e7in Kapadokya&#8217;ya gitti. Set aralar\u0131nda y\u00f6re halk\u0131yla bir araya gelen \u00d6zberk, mutfakta yapt\u0131\u011f\u0131 haz\u0131rl\u0131klarla dikkat \u00e7ekti.<\/p>\n\n\n\n<p class=\"wp-block-paragraph\">&#8220;G\u00fcne\u015fin K\u0131zlar\u0131&#8221; dizisindeki Nazl\u0131 karakteriyle tan\u0131nan Burcu \u00d6zberk, daha sonra &#8220;Afili A\u015fk&#8221; ve &#8220;A\u015fk Mant\u0131k \u0130ntikam&#8221; gibi yap\u0131mlarda rol ald\u0131. Oyuncu, \u015fimdi ise Cihangir Ceyhan ile ba\u015frol\u00fcn\u00fc payla\u015ft\u0131\u011f\u0131 &#8220;Anne Yar\u0131s\u0131&#8221; dizisi i\u00e7in kamera kar\u015f\u0131s\u0131na ge\u00e7iyor.<\/p>\n\n\n\n<figure class=\"wp-block-image size-full\"><img  title=\"\" loading=\"lazy\" decoding=\"async\" width=\"640\" height=\"799\" src=\"https:\/\/gundem59.com.tr\/wp-content\/uploads\/2026\/08\/burcu-ozberk-kapadokyaya-gitti-57a8605b7c-8684_1_m.webp\"  alt=\"burcu-ozberk-kapadokyaya-gitti-57a8605b7c-8684_1_m Burcu \u00d6zberk Kapadokya&#039;ya Gitti! \u0130lk \u0130\u015fi Bak\u0131n Ne Oldu\"  class=\"wp-image-4470\" srcset=\"https:\/\/gundem59.com.tr\/wp-content\/uploads\/2026\/08\/burcu-ozberk-kapadokyaya-gitti-57a8605b7c-8684_1_m.webp 640w, https:\/\/gundem59.com.tr\/wp-content\/uploads\/2026\/08\/burcu-ozberk-kapadokyaya-gitti-57a8605b7c-8684_1_m-240x300.webp 240w\" sizes=\"auto, (max-width: 640px) 100vw, 640px\" \/><\/figure>\n\n\n\n<h2 class=\"wp-block-heading\">Y\u00d6RE HALKIYLA B\u0130RL\u0130KTE YUFKA A\u00c7TI<\/h2>\n\n\n\n<p class=\"wp-block-paragraph\">Dizinin \u00e7ekimleri i\u00e7in Kapadokya&#8217;da bulunan \u00d6zberk, set aralar\u0131nda b\u00f6lge kad\u0131nlar\u0131yla bir araya geldi.<\/p>\n\n\n\n<p class=\"wp-block-paragraph\">Mutfakta y\u00f6re halk\u0131na e\u015flik eden oyuncu, oklavay\u0131 eline alarak yufka a\u00e7t\u0131. \u00d6zberk, kad\u0131nlarla birlikte y\u00f6resel yemek haz\u0131rl\u0131klar\u0131na da kat\u0131ld\u0131.<\/p>\n\n\n\n<figure class=\"wp-block-image size-full\"><img  title=\"\" loading=\"lazy\" decoding=\"async\" width=\"640\" height=\"778\" src=\"https:\/\/gundem59.com.tr\/wp-content\/uploads\/2026\/08\/20260819_1ce0e60f020149b682326aee81b6f460.webp\"  alt=\"20260819_1ce0e60f020149b682326aee81b6f460 Burcu \u00d6zberk Kapadokya&#039;ya Gitti! \u0130lk \u0130\u015fi Bak\u0131n Ne Oldu\"  class=\"wp-image-4471\" srcset=\"https:\/\/gundem59.com.tr\/wp-content\/uploads\/2026\/08\/20260819_1ce0e60f020149b682326aee81b6f460.webp 640w, https:\/\/gundem59.com.tr\/wp-content\/uploads\/2026\/08\/20260819_1ce0e60f020149b682326aee81b6f460-247x300.webp 247w\" sizes=\"auto, (max-width: 640px) 100vw, 640px\" \/><\/figure>\n\n\n\n<h2 class=\"wp-block-heading\">KABAK \u00c7\u0130\u00c7E\u011e\u0130 DOLMASI HAZIRLADI<\/h2>\n\n\n\n<p class=\"wp-block-paragraph\">Burcu \u00d6zberk, kabak \u00e7i\u00e7e\u011fi dolmas\u0131 i\u00e7in yap\u0131lan haz\u0131rl\u0131klara da yard\u0131m etti. K\u0131\u015fl\u0131k haz\u0131rl\u0131klar s\u0131ras\u0131nda y\u00f6re kad\u0131nlar\u0131yla birlikte \u00e7al\u0131\u015fan oyuncu, Kapadokya&#8217;daki bu anlar\u0131n\u0131 sosyal medya hesab\u0131ndan takip\u00e7ileriyle payla\u015ft\u0131.<\/p>\n\n\n\n<p class=\"wp-block-paragraph\">\u00d6zberk&#8217;\u00fcn set d\u0131\u015f\u0131ndaki bu g\u00f6r\u00fcnt\u00fcleri, oyuncunun b\u00f6lge halk\u0131yla ge\u00e7irdi\u011fi keyifli anlar\u0131 da ortaya koydu.<\/p>\n","protected":false},"excerpt":{"rendered":"<p>\u00dcnl\u00fc oyuncu Burcu \u00d6zberk, yeni dizisi &#8220;Anne Yar\u0131s\u0131&#8221;n\u0131n \u00e7ekimleri i\u00e7in Kapadokya&#8217;ya gitti. Set aralar\u0131nda y\u00f6re&#8230;<\/p>\n","protected":false},"author":1,"featured_media":4469,"comment_status":"open","ping_status":"open","sticky":false,"template":"","format":"standard","meta":{"footnotes":""},"categories":[51],"tags":[],"ppma_author":[57],"class_list":["post-4468","post","type-post","status-publish","format-standard","has-post-thumbnail","hentry","category-magazin"],"authors":[{"term_id":57,"user_id":1,"is_guest":0,"slug":"admin","display_name":"Alp Aslan","avatar_url":"https:\/\/secure.gravatar.com\/avatar\/07c18c5ad3350b025db8f3328450e071acb435c703e565899c880c63362f137a?s=96&d=mm&r=g","author_category":"1","first_name":"Alp Aslan","last_name":"ER\u0130N","user_url":"http:\/\/www.gundem59.com.tr","job_title":"","description":""}],"_links":{"self":[{"href":"https:\/\/gundem59.com.tr\/index.php?rest_route=\/wp\/v2\/posts\/4468","targetHints":{"allow":["GET"]}}],"collection":[{"href":"https:\/\/gundem59.com.tr\/index.php?rest_route=\/wp\/v2\/posts"}],"about":[{"href":"https:\/\/gundem59.com.tr\/index.php?rest_route=\/wp\/v2\/types\/post"}],"author":[{"embeddable":true,"href":"https:\/\/gundem59.com.tr\/index.php?rest_route=\/wp\/v2\/users\/1"}],"replies":[{"embeddable":true,"href":"https:\/\/gundem59.com.tr\/index.php?rest_route=%2Fwp%2Fv2%2Fcomments&post=4468"}],"version-history":[{"count":1,"href":"https:\/\/gundem59.com.tr\/index.php?rest_route=\/wp\/v2\/posts\/4468\/revisions"}],"predecessor-version":[{"id":4472,"href":"https:\/\/gundem59.com.tr\/index.php?rest_route=\/wp\/v2\/posts\/4468\/revisions\/4472"}],"wp:featuredmedia":[{"embeddable":true,"href":"https:\/\/gundem59.com.tr\/index.php?rest_route=\/wp\/v2\/media\/4469"}],"wp:attachment":[{"href":"https:\/\/gundem59.com.tr\/index.php?rest_route=%2Fwp%2Fv2%2Fmedia&parent=4468"}],"wp:term":[{"taxonomy":"category","embeddable":true,"href":"https:\/\/gundem59.com.tr\/index.php?rest_route=%2Fwp%2Fv2%2Fcategories&post=4468"},{"taxonomy":"post_tag","embeddable":true,"href":"https:\/\/gundem59.com.tr\/index.php?rest_route=%2Fwp%2Fv2%2Ftags&post=4468"},{"taxonomy":"author","embeddable":true,"href":"https:\/\/gundem59.com.tr\/index.php?rest_route=%2Fwp%2Fv2%2Fppma_author&post=4468"}],"curies":[{"name":"wp","href":"https:\/\/api.w.org\/{rel}","templated":true}]}}