{"id":4465,"date":"2026-08-19T12:52:18","date_gmt":"2026-08-19T12:52:18","guid":{"rendered":"https:\/\/gundem59.com.tr\/?p=4465"},"modified":"2026-08-19T12:52:19","modified_gmt":"2026-08-19T12:52:19","slug":"alihan-kurisin-gizli-hat-iddiasi-baskasinin-adina-kayitli-gsm-hatti-kullandigi-one-suruldu","status":"publish","type":"post","link":"https:\/\/gundem59.com.tr\/?p=4465","title":{"rendered":"Alihan Kuri\u015f&#8217;in &#8220;Gizli Hat&#8221; \u0130ddias\u0131: Ba\u015fkas\u0131n\u0131n Ad\u0131na Kay\u0131tl\u0131 GSM Hatt\u0131 Kulland\u0131\u011f\u0131 \u00d6ne S\u00fcr\u00fcld\u00fc"},"content":{"rendered":"\n<p class=\"wp-block-paragraph\">Ankara Cumhuriyet Ba\u015fsavc\u0131l\u0131\u011f\u0131 taraf\u0131ndan y\u00fcr\u00fct\u00fclen soru\u015fturma kapsam\u0131nda, Alihan Kuri\u015f&#8217;in teknik ve fiziki takibin \u00f6n\u00fcne ge\u00e7mek amac\u0131yla ba\u015fkas\u0131 ad\u0131na kay\u0131tl\u0131 GSM hatlar\u0131 kulland\u0131\u011f\u0131n\u0131n tespit edildi\u011fi bildirildi.<\/p>\n\n\n\n<p class=\"wp-block-paragraph\">Ba\u015fsavc\u0131l\u0131\u011f\u0131n a\u00e7\u0131klamas\u0131na g\u00f6re, Kuri\u015f&#8217;in ileti\u015fim trafi\u011fini gizlemek amac\u0131yla G\u00f6knur G\u0131da \u015firketinde sigortal\u0131 olarak \u00e7al\u0131\u015fan A.K. ad\u0131na kay\u0131tl\u0131 bir GSM hatt\u0131n\u0131 kulland\u0131\u011f\u0131 belirlendi.<\/p>\n\n\n\n<h2 class=\"wp-block-heading\">TAK\u0130PTEN KA\u00c7MAK \u0130\u00c7\u0130N G\u0130ZL\u0130L\u0130K TEDB\u0130RLER\u0130 \u0130DD\u0130ASI<\/h2>\n\n\n\n<p class=\"wp-block-paragraph\">Ankara Cumhuriyet Ba\u015fsavc\u0131l\u0131\u011f\u0131 koordinesinde y\u00fcr\u00fct\u00fclen soru\u015fturma kapsam\u0131nda yap\u0131lan incelemelerde, Kuri\u015f&#8217;in g\u00fcvenlik g\u00fc\u00e7lerinin teknik ve fiziki takibinden ka\u00e7\u0131nmak amac\u0131yla \u00e7e\u015fitli gizlilik y\u00f6ntemlerine ba\u015fvurdu\u011fu \u00f6ne s\u00fcr\u00fcld\u00fc.<\/p>\n\n\n\n<p class=\"wp-block-paragraph\">Soru\u015fturma dosyas\u0131ndaki tespitlere g\u00f6re Kuri\u015f&#8217;in, kendi ad\u0131na kay\u0131tl\u0131 olmayan GSM hatlar\u0131ndan biri \u00fczerinden ileti\u015fim kurdu\u011fu belirtildi.<\/p>\n\n\n\n<h2 class=\"wp-block-heading\">G\u00d6KNUR GIDA \u00c7ALI\u015eANININ \u00dcZER\u0130NE KAYITLI HAT<\/h2>\n\n\n\n<p class=\"wp-block-paragraph\">Ba\u015fsavc\u0131l\u0131\u011f\u0131n a\u00e7\u0131klamas\u0131nda, Kuri\u015f&#8217;in y\u00fczde 13,43 hissesi hakk\u0131nda tedbir karar\u0131 bulunan G\u00f6knur G\u0131da \u015firketinde sigortal\u0131 olarak \u00e7al\u0131\u015fan A.K. isimli ki\u015fi ad\u0131na kay\u0131tl\u0131 GSM hatt\u0131n\u0131 kulland\u0131\u011f\u0131n\u0131n tespit edildi\u011fi aktar\u0131ld\u0131.<\/p>\n\n\n\n<p class=\"wp-block-paragraph\">S\u00f6z konusu hatt\u0131n Kuri\u015f taraf\u0131ndan fiilen kullan\u0131ld\u0131\u011f\u0131 ve baz\u0131 ileti\u015fimlerin bu numara \u00fczerinden ger\u00e7ekle\u015ftirildi\u011fi iddia edildi.<\/p>\n\n\n\n<h2 class=\"wp-block-heading\">\u0130FADELER\u0130 DE SORU\u015eTURMAYA KONU OLDU<\/h2>\n\n\n\n<p class=\"wp-block-paragraph\">Soru\u015fturma kapsam\u0131nda Kuri\u015f&#8217;in emniyet ve savc\u0131l\u0131k ifadelerinin de incelendi\u011fi bildirildi.<\/p>\n\n\n\n<p class=\"wp-block-paragraph\">Ba\u015fsavc\u0131l\u0131\u011f\u0131n a\u00e7\u0131klamas\u0131nda, Kuri\u015f&#8217;in s\u00f6z konusu hat kullan\u0131m\u0131 ve ileti\u015fimlerine ili\u015fkin ifadelerinde ger\u00e7e\u011fe ayk\u0131r\u0131 beyanda bulundu\u011funun tespit edildi\u011fi belirtildi.<\/p>\n\n\n\n<h2 class=\"wp-block-heading\">BA\u015eSAVCILIKTAN A\u00c7IKLAMA<\/h2>\n\n\n\n<p class=\"wp-block-paragraph\">Ankara Cumhuriyet Ba\u015fsavc\u0131l\u0131\u011f\u0131 taraf\u0131ndan yap\u0131lan a\u00e7\u0131klamada, soru\u015fturma kapsam\u0131nda Kuri\u015f&#8217;in gizlilik tedbirleri uygulad\u0131\u011f\u0131, takip edilmemek amac\u0131yla ba\u015fkalar\u0131 ad\u0131na kay\u0131tl\u0131 hatlar kulland\u0131\u011f\u0131 ve G\u00f6knur G\u0131da \u00e7al\u0131\u015fan\u0131 A.K. ad\u0131na kay\u0131tl\u0131 GSM hatt\u0131n\u0131 fiilen kulland\u0131\u011f\u0131n\u0131n tespit edildi\u011fi ifade edildi.<\/p>\n\n\n\n<p class=\"wp-block-paragraph\">Soru\u015fturman\u0131n \u00e7ok y\u00f6nl\u00fc olarak s\u00fcrd\u00fcr\u00fcld\u00fc\u011f\u00fc bildirildi.<\/p>\n","protected":false},"excerpt":{"rendered":"<p>Ankara Cumhuriyet Ba\u015fsavc\u0131l\u0131\u011f\u0131 taraf\u0131ndan y\u00fcr\u00fct\u00fclen soru\u015fturma kapsam\u0131nda, Alihan Kuri\u015f&#8217;in teknik ve fiziki takibin \u00f6n\u00fcne ge\u00e7mek&#8230;<\/p>\n","protected":false},"author":1,"featured_media":4466,"comment_status":"open","ping_status":"open","sticky":false,"template":"","format":"standard","meta":{"footnotes":""},"categories":[56],"tags":[],"ppma_author":[57],"class_list":["post-4465","post","type-post","status-publish","format-standard","has-post-thumbnail","hentry","category-guncel"],"authors":[{"term_id":57,"user_id":1,"is_guest":0,"slug":"admin","display_name":"Alp Aslan","avatar_url":"https:\/\/secure.gravatar.com\/avatar\/07c18c5ad3350b025db8f3328450e071acb435c703e565899c880c63362f137a?s=96&d=mm&r=g","author_category":"1","first_name":"Alp Aslan","last_name":"ER\u0130N","user_url":"http:\/\/www.gundem59.com.tr","job_title":"","description":""}],"_links":{"self":[{"href":"https:\/\/gundem59.com.tr\/index.php?rest_route=\/wp\/v2\/posts\/4465","targetHints":{"allow":["GET"]}}],"collection":[{"href":"https:\/\/gundem59.com.tr\/index.php?rest_route=\/wp\/v2\/posts"}],"about":[{"href":"https:\/\/gundem59.com.tr\/index.php?rest_route=\/wp\/v2\/types\/post"}],"author":[{"embeddable":true,"href":"https:\/\/gundem59.com.tr\/index.php?rest_route=\/wp\/v2\/users\/1"}],"replies":[{"embeddable":true,"href":"https:\/\/gundem59.com.tr\/index.php?rest_route=%2Fwp%2Fv2%2Fcomments&post=4465"}],"version-history":[{"count":1,"href":"https:\/\/gundem59.com.tr\/index.php?rest_route=\/wp\/v2\/posts\/4465\/revisions"}],"predecessor-version":[{"id":4467,"href":"https:\/\/gundem59.com.tr\/index.php?rest_route=\/wp\/v2\/posts\/4465\/revisions\/4467"}],"wp:featuredmedia":[{"embeddable":true,"href":"https:\/\/gundem59.com.tr\/index.php?rest_route=\/wp\/v2\/media\/4466"}],"wp:attachment":[{"href":"https:\/\/gundem59.com.tr\/index.php?rest_route=%2Fwp%2Fv2%2Fmedia&parent=4465"}],"wp:term":[{"taxonomy":"category","embeddable":true,"href":"https:\/\/gundem59.com.tr\/index.php?rest_route=%2Fwp%2Fv2%2Fcategories&post=4465"},{"taxonomy":"post_tag","embeddable":true,"href":"https:\/\/gundem59.com.tr\/index.php?rest_route=%2Fwp%2Fv2%2Ftags&post=4465"},{"taxonomy":"author","embeddable":true,"href":"https:\/\/gundem59.com.tr\/index.php?rest_route=%2Fwp%2Fv2%2Fppma_author&post=4465"}],"curies":[{"name":"wp","href":"https:\/\/api.w.org\/{rel}","templated":true}]}}